{"id":325095,"date":"2025-08-17T15:15:16","date_gmt":"2025-08-17T15:15:16","guid":{"rendered":"https:\/\/www.europesays.com\/fr\/325095\/"},"modified":"2025-08-17T15:15:16","modified_gmt":"2025-08-17T15:15:16","slug":"a-obterre-les-petites-mains-et-les-grandes-idees-de-la-fete-du-houblon","status":"publish","type":"post","link":"https:\/\/www.europesays.com\/fr\/325095\/","title":{"rendered":"\u00e0 Obterre, les petites mains et les grandes id\u00e9es de la f\u00eate du Houblon"},"content":{"rendered":"<p>Dire que la <a target=\"_self\" href=\"https:\/\/www.lanouvellerepublique.fr\/indre\/commune\/obterre\/a-obterre-la-51e-fete-du-houblon-se-prepare-pour-trois-jours-d-animations\" rel=\"noopener\">F\u00eate du Houblon<\/a> doit son succ\u00e8s \u00e0 une vieille histoire ne suffit pas. Voil\u00e0 bien des ann\u00e9es que la plante s\u2019est fait chasser du terroir et si sa vitalit\u00e9 persiste le long de quelques haies, t\u00e9moignant d\u2019une \u00e9poque r\u00e9volue, c\u2019est bien l\u2019humain qu\u2019il faut ajouter \u00e0 la formule de ce rendez-vous si l\u2019on veut expliquer pourquoi des personnes de toute la France viennent et reviennent \u00e0 Obterre (<a target=\"_self\" href=\"https:\/\/www.lanouvellerepublique.fr\/indre\" rel=\"noopener\">Indre<\/a>), chaque fin d\u2019ao\u00fbt.<\/p>\n<p>\u00ab\u00a0Relever le d\u00e9fi de chaque nouvelle \u00e9dition serait impossible sans la vitalit\u00e9 des b\u00e9n\u00e9voles et les liens d\u2019amiti\u00e9 qui nous lient\u00a0\u00bb, insiste Elie Paulmier, ajoutant que c\u2019est d\u00e8s le rangement de la pr\u00e9c\u00e9dente que l\u2019on imagine la f\u00eate suivante. \u00ab\u00a0On se pr\u00e9pare un an \u00e0 l\u2019avance et \u00e7a commence en octobre, avec les contrats musicaux.\u00a0\u00bb<\/p>\n<p>L\u2019engagement de plusieurs g\u00e9n\u00e9rations<\/p>\n<p>Concr\u00e8tement\u00a0: un noyau associatif compos\u00e9 de 20 personnes travaille en amont, rejoint par quelque 150 b\u00e9n\u00e9voles \u00e0 l\u2019heure de concr\u00e9tiser l\u2019essai. \u00ab\u00a0Ce qu\u2019il y a de touchant dans cette aventure, c\u2019est que tout ce petit monde n\u2019a eu de cesse de se renouveler. Et qu\u2019au fil des ann\u00e9es, quand on y r\u00e9fl\u00e9chit vraiment, c\u2019est plusieurs g\u00e9n\u00e9rations qui se sont succ\u00e9d\u00e9 \u00e0 l\u2019organisation de cette f\u00eate.\u00a0\u00bb<\/p>\n<p>Les grands-parents puis les parents, puis les enfants et ceux qui, encore trop jeunes pour avoir cette charge, reprendront sans nul doute le flambeau\u2026 Voil\u00e0 qui, plus que le houblon, semble avoir plant\u00e9 ses racines \u00e0 Obterre.<\/p>\n<p>52e f\u00eate du Houblon. Sous chapiteau, au stade d\u2019Obterre.<\/p>\n<p>pratique<\/p>\n<p>&gt; <strong>Vendredi 29\u00a0ao\u00fbt<\/strong>, \u00e0 partir de 18\u00a0h\u00a0: super-Loto G\u00e9ant.<\/p>\n<p>&gt;<strong>\u00a0Samedi 30\u00a0ao\u00fbt,<\/strong> \u00e0 partir de 19\u00a0h\u00a0: repas spectacle \u00e0 37\u00a0euros (spectacle seul \u00e0 20\u00a0euros). Choucroute et boisson. Orchestre Thierry Tacinelli et show ann\u00e9es 90.<\/p>\n<p>&gt; <strong>Dimanche 31\u00a0ao\u00fbt,<\/strong> de 11\u00a0h\u00a030 \u00e0 18\u00a0h. Apr\u00e8s-midi repas dansant \u00e0 23\u00a0euros avec Cyril Music. Exposition de cr\u00e9ateurs. Gratuit pour les personnes ne d\u00e9sirant que venir danser.<\/p>\n<p>&gt; <strong>Les trois jours\u00a0:<\/strong> 8 sortes de bi\u00e8res dont une sans alcool. Assiettes anglaises et paninis pour ceux ne d\u00e9sirant pas de choucroute. Renseignements et r\u00e9servations au 06.72.06.83.03 ou au 06.86.08.86.45. Ou sur le Facebook F\u00eate du Houblon.<\/p>\n","protected":false},"excerpt":{"rendered":"Dire que la F\u00eate du Houblon doit son succ\u00e8s \u00e0 une vieille histoire ne suffit pas. Voil\u00e0 bien&hellip;\n","protected":false},"author":2,"featured_media":325096,"comment_status":"","ping_status":"","sticky":false,"template":"","format":"standard","meta":{"footnotes":""},"categories":[1586],"tags":[1392,11,4156,1777,674,1779,1011,27,1661,5052,1393,20890,12,46213,25,1778,364],"class_list":{"0":"post-325095","1":"post","2":"type-post","3":"status-publish","4":"format-standard","5":"has-post-thumbnail","7":"category-europe","8":"tag-a-la-une-local","9":"tag-actualites","10":"tag-concerts","11":"tag-eu","12":"tag-europe","13":"tag-european-union","14":"tag-fr","15":"tag-france","16":"tag-gastronomie","17":"tag-indre","18":"tag-loisirs","19":"tag-lotos","20":"tag-news","21":"tag-obterre","22":"tag-republique-francaise","23":"tag-ue","24":"tag-union-europeenne"},"share_on_mastodon":{"url":"https:\/\/pubeurope.com\/@fr\/115044766423882391","error":""},"_links":{"self":[{"href":"https:\/\/www.europesays.com\/fr\/wp-json\/wp\/v2\/posts\/325095","targetHints":{"allow":["GET"]}}],"collection":[{"href":"https:\/\/www.europesays.com\/fr\/wp-json\/wp\/v2\/posts"}],"about":[{"href":"https:\/\/www.europesays.com\/fr\/wp-json\/wp\/v2\/types\/post"}],"author":[{"embeddable":true,"href":"https:\/\/www.europesays.com\/fr\/wp-json\/wp\/v2\/users\/2"}],"replies":[{"embeddable":true,"href":"https:\/\/www.europesays.com\/fr\/wp-json\/wp\/v2\/comments?post=325095"}],"version-history":[{"count":0,"href":"https:\/\/www.europesays.com\/fr\/wp-json\/wp\/v2\/posts\/325095\/revisions"}],"wp:featuredmedia":[{"embeddable":true,"href":"https:\/\/www.europesays.com\/fr\/wp-json\/wp\/v2\/media\/325096"}],"wp:attachment":[{"href":"https:\/\/www.europesays.com\/fr\/wp-json\/wp\/v2\/media?parent=325095"}],"wp:term":[{"taxonomy":"category","embeddable":true,"href":"https:\/\/www.europesays.com\/fr\/wp-json\/wp\/v2\/categories?post=325095"},{"taxonomy":"post_tag","embeddable":true,"href":"https:\/\/www.europesays.com\/fr\/wp-json\/wp\/v2\/tags?post=325095"}],"curies":[{"name":"wp","href":"https:\/\/api.w.org\/{rel}","templated":true}]}}