{"id":325102,"date":"2025-08-17T15:19:15","date_gmt":"2025-08-17T15:19:15","guid":{"rendered":"https:\/\/www.europesays.com\/fr\/325102\/"},"modified":"2025-08-17T15:19:15","modified_gmt":"2025-08-17T15:19:15","slug":"victor-perez-mise-tout-ou-presque-sur-les-falls-series","status":"publish","type":"post","link":"https:\/\/www.europesays.com\/fr\/325102\/","title":{"rendered":"Victor Perez mise tout (ou presque) sur les Falls Series"},"content":{"rendered":"<p>\t\t\t\t\t\t<img width=\"770\" height=\"556\" src=\"https:\/\/www.europesays.com\/fr\/wp-content\/uploads\/2025\/08\/25uso_0614_19304880_khr10884-770x556.jpg\" class=\"img-responsive wp-post-image\" alt=\"Kathryn Riley\/USGA\" decoding=\"async\" fetchpriority=\"high\"  \/>\t\t\t\t\t<\/p>\n<p>\t\t\t\t\t\t Partager cet article <\/p>\n<p class=\"screen-reader-text juiz_sps_maybe_hidden_text\">Partager la publication \u00ab\u00a0Victor Perez mise tout (ou presque) sur les Falls Series\u00a0\u00bb<\/p>\n<p><strong>109e de la FedEx Cup \u00e0 l\u2019issue de la saison r\u00e9guli\u00e8re, Victor Perez, qui b\u00e9n\u00e9ficie d\u2019une exemption sur le DP World jusqu\u2019\u00e0 fin 2026, va se lancer le d\u00e9fi de finir dans le top 100 du circuit US \u00e0 l\u2019issue de la FedEx Cup Fall qui s\u2019ach\u00e8ve le 23 novembre au RSM Classic. Le Tarbais effectuera entretemps un crochet par St-Nom-la-Bret\u00e8che (78) pour le FedEx Open de France programm\u00e9 du 18 au 21 septembre.<\/strong><\/p>\n<p>\t\t\t\t\t<a id=\"181417\" href=\"https:\/\/cabotbordeaux.com\/fr\/booking\/training-golf\" target=\"_blank\" rel=\"sponsorised nofollow noopener\"><img decoding=\"async\" src=\"data:image\/svg+xml,%3Csvg%20xmlns=\" http:=\"\" class=\"img-responsive\" alt=\"\" data-lazy-src=\"https:\/\/www.europesays.com\/fr\/wp-content\/uploads\/2025\/08\/cabot-e04-stage-septembre-1170x275-1.gif\"\/><\/a><\/p>\n<p><strong>L.V.\u00a0<\/strong><\/p>\n<p>On en sait un peu plus sur le calendrier \u00e0 venir de <strong>Victor Perez<\/strong>. Au repos depuis sa 38e place au <strong>Wyndham Championship<\/strong> le 3 ao\u00fbt, le Tarbais va rester sur le <strong>PGA Tour<\/strong> puisqu\u2019il nous a confirm\u00e9 via son agent, <strong>Joe Shuchat<\/strong>, sa pr\u00e9sence au <strong>Procore Championship<\/strong>, <a href=\"https:\/\/www.pgatour.com\/schedule\" target=\"_blank\" rel=\"noopener nofollow\">premier des sept tournois de la FedEx Cup Fall<\/a> pr\u00e9vu du 11 au 14 septembre \u00e0 Napa (Californie), au <strong>Silverado Resort<\/strong>.\u00a0<\/p>\n<p>L\u2019objectif du Fran\u00e7ais est ici de finir la saison parmi le top 100 de la <strong>FedEx Cup<\/strong> le 23 novembre au soir du <strong>RSM Classic<\/strong>, en Georgie, et ainsi conserver son droit de jeu plein pour 2026. La saison pass\u00e9e, le top 125 \u00e9tait suffisant pour garder sa carte !\u00a0<\/p>\n<p>A l\u2019Open de France pour la sixi\u00e8me fois de sa carri\u00e8re<\/p>\n<p><a href=\"https:\/\/www.pgatour.com\/fedexcup\" target=\"_blank\" rel=\"noopener nofollow\">Actuellement class\u00e9 109e \u00e0 l\u2019issue de la saison r\u00e9guli\u00e8re<\/a>, Victor Perez a pour l\u2019instant disput\u00e9 vingt tournois en 2025 sur le PGA Tour, franchissant \u00e0 quatorze reprises le cut. Il est parvenu une fois \u00e0 boucler sa semaine dans un top 10, plus pr\u00e9cis\u00e9ment \u00e0 la 9e place du <strong>RBC Canadian Open<\/strong> le 8 juin dernier.\u00a0<\/p>\n<p>B\u00e9n\u00e9ficiant d\u2019une exemption de trois ans sur le <strong>DP World Tour<\/strong> gr\u00e2ce \u00e0 sa victoire en janvier 2023 au <strong>Abu Dhabi HSBC Championship<\/strong>, l\u2019actuel 108e joueur mondial (au 10 ao\u00fbt 2025) va axer essentiellement sa fin de saison sur la FedEx Cup Fall. Selon ses performances, un ajustement dans son calendrier pourrait n\u00e9anmoins s\u2019effectuer, quitte \u00e0 le revoir pourquoi pas sur le Tour europ\u00e9en d\u2019ici le d\u00e9but des Play-offs dans les Emirats (6-16 novembre). Une chose est s\u00fbre, Victor Perez sera bien au d\u00e9part du <strong>FedEx Open de France<\/strong> du 18 au 21 septembre \u00e0 <strong>St-Nom-la-Bret\u00e8che<\/strong> (78).\u00a0\u00a0<\/p>\n<p>\t\t\t\t\t<a id=\"177181\" href=\"http:\/\/charleskent-golf.com\/andalucia-majors\/\" target=\"_blank\" rel=\"sponsorised nofollow noopener\"><img decoding=\"async\" src=\"data:image\/svg+xml,%3Csvg%20xmlns=\" http:=\"\" class=\"img-responsive\" alt=\"\" data-lazy-src=\"https:\/\/www.europesays.com\/fr\/wp-content\/uploads\/2025\/06\/charleskent-e03-andalucia-majors-1170x275-1.gif\"\/><\/a><\/p>\n<p>Photo : Kathryn Riley\/USGA<\/p>\n<p>\u00a0<\/p>\n<p>\u00a0<\/p>\n","protected":false},"excerpt":{"rendered":"Partager cet article Partager la publication \u00ab\u00a0Victor Perez mise tout (ou presque) sur les Falls Series\u00a0\u00bb 109e de&hellip;\n","protected":false},"author":2,"featured_media":325103,"comment_status":"","ping_status":"","sticky":false,"template":"","format":"standard","meta":{"footnotes":""},"categories":[1418],"tags":[1011,27,1472,60],"class_list":{"0":"post-325102","1":"post","2":"type-post","3":"status-publish","4":"format-standard","5":"has-post-thumbnail","7":"category-golf","8":"tag-fr","9":"tag-france","10":"tag-golf","11":"tag-sports"},"share_on_mastodon":{"url":"https:\/\/pubeurope.com\/@fr\/115044782158402128","error":""},"_links":{"self":[{"href":"https:\/\/www.europesays.com\/fr\/wp-json\/wp\/v2\/posts\/325102","targetHints":{"allow":["GET"]}}],"collection":[{"href":"https:\/\/www.europesays.com\/fr\/wp-json\/wp\/v2\/posts"}],"about":[{"href":"https:\/\/www.europesays.com\/fr\/wp-json\/wp\/v2\/types\/post"}],"author":[{"embeddable":true,"href":"https:\/\/www.europesays.com\/fr\/wp-json\/wp\/v2\/users\/2"}],"replies":[{"embeddable":true,"href":"https:\/\/www.europesays.com\/fr\/wp-json\/wp\/v2\/comments?post=325102"}],"version-history":[{"count":0,"href":"https:\/\/www.europesays.com\/fr\/wp-json\/wp\/v2\/posts\/325102\/revisions"}],"wp:featuredmedia":[{"embeddable":true,"href":"https:\/\/www.europesays.com\/fr\/wp-json\/wp\/v2\/media\/325103"}],"wp:attachment":[{"href":"https:\/\/www.europesays.com\/fr\/wp-json\/wp\/v2\/media?parent=325102"}],"wp:term":[{"taxonomy":"category","embeddable":true,"href":"https:\/\/www.europesays.com\/fr\/wp-json\/wp\/v2\/categories?post=325102"},{"taxonomy":"post_tag","embeddable":true,"href":"https:\/\/www.europesays.com\/fr\/wp-json\/wp\/v2\/tags?post=325102"}],"curies":[{"name":"wp","href":"https:\/\/api.w.org\/{rel}","templated":true}]}}