{"id":325104,"date":"2025-08-17T15:20:15","date_gmt":"2025-08-17T15:20:15","guid":{"rendered":"https:\/\/www.europesays.com\/fr\/325104\/"},"modified":"2025-08-17T15:20:15","modified_gmt":"2025-08-17T15:20:15","slug":"beach-pro-tour-une-reprise-de-la-finale-olympique-a-montreal","status":"publish","type":"post","link":"https:\/\/www.europesays.com\/fr\/325104\/","title":{"rendered":"Beach Pro Tour : une reprise de la finale olympique \u00e0 Montr\u00e9al"},"content":{"rendered":"<p><strong>Le sc\u00e9nario parfait s\u2019est produit samedi au Beach Pro Tour de Montr\u00e9al, la victoire des Canadiennes Melissa Humana-Paredes et Brandie Wilkerson mettant la table pour une reprise de la finale des Jeux olympiques de Paris d\u00e8s le carr\u00e9 d\u2019as.<\/strong>\u00a0<\/p>\n<p>Les favorites locales croiseront le fer avec les redoutables Br\u00e9siliennes Ana Patricia Ramos et Duda Lisboa en demi-finale, dimanche midi. Au pied de la tour Eiffel l\u2019an dernier, leur duel pour la m\u00e9daille d\u2019or avait dur\u00e9 plus d\u2019une heure et les Sud-Am\u00e9ricaines l\u2019avaient emport\u00e9 en trois manches.<\/p>\n<p class=\"toreadalso-fromEMP\"><strong>\u2022 \u00c0 lire aussi: <\/strong><a href=\"http:\/\/www.tvasports.ca\/2025\/08\/15\/montreal-beach-pro-tour--belanger-et-monkhouse-stoppees-dans-leur-elan\" target=\"e8369c6e-d6ff-4e7e-8076-97f2757cd9ed\" rel=\"nofollow noopener\"><strong>Montr\u00e9al Beach Pro Tour : B\u00e9langer et Monkhouse stopp\u00e9es dans leur \u00e9lan<\/strong><\/a><\/p>\n<p>Les Ontariennes n\u2019ont pas \u00e9t\u00e9 en mesure de r\u00e9p\u00e9ter leurs succ\u00e8s cette saison dans les \u00e9preuves Elite 16 du circuit de volleyball de plage. \u00c0 Montr\u00e9al, toutefois, elles sont en grande forme et une premi\u00e8re pr\u00e9sence sur le podium cette ann\u00e9e est envisageable.<\/p>\n<p>Dans leur match du jour, Humana-Paredes et Wilkerson n\u2019ont fait qu\u2019une bouch\u00e9e d\u2019une autre paire br\u00e9silienne, celle de Thamela Galil et Victoria Lopes. Elles ont vaincu en deux manches de 21-10 et 21-19 celles qui ont \u00e9t\u00e9 nomm\u00e9es championnes \u00e0 Saquarema et \u00e0 Ostrava ce printemps.<\/p>\n<p>\u00abNous avons fait preuve de beaucoup de patience et nous avons bien ex\u00e9cut\u00e9 notre jeu, mettant de la pression \u00e0 nos adversaires sur nos services. Nous avions une strat\u00e9gie et un plan de match tr\u00e8s simples et nous les avons bien respect\u00e9s. Nous \u00e9tions sur la m\u00eame page et nos entra\u00eeneurs nous ont accord\u00e9 beaucoup de libert\u00e9\u00bb, a indiqu\u00e9 Humana-Paredes par voie de communiqu\u00e9.<\/p>\n<p>De leur c\u00f4t\u00e9, Ana Patricia et Duda, dont le meilleur r\u00e9sultat cette saison a \u00e9t\u00e9 une troisi\u00e8me place \u00e0 Brasilia, ont \u00e9limin\u00e9 les s\u0153urs autrichiennes Dorina et Ronja Klinger.<\/p>\n<p>L\u2019autre demi-finale chez les femmes opposera les Lettonnes Tina Graudina et Anastasija Samoilova aux Allemandes Svenja M\u00fcller et Cinja Tillmann.<\/p>\n<p>Du c\u00f4t\u00e9 des hommes, les Norv\u00e9giens Anders Mol et Christian Sorum affronteront les Tch\u00e8ques Ondrej Perusic et David Schweiner. L\u2019autre demi-finale mettra aux prises deux duos su\u00e9dois, ceux de Jacob H\u00f6lting Nilsson et Elmer Andersson et de David Ahman et Jonatan Hellvig.<\/p>\n<p>En collaboration avec nos partenaires<\/p>\n","protected":false},"excerpt":{"rendered":"Le sc\u00e9nario parfait s\u2019est produit samedi au Beach Pro Tour de Montr\u00e9al, la victoire des Canadiennes Melissa Humana-Paredes&hellip;\n","protected":false},"author":2,"featured_media":325105,"comment_status":"","ping_status":"","sticky":false,"template":"","format":"standard","meta":{"footnotes":""},"categories":[1417],"tags":[1011,27,60,1470,1469],"class_list":{"0":"post-325104","1":"post","2":"type-post","3":"status-publish","4":"format-standard","5":"has-post-thumbnail","7":"category-volley","8":"tag-fr","9":"tag-france","10":"tag-sports","11":"tag-volley","12":"tag-volleyball"},"share_on_mastodon":{"url":"https:\/\/pubeurope.com\/@fr\/115044786883746839","error":""},"_links":{"self":[{"href":"https:\/\/www.europesays.com\/fr\/wp-json\/wp\/v2\/posts\/325104","targetHints":{"allow":["GET"]}}],"collection":[{"href":"https:\/\/www.europesays.com\/fr\/wp-json\/wp\/v2\/posts"}],"about":[{"href":"https:\/\/www.europesays.com\/fr\/wp-json\/wp\/v2\/types\/post"}],"author":[{"embeddable":true,"href":"https:\/\/www.europesays.com\/fr\/wp-json\/wp\/v2\/users\/2"}],"replies":[{"embeddable":true,"href":"https:\/\/www.europesays.com\/fr\/wp-json\/wp\/v2\/comments?post=325104"}],"version-history":[{"count":0,"href":"https:\/\/www.europesays.com\/fr\/wp-json\/wp\/v2\/posts\/325104\/revisions"}],"wp:featuredmedia":[{"embeddable":true,"href":"https:\/\/www.europesays.com\/fr\/wp-json\/wp\/v2\/media\/325105"}],"wp:attachment":[{"href":"https:\/\/www.europesays.com\/fr\/wp-json\/wp\/v2\/media?parent=325104"}],"wp:term":[{"taxonomy":"category","embeddable":true,"href":"https:\/\/www.europesays.com\/fr\/wp-json\/wp\/v2\/categories?post=325104"},{"taxonomy":"post_tag","embeddable":true,"href":"https:\/\/www.europesays.com\/fr\/wp-json\/wp\/v2\/tags?post=325104"}],"curies":[{"name":"wp","href":"https:\/\/api.w.org\/{rel}","templated":true}]}}