{"id":325106,"date":"2025-08-17T15:21:12","date_gmt":"2025-08-17T15:21:12","guid":{"rendered":"https:\/\/www.europesays.com\/fr\/325106\/"},"modified":"2025-08-17T15:21:12","modified_gmt":"2025-08-17T15:21:12","slug":"top-14-ce-grand-espoir-du-rugby-francais-vers-un-club-rouge-et-noir","status":"publish","type":"post","link":"https:\/\/www.europesays.com\/fr\/325106\/","title":{"rendered":"TOP 14. Ce grand espoir du rugby fran\u00e7ais vers un club rouge et noir ?"},"content":{"rendered":"<p>Il est un grand talent du rugby fran\u00e7ais, \u00e0 n\u2019en pas douter. \u00c0 seulement 21 ans, <a href=\"https:\/\/www.lerugbynistere.fr\/fiches-joueurs\/lenny-nouchi.php\" ui-sref=\"app.player({playerId: 13178})\" alt=\"Lenni Nouchi\" data-route=\"app.player\" data-param=\"playerId\" data-id=\"13178\" rel=\"nofollow noopener\" target=\"_blank\">Lenni Nouchi<\/a> a d\u00e9j\u00e0 jou\u00e9 55 matchs avec l\u2019\u00e9quipe premi\u00e8re du MHR, dont 51 rencontres de <a href=\"https:\/\/www.lerugbynistere.fr\/championnats\/top-14\" ui-sref=\"app.competition({competitionId: 1})\" alt=\"Top 14\" data-route=\"app.competition\" data-param=\"competitionId\" data-id=\"1\" rel=\"nofollow noopener\" target=\"_blank\">Top 14<\/a>. Dans un MHR qui peine \u00e0 retrouver son niveau, celui du titre de 2022, <strong>le jeune troisi\u00e8me ligne est une promesse d\u2019avenir qui fait d\u00e9j\u00e0 office de cadre.<\/strong> Oui, mais voil\u00e0, l\u2019histoire pourrait s\u2018\u00e9crire ailleurs\u2026<\/p>\n<p>En effet, selon le <a href=\"https:\/\/www.rugbyrama.fr\/2025\/08\/15\/transferts-top-14-montpellier-ou-toulon-verdict-imminent-pour-lenni-nouchi-12876351.php\" rel=\"nofollow noopener\" target=\"_blank\">Midi Olympique<\/a>,<strong> le RCT serait fortement int\u00e9ress\u00e9 par le troisi\u00e8me ligne du MHR.<\/strong> D\u00e9j\u00e0 tr\u00e8s performant, Lenni Nouchi jouit en plus d\u2019une belle polyvalence. Depuis ses d\u00e9buts chez les professionnels, il a d\u00e9j\u00e0 jou\u00e9 \u00e0 tous les postes de la deuxi\u00e8me et troisi\u00e8me ligne. S\u2019il est un 6 dans l\u2019\u00e2me, il peut se pr\u00e9senter comme une solution all\u00e9chante dans bien d\u2019autres r\u00f4les.<\/p>\n<p>Ainsi, le Midol indique que l\u2019int\u00e9r\u00eat des Rouge et Noir du Var tente le joueur. De son c\u00f4t\u00e9, <strong>le MHR a aussi fait une proposition au troisi\u00e8me ligne.<\/strong> D\u00e9sormais, ce serait \u00e0 Lenni Nouchi de d\u00e9cider de son avenir. Une r\u00e9ponse serait attendue tr\u00e8s prochainement et ferait forc\u00e9ment un club d\u00e9\u00e7u, pour un autre bien plus heureux.<\/p>\n<p><a class=\"inserer_lien_article\" href=\"https:\/\/www.lerugbynistere.fr\/news\/top-14-a-21-ans-cet-ancien-bleuet-magique-brille-dans-lombre-pret-a-senvoler-chez-les-all-blacks-2704251023.php\" data-id=\"44776\" data-route=\"app.article\" data-param=\"articleId\" ui-sref=\"app.article({articleId: 44776})\" alt=\"Top 14. \u00c0 21 ans, cet ancien Bleuet magique brille dans l\u2019ombre, pr\u00eat \u00e0 s&#039;envoler chez les All Blacks ?\" title=\"Top 14. \u00c0 21 ans, cet ancien Bleuet magique brille dans l\u2019ombre, pr\u00eat \u00e0 s&#039;envoler chez les All Blacks ?\" rel=\"nofollow noopener\" target=\"_blank\"><img decoding=\"async\" src=\"https:\/\/www.europesays.com\/fr\/wp-content\/uploads\/2025\/08\/lenni-nouchi-27-04-25-2464.jpg\" alt=\"Top 14. \u00c0 21 ans, cet ancien Bleuet magique brille dans l\u2019ombre, pr\u00eat \u00e0 s'envoler chez les All Blacks ?\"\/>Top 14. \u00c0 21 ans, cet ancien Bleuet magique brille dans l\u2019ombre, pr\u00eat \u00e0 s&rsquo;envoler chez les All Blacks ?<\/a><\/p>\n<p>\u00c0 <a href=\"https:\/\/www.lerugbynistere.fr\/clubs\/mhrc-montpellier.php\" ui-sref=\"app.team({teamId: 36})\" alt=\"Montpellier\" data-route=\"app.team\" data-param=\"teamId\" data-id=\"36\" rel=\"nofollow noopener\" target=\"_blank\">Montpellier<\/a>, <strong>le joueur b\u00e9n\u00e9ficie d\u2019un statut de cadre du vestiaire \u00e0 seulement 21 ans.<\/strong> D\u00e9j\u00e0 install\u00e9, il fait le bonheur de <a href=\"https:\/\/www.lerugbynistere.fr\/fiches-joueurs\/joan-caudullo.php\" ui-sref=\"app.player({playerId: 424})\" alt=\"Joan Caudullo\" data-route=\"app.player\" data-param=\"playerId\" data-id=\"424\" rel=\"nofollow noopener\" target=\"_blank\">Joan Caudullo<\/a> et sa place dans le vestiaire est bien d\u00e9finie. En restant dans l\u2019H\u00e9rault, Lenni Nouchi pourrait aider son club \u00e0 retrouver la splendeur qui \u00e9tait la sienne, il y a encore quelques saisons. Un effort qui a d\u00e9j\u00e0 \u00e9t\u00e9 bien initi\u00e9 la saison pass\u00e9e.<\/p>\n<p>Pour ce qui est de <a href=\"https:\/\/www.lerugbynistere.fr\/clubs\/rugby-club-toulonnais.php\" ui-sref=\"app.team({teamId: 28})\" alt=\"Toulon\" data-route=\"app.team\" data-param=\"teamId\" data-id=\"28\" rel=\"nofollow noopener\" target=\"_blank\">Toulon<\/a>, Lenni Nouchi pourrait sans doute progresser et <strong>briller pour une \u00e9quipe qui joue les premiers r\u00f4les en Top 14.<\/strong> Demi-finaliste de la saison 2024\/2025, le RCT profite d\u00e9j\u00e0 de joueurs comp\u00e9tents en troisi\u00e8me ligne. Int\u00e9gr\u00e9 \u00e0 l\u2019effectif varois, l\u2019H\u00e9raultais pourrait servir \u00e0 pr\u00e9parer la future g\u00e9n\u00e9ration de Toulonnais.<\/p>\n<p><a class=\"inserer_lien_article\" href=\"https:\/\/www.lerugbynistere.fr\/news\/top-14-langlais-billy-vunipola-mhr-vers-une-fin-de-carriere-en-france-1608251123.php\" data-id=\"45842\" data-route=\"app.article\" data-param=\"articleId\" ui-sref=\"app.article({articleId: 45842})\" alt=\"TOP 14. L&#039;Anglais Billy Vunipola (MHR) vers une fin de carri\u00e8re en France ?\" title=\"TOP 14. L&#039;Anglais Billy Vunipola (MHR) vers une fin de carri\u00e8re en France ?\" rel=\"nofollow noopener\" target=\"_blank\"><img decoding=\"async\" src=\"https:\/\/www.europesays.com\/fr\/wp-content\/uploads\/2025\/08\/billy-vunipola-a-decide-de-prolonger-laventure-avec-montpellier-a-32-ans-le-colosse-anglais-pourrait.jpeg\" alt=\"TOP 14. L'Anglais Billy Vunipola (MHR) vers une fin de carri\u00e8re en France ?\"\/>TOP 14. L&rsquo;Anglais Billy Vunipola (MHR) vers une fin de carri\u00e8re en France ?<\/a><\/p>\n<p>Lenni Nouchi, enfant de l\u2019H\u00e9rault<\/p>\n<p>Form\u00e9 dans l\u2019H\u00e9rault, Lenni Nouchi est un pur produit local. Depuis qu\u2019il a commenc\u00e9 le rugby, <strong>le troisi\u00e8me ligne n\u2019a jamais quitt\u00e9 le d\u00e9partement pour se former ailleurs.<\/strong> Il a d\u2019abord commenc\u00e9 \u00e0 l\u2019AS <a href=\"https:\/\/www.lerugbynistere.fr\/clubs\/asbh-beziers.php\" ui-sref=\"app.team({teamId: 46})\" alt=\"B\u00e9ziers\" data-route=\"app.team\" data-param=\"teamId\" data-id=\"46\" rel=\"nofollow noopener\" target=\"_blank\">B\u00e9ziers<\/a> H\u00e9rault, puis s\u2019est essay\u00e9 au club de clocher voisin, le Servian-Boujan Rugby XV. Apr\u00e8s un nouveau passage \u00e0 l\u2019ASBH, il rejoint le MHR \u00e0 ses 18 ans.<\/p>\n<p>Le fils de Samuel Nouchi a int\u00e9gr\u00e9 les espoirs dans un premier temps, mais a rapidement fait le bonheur des pros. <strong>D\u00e8s le mois d\u2019octobre 2022, il dispute son premier match de Top 14.<\/strong> Ensuite, il s\u2019impose avec le <a href=\"https:\/\/www.lerugbynistere.fr\/equipes-nationales\/xv-de-france.php\" ui-sref=\"app.team({teamId: 65})\" alt=\"XV de France\" data-route=\"app.team\" data-param=\"teamId\" data-id=\"65\" rel=\"nofollow noopener\" target=\"_blank\">XV de France<\/a> U20. Avec les Bleuets, il remporte un titre de champion du monde junior. Enfin, \u00e0 l\u2019\u00e9t\u00e9 2024, il fait partie des joueurs qui s\u2019envolent en <a href=\"https:\/\/www.lerugbynistere.fr\/equipes-nationales\/argentine.php\" ui-sref=\"app.team({teamId: 25})\" alt=\"Argentine\" data-route=\"app.team\" data-param=\"teamId\" data-id=\"25\" rel=\"nofollow noopener\" target=\"_blank\">Argentine<\/a>, sous les ordres de Fabien Galthi\u00e9. L\u00e0-bas, il obtient deux s\u00e9lections.<\/p>\n<p><a class=\"inserer_lien_article\" href=\"https:\/\/www.lerugbynistere.fr\/news\/xv-de-france-nouchi-et-gazzotti-les-jeunes-loups-en-route-vers-marcoussis-2310241814.php\" data-id=\"42909\" data-route=\"app.article\" data-param=\"articleId\" ui-sref=\"app.article({articleId: 42909})\" alt=\"XV de France : Nouchi et Gazzotti, les jeunes loups en route vers Marcoussis\" title=\"XV de France : Nouchi et Gazzotti, les jeunes loups en route vers Marcoussis\" rel=\"nofollow noopener\" target=\"_blank\"><img decoding=\"async\" src=\"https:\/\/www.europesays.com\/fr\/wp-content\/uploads\/2025\/04\/nouchi-23-10-24-3807.jpg\" alt=\"XV de France : Nouchi et Gazzotti, les jeunes loups en route vers Marcoussis\"\/>XV de France : Nouchi et Gazzotti, les jeunes loups en route vers Marcoussis<\/a><\/p>\n","protected":false},"excerpt":{"rendered":"Il est un grand talent du rugby fran\u00e7ais, \u00e0 n\u2019en pas douter. \u00c0 seulement 21 ans, Lenni Nouchi&hellip;\n","protected":false},"author":2,"featured_media":325107,"comment_status":"","ping_status":"","sticky":false,"template":"","format":"standard","meta":{"footnotes":""},"categories":[1416],"tags":[1011,27,479,1468,60],"class_list":{"0":"post-325106","1":"post","2":"type-post","3":"status-publish","4":"format-standard","5":"has-post-thumbnail","7":"category-rugby","8":"tag-fr","9":"tag-france","10":"tag-rugby","11":"tag-rugby-football","12":"tag-sports"},"share_on_mastodon":{"url":"https:\/\/pubeurope.com\/@fr\/115044790087399279","error":""},"_links":{"self":[{"href":"https:\/\/www.europesays.com\/fr\/wp-json\/wp\/v2\/posts\/325106","targetHints":{"allow":["GET"]}}],"collection":[{"href":"https:\/\/www.europesays.com\/fr\/wp-json\/wp\/v2\/posts"}],"about":[{"href":"https:\/\/www.europesays.com\/fr\/wp-json\/wp\/v2\/types\/post"}],"author":[{"embeddable":true,"href":"https:\/\/www.europesays.com\/fr\/wp-json\/wp\/v2\/users\/2"}],"replies":[{"embeddable":true,"href":"https:\/\/www.europesays.com\/fr\/wp-json\/wp\/v2\/comments?post=325106"}],"version-history":[{"count":0,"href":"https:\/\/www.europesays.com\/fr\/wp-json\/wp\/v2\/posts\/325106\/revisions"}],"wp:featuredmedia":[{"embeddable":true,"href":"https:\/\/www.europesays.com\/fr\/wp-json\/wp\/v2\/media\/325107"}],"wp:attachment":[{"href":"https:\/\/www.europesays.com\/fr\/wp-json\/wp\/v2\/media?parent=325106"}],"wp:term":[{"taxonomy":"category","embeddable":true,"href":"https:\/\/www.europesays.com\/fr\/wp-json\/wp\/v2\/categories?post=325106"},{"taxonomy":"post_tag","embeddable":true,"href":"https:\/\/www.europesays.com\/fr\/wp-json\/wp\/v2\/tags?post=325106"}],"curies":[{"name":"wp","href":"https:\/\/api.w.org\/{rel}","templated":true}]}}