{"id":325110,"date":"2025-08-17T15:24:13","date_gmt":"2025-08-17T15:24:13","guid":{"rendered":"https:\/\/www.europesays.com\/fr\/325110\/"},"modified":"2025-08-17T15:24:13","modified_gmt":"2025-08-17T15:24:13","slug":"quartararo-juge-inadmissible-le-comportement-de-sa-yamaha","status":"publish","type":"post","link":"https:\/\/www.europesays.com\/fr\/325110\/","title":{"rendered":"Quartararo juge \u00ab\u00a0inadmissible\u00a0\u00bb le comportement de sa Yamaha"},"content":{"rendered":"<p>On avait laiss\u00e9 <a href=\"https:\/\/fr.motorsport.com\/driver\/fabio-quartararo\/109400\/\" target=\"_blank\" rel=\"noopener\">Fabio Quartararo<\/a>, samedi soir, <a href=\"https:\/\/fr.motorsport.com\/motogp\/news\/fabio-quartararo-rien-va-yamaha\/10751166\/\" target=\"_self\" rel=\"noopener\">peinant \u00e0 trouver les mots<\/a> pour d\u00e9crire la situation d\u00e9sesp\u00e9rante de Yamaha \u00e0 Spielberg. Apr\u00e8s 28 tours d&rsquo;un Grand Prix d&rsquo;Autriche p\u00e9nible, le Fran\u00e7ais n&rsquo;\u00e9tait pas beaucoup plus loquace, forc\u00e9ment r\u00e9sign\u00e9 au sortir d&rsquo;un week-end sans le moindre plaisir.\u00a0<\/p>\n<p>\u00ab\u00a0Malheureusement, il n&rsquo;y a rien qui peut me donner un petit peu le sourire aujourd&rsquo;hui\u00a0\u00bb, d\u00e9plore-t-il. \u00ab\u00a0Je le savais, et je m&rsquo;attendais \u00e0 ce genre de course&#8230;\u00a0C&rsquo;\u00e9tait une course o\u00f9, d\u00e8s le premier tour on sait que \u00e7a ne va pas.\u00a0\u00bb<\/p>\n<p>Parti 16e sur la grille de d\u00e9part, le pilote fran\u00e7ais a termin\u00e9 15e, empochant un point anecdotique au regard de ce qu&rsquo;il a v\u00e9cu au guidon de sa machine, provoquant m\u00eame une pointe de col\u00e8re tant il se sent d\u00e9sarm\u00e9.\u00a0<\/p>\n<p>\u00ab\u00a0Sinc\u00e8rement, j&rsquo;\u00e9tais derri\u00e8re Jack [Miller] pendant quelques tours, et c&rsquo;est la seule moto qui r\u00e9agit d&rsquo;une fa\u00e7on&#8230; Comment on peut glisser en quatri\u00e8me dans la ligne droite\u00a0? C&rsquo;est inadmissible\u00a0\u00bb, s&#8217;emporte-t-il. \u00ab\u00a0J&rsquo;ai vu plusieurs motos : la Ducati, l&rsquo;Aprilia, la KTM&#8230; et toutes les motos r\u00e9agissent d&rsquo;une fa\u00e7on o\u00f9 \u00e7a ne glisse pas en quatri\u00e8me dans une ligne droite.\u00a0\u00bb<\/p>\n<p>Plus pr\u00e8s du vainqueur mais trop loin des autres<br \/>\n   <img decoding=\"async\" draggable=\"false\" src=\"https:\/\/www.europesays.com\/fr\/wp-content\/uploads\/2025\/08\/1755444253_684_fabio-quartararo-yamaha-factor.jpg\" alt=\"Fabio Quartararo une fois encore sans solution \u00e0 Spielberg.\" width=\"1200\" height=\"800\" loading=\"lazy\"\/> <\/p>\n<p class=\"title\">Fabio Quartararo une fois encore sans solution \u00e0 Spielberg.<\/p>\n<p class=\"photographer\">Photo de: Gold and Goose Photography \/ LAT Images \/ via Getty Images<\/p>\n<p>Fabio Quartararo le reconna\u00eet volontiers, le week-end autrichien sur le Red Bull Ring cumulait toutes les mauvaises nouvelles possibles pour Yamaha ce week-end. \u00ab\u00a0La carcasse du pneu ne nous aide pas, pas de grip sur la piste, un circuit stop-and-go&#8230;\u00a0\u00bb, \u00e9num\u00e8re-t-il, tout en rappelant n\u00e9anmoins que\u00a0\u00ab\u00a0c&rsquo;est le circuit o\u00f9 j&rsquo;ai fait le plus de podiums\u00a0\u00bb.\u00a0Quant au nouveau contr\u00f4le de stabilit\u00e9 introduit sur toutes les machines, comme la veille, Yamaha\u00a0\u00ab\u00a0n&rsquo;arrive pas \u00e0 l&rsquo;utiliser\u00a0\u00bb.\u00a0<\/p>\n<p><a href=\"https:\/\/fr.motorsport.com\/motogp\/results\/2025\/gp-dautriche-654411\/?st=RACE\" target=\"_self\" rel=\"noopener\">La lecture du classement<\/a>, elle, est sans appel : des 18 motos class\u00e9es \u00e0 l&rsquo;arriv\u00e9e, les Yamaha (officielles et Pramac) sont les quatre derni\u00e8res. Fabio Quartararo, lui, a termin\u00e9 \u00e0 25 secondes du vainqueur&#8230; mais \u00e0 plus de six secondes du pilote devant lui, <a href=\"https:\/\/fr.motorsport.com\/driver\/ai-ogura\/471489\/\" target=\"_blank\" rel=\"noopener\">Ai Ogura<\/a>, 14e au guidon de l&rsquo;Aprilia Trackhouse.\u00a0<\/p>\n<p>\u00ab\u00a0En 2024, on a termin\u00e9 \u00e0 36 secondes je crois [44, ndlr], et cette ann\u00e9e \u00e0 25\u00a0\u00bb, observe-t-il encore dans un \u00e9ni\u00e8me paradoxe. \u00ab\u00a0C&rsquo;est un circuit o\u00f9 j&rsquo;ai toujours \u00e9t\u00e9 rapide, mais les autres ont fait un tr\u00e8s grand pas en avant et nous, on n&rsquo;a rien fait du tout.\u00a0\u00bb<\/p>\n<p>Sur le tr\u00e8s lent et m\u00e9connu circuit du Balaton Park, d\u00e8s la semaine prochaine pour le Grand Prix de Hongrie, Fabio Quartararo repartira au charbon, mais sans grandes illusions si ce n&rsquo;est \u00ab\u00a0au moins essayer de faire un tour en qualifs pour essayer de partir un petit peu plus devant\u00a0\u00bb.<\/p>\n<p>Lire aussi :<\/p>\n<p>Dans cet article<\/p>\n<p>Soyez le premier inform\u00e9 et souscrivez aux alertes mails pour recevoir les infos en temps r\u00e9el<\/p>\n<p>    S&rsquo;abonner aux alertes de news<\/p>\n","protected":false},"excerpt":{"rendered":"On avait laiss\u00e9 Fabio Quartararo, samedi soir, peinant \u00e0 trouver les mots pour d\u00e9crire la situation d\u00e9sesp\u00e9rante de&hellip;\n","protected":false},"author":2,"featured_media":325111,"comment_status":"","ping_status":"","sticky":false,"template":"","format":"standard","meta":{"footnotes":""},"categories":[1413],"tags":[1680,1011,27,34489,1457,1456,1458,46214,34490,60,3796],"class_list":{"0":"post-325110","1":"post","2":"type-post","3":"status-publish","4":"format-standard","5":"has-post-thumbnail","7":"category-moto","8":"tag-fabio-quartararo","9":"tag-fr","10":"tag-france","11":"tag-gp-dautriche","12":"tag-moto","13":"tag-motocycle","14":"tag-motogp","15":"tag-quartararo-juge-inadmissible-le-comportement-de-sa-yamaha","16":"tag-red-bull-ring","17":"tag-sports","18":"tag-yamaha-factory-racing"},"share_on_mastodon":{"url":"https:\/\/pubeurope.com\/@fr\/115044802089746743","error":""},"_links":{"self":[{"href":"https:\/\/www.europesays.com\/fr\/wp-json\/wp\/v2\/posts\/325110","targetHints":{"allow":["GET"]}}],"collection":[{"href":"https:\/\/www.europesays.com\/fr\/wp-json\/wp\/v2\/posts"}],"about":[{"href":"https:\/\/www.europesays.com\/fr\/wp-json\/wp\/v2\/types\/post"}],"author":[{"embeddable":true,"href":"https:\/\/www.europesays.com\/fr\/wp-json\/wp\/v2\/users\/2"}],"replies":[{"embeddable":true,"href":"https:\/\/www.europesays.com\/fr\/wp-json\/wp\/v2\/comments?post=325110"}],"version-history":[{"count":0,"href":"https:\/\/www.europesays.com\/fr\/wp-json\/wp\/v2\/posts\/325110\/revisions"}],"wp:featuredmedia":[{"embeddable":true,"href":"https:\/\/www.europesays.com\/fr\/wp-json\/wp\/v2\/media\/325111"}],"wp:attachment":[{"href":"https:\/\/www.europesays.com\/fr\/wp-json\/wp\/v2\/media?parent=325110"}],"wp:term":[{"taxonomy":"category","embeddable":true,"href":"https:\/\/www.europesays.com\/fr\/wp-json\/wp\/v2\/categories?post=325110"},{"taxonomy":"post_tag","embeddable":true,"href":"https:\/\/www.europesays.com\/fr\/wp-json\/wp\/v2\/tags?post=325110"}],"curies":[{"name":"wp","href":"https:\/\/api.w.org\/{rel}","templated":true}]}}