{"id":325112,"date":"2025-08-17T15:25:16","date_gmt":"2025-08-17T15:25:16","guid":{"rendered":"https:\/\/www.europesays.com\/fr\/325112\/"},"modified":"2025-08-17T15:25:16","modified_gmt":"2025-08-17T15:25:16","slug":"imavov-strickland-pereira-qui-pourra-detroner-le-nouveau-champion-des-moyens-khamzat-chimaev-lequipe","status":"publish","type":"post","link":"https:\/\/www.europesays.com\/fr\/325112\/","title":{"rendered":"Imavov, Strickland, Pereira&#8230; Qui pourra d\u00e9tr\u00f4ner le nouveau champion des moyens Khamzat Chimaev ? &#8211; L&#039;\u00c9quipe"},"content":{"rendered":"<ol>\n<li><a href=\"https:\/\/news.google.com\/rss\/articles\/CBMi1AFBVV95cUxQbWlMYXhFQWhsVUVPSGZKMzJqUl9TMU1paGJOR19hVl9kenktUlJyai1CbnFBM2w3UXhSWmJQSS1GR3pFNFdVYmpIWjJvNVFvRDFrbF82bVgwajVyejhGem1qTlBORXZIWnA5dzBqUmI3dWRzcU96UnpLMU9KZ3JVSmRpNFYyYi10Z0k3V2Y4XzBBMURjaHJnYV9SVGM5U3c1UjFmMUJFSk5ZSnlhVDFkcUFfU1FCbm1RY0pPTzFRcWtzbHBKTk51X1haSHBBZ1J2V2lRMA?oc=5\" target=\"_blank\" rel=\"nofollow noopener\">Imavov, Strickland, Pereira&#8230; Qui pourra d\u00e9tr\u00f4ner le nouveau champion des moyens Khamzat Chimaev ?<\/a>&nbsp;&nbsp;L&rsquo;\u00c9quipe<\/li>\n<li><a href=\"https:\/\/news.google.com\/rss\/articles\/CBMiiAJBVV95cUxQVHU0UHpfNkhBNGQ3V3JtY2VZQTV0clA0ektzc0RhWUdUa1hZY0YzUGNVZVRCMTB1TjBnZ2hXYk9HSVBSczlKQnRZbTA4NVU4UkV2cHdiM3lYMjktUXRmTHp1dTI3S0RfcVllYzRBOWpoYklBM1hWYzFKbDV5SjZSTHRmWWVJd01TZExyYUh1LUNzam13VWNwbTMxOXU1VDBBRWplNVN0S1RfYXZoVkVaejUyLVl0aDFWeWRPMGNrVTB5QWpNalE1Q3pUMkZudmQza2s4QXgyRDhfSTQ4dzhiZWNoZnJ2OVk2bTNnY1JMSWxCVzFSREdSVjlKQ0k2TG1YWDRLV3JydzI?oc=5\" target=\"_blank\" rel=\"nofollow noopener\">Du Plessis vs Chimaev : \u00e0 quelle heure et sur quelle cha\u00eene le combat UFC en direct ?<\/a>&nbsp;&nbsp;Le Parisien<\/li>\n<li><a href=\"https:\/\/news.google.com\/rss\/articles\/CBMiowFBVV95cUxPeWNsckVEWS1oTThtLWJnZGp3WERLSW1QRVlmd3FMSWlraFQ5UkxhcFJoY3lwOGdfMzhsSmNvMmZ2ZEx3Qy1ySjY5cUZBQWNxNFB2MEIwSnVDcnZ4UXk3OHhnUnB5b3FOX2wyYWZXUUxsMnFmNjlNOUkwdG1POU9TQzhfaUlfU2dLTzJHQ1VDSWVRSmJub0lSTXpTcjVHd3pYYVBV?oc=5\" target=\"_blank\" rel=\"nofollow noopener\">R\u00e9sum\u00e9 Vid\u00e9o : Khamzat Chimaev contre Dricus Du Plessis \u00e0 l\u2019UFC 319<\/a>&nbsp;&nbsp;Boxemag<\/li>\n<li><a href=\"https:\/\/news.google.com\/rss\/articles\/CBMirAFBVV95cUxPZllSM1JLZWtUWDZmZkUxS3VqQWQwZzlyMi1iVi1Ea3JUTEJHa01pT1R0SFZFcl8zRTdMcHN2WFlwTS0tSWZvUVhSUnRjc2s1NVNzMnUtUXpCaERHbE5teWtVYXFDMjRUeWE2TjRaSG5WOEpJd0Qza05WOTFZVjVlNXVQSVVtMHZJN2RjSmdhamp4VzVfTG5ySkM5R1RZUmFEQXRUQUFtamtxdkxV?oc=5\" target=\"_blank\" rel=\"nofollow noopener\">MMA : Chimaev domine du Plessis et remporte le titre \u00e0 l\u2019UFC de Chicago<\/a>&nbsp;&nbsp;Le Figaro<\/li>\n<li><a href=\"https:\/\/news.google.com\/rss\/articles\/CBMi7AFBVV95cUxPbEZrMHJuVGZlUW0wNlFhd0lZUzlhUnVnWXJmUHVTdnlQMTcwYW9oblNpZnQxaVhmSkxkRGp2Tk1pZm5aSEdvbHM4aEhfUHVuRkdaSHpvVEg1b3dWakhnLWVQMmlSeG1KUFpxWHl5RkNhUC1TZUtiallPX0YtRVZCY2Q1Q01hLUY0elpLaDVDNTZmbnMwc1FPTktHSmM3NEloUXJEWlRXQTBweXhPQWd0cVFmTkNGX0prbjVLTWFtS3Q4Tmpyc2lTNHVVSXJjZ2l4dFBFWUQ5LUVqZ2JNdUg1TFhnR0pWSUE3U3NneA?oc=5\" target=\"_blank\" rel=\"nofollow noopener\">UFC: Chimaev \u00ab\u00a0pr\u00eat\u00a0\u00bb pour affronter le vainqueur d&rsquo;Imavov-Borralho, Dana White temporise<\/a>&nbsp;&nbsp;RMC Sport<\/li>\n<\/ol>\n","protected":false},"excerpt":{"rendered":"Imavov, Strickland, Pereira&#8230; Qui pourra d\u00e9tr\u00f4ner le nouveau champion des moyens Khamzat Chimaev ?&nbsp;&nbsp;L&rsquo;\u00c9quipe Du Plessis vs Chimaev&hellip;\n","protected":false},"author":2,"featured_media":325113,"comment_status":"","ping_status":"","sticky":false,"template":"","format":"standard","meta":{"footnotes":""},"categories":[1412],"tags":[1451,1452,1453,1454,1455,1011,27,60],"class_list":{"0":"post-325112","1":"post","2":"type-post","3":"status-publish","4":"format-standard","5":"has-post-thumbnail","7":"category-f1","8":"tag-f1","9":"tag-formula-1","10":"tag-formula1","11":"tag-formule-1","12":"tag-formule1","13":"tag-fr","14":"tag-france","15":"tag-sports"},"share_on_mastodon":{"url":"https:\/\/pubeurope.com\/@fr\/115044805716163751","error":""},"_links":{"self":[{"href":"https:\/\/www.europesays.com\/fr\/wp-json\/wp\/v2\/posts\/325112","targetHints":{"allow":["GET"]}}],"collection":[{"href":"https:\/\/www.europesays.com\/fr\/wp-json\/wp\/v2\/posts"}],"about":[{"href":"https:\/\/www.europesays.com\/fr\/wp-json\/wp\/v2\/types\/post"}],"author":[{"embeddable":true,"href":"https:\/\/www.europesays.com\/fr\/wp-json\/wp\/v2\/users\/2"}],"replies":[{"embeddable":true,"href":"https:\/\/www.europesays.com\/fr\/wp-json\/wp\/v2\/comments?post=325112"}],"version-history":[{"count":0,"href":"https:\/\/www.europesays.com\/fr\/wp-json\/wp\/v2\/posts\/325112\/revisions"}],"wp:featuredmedia":[{"embeddable":true,"href":"https:\/\/www.europesays.com\/fr\/wp-json\/wp\/v2\/media\/325113"}],"wp:attachment":[{"href":"https:\/\/www.europesays.com\/fr\/wp-json\/wp\/v2\/media?parent=325112"}],"wp:term":[{"taxonomy":"category","embeddable":true,"href":"https:\/\/www.europesays.com\/fr\/wp-json\/wp\/v2\/categories?post=325112"},{"taxonomy":"post_tag","embeddable":true,"href":"https:\/\/www.europesays.com\/fr\/wp-json\/wp\/v2\/tags?post=325112"}],"curies":[{"name":"wp","href":"https:\/\/api.w.org\/{rel}","templated":true}]}}