{"id":325114,"date":"2025-08-17T15:26:10","date_gmt":"2025-08-17T15:26:10","guid":{"rendered":"https:\/\/www.europesays.com\/fr\/325114\/"},"modified":"2025-08-17T15:26:10","modified_gmt":"2025-08-17T15:26:10","slug":"lirlandais-rory-townsend-resiste-de-justesse-aux-sprinteurs-sur-la-classique-de-hambourg-lequipe","status":"publish","type":"post","link":"https:\/\/www.europesays.com\/fr\/325114\/","title":{"rendered":"L&#039;Irlandais Rory Townsend r\u00e9siste de justesse aux sprinteurs sur la Classique de Hambourg &#8211; L&#039;\u00c9quipe"},"content":{"rendered":"<ol>\n<li><a href=\"https:\/\/news.google.com\/rss\/articles\/CBMi5AFBVV95cUxOWWtndHYwZmZ6dlM2aktvNVkwOERXckJsVkc2b29jM3FGYlJXNFdXRXVHeC03a0dLVUhBcWZUMzlGQWlaVkFYUkh1OU1NOXJacGk1RlVhZzMyYzJYVVZMUHlpdmpBQXJJZThRQnVwLURGVnBzTXR2OGNIZWg5M2R5UlZxelRIeGNnVHpvNXZ0NUVhMkVCYjgyQzNnZVJJdGNyQU1yRDNVTGVUcmNyXzUtR3R0MG1BMU9PZ0ZqSFdPNEg2WEI4M3JDT3BOWk5mTGZ0UVBocjZRRnh3RGliTWNfNkdWNWI?oc=5\" target=\"_blank\" rel=\"nofollow noopener\">L&rsquo;Irlandais Rory Townsend r\u00e9siste de justesse aux sprinteurs sur la Classique de Hambourg<\/a>&nbsp;&nbsp;L&rsquo;\u00c9quipe<\/li>\n<li><a href=\"https:\/\/news.google.com\/rss\/articles\/CBMihgJBVV95cUxNMzMteHZ1N0I3aDhLZFBTdzJ2Mi1NVE1fTzJuc0s2TEdlMjNEQUhzeVFfQ0tBZm53TjUxUWQyNkNMT3hmdFVsaDRmeG9CU0RqcHdLejZMWGF6SWk2ckFBeTdSUmZtWW1nQzU5em8xTzZtdnZhajB5dWI5UmluZElMbk1ma1l3NjBtb3BFT0hXMFp1VmJjR3hoRDVrMjZ1VkcxMHdwb0Q3R3VuckpYOUcxTUE4RVEyUVBFSFBvUncxTndzV2NFczFobDdEZUFvc2NlMkpDb3VGTTR5LVlPNlpMVDBQeGdTX19HQm5POC1GUnpFMGtaQ0Y5YzF3a0ZCSWZ3ZVkxYnRR?oc=5\" target=\"_blank\" rel=\"nofollow noopener\">Cyclassics Hambourg. Rory Townsend s\u2019impose dans un sprint massif apr\u00e8s 200 km \u00e0 l\u2019avant<\/a>&nbsp;&nbsp;Ouest-France<\/li>\n<li><a href=\"https:\/\/news.google.com\/rss\/articles\/CBMiywFBVV95cUxOcmdVbDR6UDlTX0RsamEzLVUyR3NPV3o4MTFneEN2YlVjU0x0VjFFZ3RzeUl0RzhJZmswbG1OUVdMWHRFeC1sVVhOWFM1LUNCa2VGQTNEMlhKNjNxMFZvMFNINmtXblRzalNVQ0c1R3RHblFGYTZQaXIxSndMYTJYU3k0a2puTmdTWFNHamZDZ1kxQ0U0VEZKZl9Qdnp2NXpTazVybkJ4T0xGWkRsbXVDZ25jNmZUUFBqUzZJOWVIQlhOQ201UmJvelpyaw?oc=5\" target=\"_blank\" rel=\"nofollow noopener\">Direct vid\u00e9o &#8211; Cyclassics Hambourg : encore 3 coureurs \u00e0 l&rsquo;avant \u00e0 5 km de l&rsquo;arriv\u00e9e<\/a>&nbsp;&nbsp;RTBF<\/li>\n<li><a href=\"https:\/\/news.google.com\/rss\/articles\/CBMihAFBVV95cUxQVy1RZW1vVG5GdG53a1ZjRDAtMFVQMWNCNGhwWkJZRndqMk1hd3J3aWV6eG1MaFdYbzBsajNWTGozc2pQbERUSy1XMTNTMXJUN0ZYMVk3aGJKMGppbEJzcEdLUGVTWks1TlhrRlNMZlBCeGtRenB6V3dmOWdteEJDd1JIanU?oc=5\" target=\"_blank\" rel=\"nofollow noopener\">Rory Townsend remporte la Adac Cyclassics<\/a>&nbsp;&nbsp;Velo-Club<\/li>\n<li><a href=\"https:\/\/news.google.com\/rss\/articles\/CBMikwJBVV95cUxQUkstMFNwTHNTYV9QT1RtRklhQzlCQUhtNml2OGkwYkd0RUxzdzNJOU9JTzJQLUNPanJ3ZVlTWjJfaXdsb2FJY0EwcjUxa0VGdzhVME9tcFprYWYtWVo4MXZJb0NNSnJodjBTNEk0MjFEQ1o0NkJJd29yZGYxUGY0dVZleVlFRzRYSURfSHJ0UHRLcHlxdHBtWXk1NFdCWE9QTXNuNERLZE1zUkhSTkhJQnpBWWlfSjI1S2J0X3U1SkdZZmZfOGtDZ3RwWHpPb3VqSzE4YVhqTXhWNWdlQzVCOUVZLWtRNWtpWGJHbldDWGVoeEdpc29HdHJIR25La1hVaWpjNnV3Q1plaDM5X3JmWnkzRQ?oc=5\" target=\"_blank\" rel=\"nofollow noopener\">VIDEO. Cyclisme : \u00ab\u00a0La p\u00e9riode la plus difficile de ma carri\u00e8re\u2026\u00a0\u00bb Gravement malade, ce coureur star fran\u00e7ais fait son retour apr\u00e8s 1 an d\u2019absence<\/a>&nbsp;&nbsp;ladepeche.fr<\/li>\n<\/ol>\n","protected":false},"excerpt":{"rendered":"L&rsquo;Irlandais Rory Townsend r\u00e9siste de justesse aux sprinteurs sur la Classique de Hambourg&nbsp;&nbsp;L&rsquo;\u00c9quipe Cyclassics Hambourg. Rory Townsend s\u2019impose&hellip;\n","protected":false},"author":2,"featured_media":325115,"comment_status":"","ping_status":"","sticky":false,"template":"","format":"standard","meta":{"footnotes":""},"categories":[1411],"tags":[1154,207,1011,27,60],"class_list":{"0":"post-325114","1":"post","2":"type-post","3":"status-publish","4":"format-standard","5":"has-post-thumbnail","7":"category-cyclisme","8":"tag-cycling","9":"tag-cyclisme","10":"tag-fr","11":"tag-france","12":"tag-sports"},"share_on_mastodon":{"url":"https:\/\/pubeurope.com\/@fr\/115044809665664016","error":""},"_links":{"self":[{"href":"https:\/\/www.europesays.com\/fr\/wp-json\/wp\/v2\/posts\/325114","targetHints":{"allow":["GET"]}}],"collection":[{"href":"https:\/\/www.europesays.com\/fr\/wp-json\/wp\/v2\/posts"}],"about":[{"href":"https:\/\/www.europesays.com\/fr\/wp-json\/wp\/v2\/types\/post"}],"author":[{"embeddable":true,"href":"https:\/\/www.europesays.com\/fr\/wp-json\/wp\/v2\/users\/2"}],"replies":[{"embeddable":true,"href":"https:\/\/www.europesays.com\/fr\/wp-json\/wp\/v2\/comments?post=325114"}],"version-history":[{"count":0,"href":"https:\/\/www.europesays.com\/fr\/wp-json\/wp\/v2\/posts\/325114\/revisions"}],"wp:featuredmedia":[{"embeddable":true,"href":"https:\/\/www.europesays.com\/fr\/wp-json\/wp\/v2\/media\/325115"}],"wp:attachment":[{"href":"https:\/\/www.europesays.com\/fr\/wp-json\/wp\/v2\/media?parent=325114"}],"wp:term":[{"taxonomy":"category","embeddable":true,"href":"https:\/\/www.europesays.com\/fr\/wp-json\/wp\/v2\/categories?post=325114"},{"taxonomy":"post_tag","embeddable":true,"href":"https:\/\/www.europesays.com\/fr\/wp-json\/wp\/v2\/tags?post=325114"}],"curies":[{"name":"wp","href":"https:\/\/api.w.org\/{rel}","templated":true}]}}