{"id":32512,"date":"2025-04-17T21:26:24","date_gmt":"2025-04-17T21:26:24","guid":{"rendered":"https:\/\/www.europesays.com\/fr\/32512\/"},"modified":"2025-04-17T21:26:24","modified_gmt":"2025-04-17T21:26:24","slug":"apolline-de-malherbe-mariee-dans-le-plus-grand-des-secrets-cyril-hanouna-lache-une-bombe","status":"publish","type":"post","link":"https:\/\/www.europesays.com\/fr\/32512\/","title":{"rendered":"Apolline de Malherbe mari\u00e9e dans le plus grand des secrets : Cyril Hanouna l\u00e2che une bombe"},"content":{"rendered":"<p>Cyril Hanouna <strong>peaufine sa rentr\u00e9e sur W9<\/strong>. En effet, en septembre prochain, <a href=\"https:\/\/www.public.fr\/cyril-hanouna-appelle-emmanuel-macron-par-telephone-en-direct-a-la-radio\" target=\"_blank\" rel=\"noopener\">l&rsquo;animateur<\/a> et ses chroniqueurs seront de retour \u00e0 l&rsquo;antenne pour une nouvelle saison. <strong>Une nouvelle aventure<\/strong> apr\u00e8s la fermeture brutale de C8 le <strong>28 mars dernier.<\/strong> D&rsquo;ici l\u00e0, donc, le <a href=\"https:\/\/www.public.fr\/sa-devise-cracher-dans-la-soupe-cyril-hanouna-tacle-par-raquel-garrido-un-de-ses-collaborateurs-la-dezingue-illico\" target=\"_blank\" rel=\"noopener\">\u00ab\u00a0trublion du PAF<\/a>\u00a0\u00bb n&rsquo;a pas le temps de s&rsquo;ennuyer d&rsquo;autant qu&rsquo;il a une autre activit\u00e9 en parall\u00e8le. En effet,<strong> <a href=\"https:\/\/www.public.fr\/cyril-hanouna-son-triste-constat-depuis-la-fin-de-tpmp\" target=\"_blank\" rel=\"noopener\">le papa de Lino et Bianca<\/a> officie sur Europe 1<\/strong> o\u00f9 il pr\u00e9sente, tous les apr\u00e8s-midi de 16 heures \u00e0 18 heures, l&rsquo;\u00e9mission \u00ab\u00a0On marche sur la t\u00eate\u00a0\u00bb.<\/p>\n<p>Une \u00e9mission durant laquelle il est entour\u00e9 de <strong>plusieurs chroniqueurs<\/strong> dont <a href=\"https:\/\/www.public.fr\/valerie-benaim-son-idylle-avec-george-clooney-balancee-en-direct-par-cyril-hanouna-elle-est-sortie-avec-le-vrai\" target=\"_blank\" rel=\"noopener\">sa plus fid\u00e8le, Val\u00e9rie B\u00e9na\u00efm <\/a>et durant laquelle il est essentiellement question de politique. Il faut savoir que le programme est n\u00e9 en marge des \u00e9lections l\u00e9gislatives \u00e0 l&rsquo;\u00e9t\u00e9 2024. Ainsi, ce 15 avril, a-t-il parl\u00e9 d&rsquo;<a href=\"https:\/\/www.public.fr\/apolline-de-malherbe-apres-le-meurtre-de-louise-les-propos-de-son-invite-font-polemique\" target=\"_blank\" rel=\"noopener\">une journaliste sp\u00e9cialis\u00e9e en politique<\/a> tr\u00e8s connue. Il s&rsquo;agit d&rsquo;Apolline de Malherbe qui <strong>officie depuis 2013 sur BFM TV<\/strong> o\u00f9 elle est en charge de l&rsquo;entretien de 8h35 diffus\u00e9 en simultan\u00e9 sur RMC.<\/p>\n<p>Si professionnellement, tout semble rouler pour <a href=\"https:\/\/www.public.fr\/apolline-de-malherbe-quitte-son-siege-pour-consoler-un-celebre-chanteur-francais\" target=\"_blank\" rel=\"noopener\">la jolie brune de 45 ans<\/a>, <strong>qu&rsquo;en est-il de sa vie priv\u00e9e ?<\/strong> <a href=\"https:\/\/www.public.fr\/apolline-de-malherbe-obligee-de-faire-une-rectification-concernant-son-invitation-lancee-a-elon-musk\" target=\"_blank\" rel=\"noopener\">La professionnelle de l&rsquo;info<\/a> est <strong>tr\u00e8s discr\u00e8te sur le sujet<\/strong> mais peut compter sur Cyril Hanouna pour d\u00e9voiler quelques secrets aux auditeurs de la station bleue et autant dire que lors de sa derni\u00e8re \u00e9mission, <a href=\"https:\/\/www.public.fr\/tpmp-et-cyril-hanouna-sur-w9-la-liste-des-chroniqueurs-qui-restent-enfin-revelee\" target=\"_blank\" rel=\"noopener\">Baba <\/a>n&rsquo;y est pas all\u00e9 de main morte !<\/p>\n<p>Apolline de Malherbe : la bourde de Cyril Hanouna<\/p>\n<p>L&rsquo;\u00e9mission avait-elle \u00e0 peine commenc\u00e9 que<strong> Cyril Hanouna s&rsquo;est f\u00e9licit\u00e9 de ses excellentes audiences.<\/strong> Chaque jour, ils sont 735 000 auditeurs \u00e0 \u00e9couter \u00ab\u00a0On marche sur la t\u00eate\u00a0\u00bb. Une <strong>progression de 183%<\/strong> en un an. Des chiffres exceptionnels que <a href=\"https:\/\/www.google.com\/url?sa=t&amp;source=web&amp;rct=j&amp;opi=89978449&amp;url=https:\/\/vsd.fr\/77364-ils-me-disaient-pour-la-securite-cet-obstacle-de-taille-dans-les-relations-amoureuses-de-cyril-hanouna\/&amp;ved=2ahUKEwi5h-r8iNyMAxUQe6QEHS8nFSgQFnoECB0QAQ&amp;usg=AOvVaw0sSICECL_21UT2PGU_bhEB\" target=\"_blank\" rel=\"noopener\">le sportif, fan de paddle<\/a>, a voulu partager avec certaines personnalit\u00e9s de son r\u00e9pertoire. Ainsi a-t-il d\u00e9cid\u00e9 de <strong>contacter Apolline de Malherbe<\/strong> mais, <a href=\"https:\/\/www.google.com\/url?sa=t&amp;source=web&amp;rct=j&amp;opi=89978449&amp;url=https:\/\/vsd.fr\/61030-a-portee-de-baffe-apolline-de-malherbe-evoque-les-coulisses-de-ses-interviews-a-enjeux\/&amp;ved=2ahUKEwjzyZqKidyMAxXwRqQEHbIYKsYQFnoECBgQAQ&amp;usg=AOvVaw0y4YPPJv0TmEtMnMsnPrTB\" target=\"_blank\" rel=\"noopener\">la Parisienne <\/a>\u00e9tait sur r\u00e9pondeur.<\/p>\n<p><a href=\"https:\/\/www.google.com\/url?sa=t&amp;source=web&amp;rct=j&amp;opi=89978449&amp;url=https:\/\/vsd.fr\/77496-cyril-hanouna-brise-le-silence-sur-son-idylle-avec-tiphaine-auziere-sa-verite\/&amp;ved=2ahUKEwjsnJ-QidyMAxU2TaQEHbebCd0QFnoECBsQAQ&amp;usg=AOvVaw2sgu7mLu4DioJDeRaoeC3o\" target=\"_blank\" rel=\"noopener\">Le p\u00e8re de famille<\/a> lui a alors laiss\u00e9 un message : \u00ab\u00a0Apolline, c&rsquo;est Cyril Hanouna ma ch\u00e9rie. <strong>T&rsquo;as vu mes chiffres radio quand m\u00eame ? <\/strong>Je voulais t&rsquo;en parler, savoir ce que tu penses de cette d\u00e9flagration m\u00e9diatique.<strong> Je sais que tu t&rsquo;es mari\u00e9e ou que tu vas te marier. <\/strong>T&#8217;embrasseras ton mari, je sais qu&rsquo;il me kiffe, comme l&rsquo;ensemble des personnes\u00a0\u00bb a-t-il lanc\u00e9 surprenant tout le monde en plateau. Enfin, a-t-il fini par confirmer qu&rsquo;elle s&rsquo;\u00e9tait <strong>mari\u00e9e jeudi dernier. <\/strong>Si elle esp\u00e9rait garder cette information secr\u00e8te, c&rsquo;est rat\u00e9. Pour information, <a href=\"https:\/\/www.google.com\/url?sa=t&amp;source=web&amp;rct=j&amp;opi=89978449&amp;url=https:\/\/vsd.fr\/61030-a-portee-de-baffe-apolline-de-malherbe-evoque-les-coulisses-de-ses-interviews-a-enjeux\/&amp;ved=2ahUKEwjyoc_0h9yMAxUPTaQEHcsDF10QFnoECCAQAQ&amp;usg=AOvVaw0y4YPPJv0TmEtMnMsnPrTB\" target=\"_blank\" rel=\"noopener\">la jeune femme<\/a> <strong>partage depuis 2007 la vie d&rsquo;Harold Hauzy<\/strong>, psychanalyste, ancien conseiller en communication de Manuel Valls. Elle est <strong>maman de quatre enfants<\/strong>.<\/p>\n<p>      Mentionn\u00e9s dans cet article<\/p>\n<p>\u00c0 lire aussi<\/p>\n","protected":false},"excerpt":{"rendered":"Cyril Hanouna peaufine sa rentr\u00e9e sur W9. En effet, en septembre prochain, l&rsquo;animateur et ses chroniqueurs seront de&hellip;\n","protected":false},"author":2,"featured_media":32513,"comment_status":"","ping_status":"","sticky":false,"template":"","format":"standard","meta":{"footnotes":""},"categories":[8],"tags":[10848,10943,1083,58,59,1473,1011,27,1930,9353],"class_list":{"0":"post-32512","1":"post","2":"type-post","3":"status-publish","4":"format-standard","5":"has-post-thumbnail","7":"category-divertissement","8":"tag-apolline-de-malherbe","9":"tag-bfm-tv","10":"tag-cyril-hanouna","11":"tag-divertissement","12":"tag-entertainment","13":"tag-europe-1","14":"tag-fr","15":"tag-france","16":"tag-mariage","17":"tag-revelation"},"share_on_mastodon":{"url":"https:\/\/pubeurope.com\/@fr\/114355423395528596","error":""},"_links":{"self":[{"href":"https:\/\/www.europesays.com\/fr\/wp-json\/wp\/v2\/posts\/32512","targetHints":{"allow":["GET"]}}],"collection":[{"href":"https:\/\/www.europesays.com\/fr\/wp-json\/wp\/v2\/posts"}],"about":[{"href":"https:\/\/www.europesays.com\/fr\/wp-json\/wp\/v2\/types\/post"}],"author":[{"embeddable":true,"href":"https:\/\/www.europesays.com\/fr\/wp-json\/wp\/v2\/users\/2"}],"replies":[{"embeddable":true,"href":"https:\/\/www.europesays.com\/fr\/wp-json\/wp\/v2\/comments?post=32512"}],"version-history":[{"count":0,"href":"https:\/\/www.europesays.com\/fr\/wp-json\/wp\/v2\/posts\/32512\/revisions"}],"wp:featuredmedia":[{"embeddable":true,"href":"https:\/\/www.europesays.com\/fr\/wp-json\/wp\/v2\/media\/32513"}],"wp:attachment":[{"href":"https:\/\/www.europesays.com\/fr\/wp-json\/wp\/v2\/media?parent=32512"}],"wp:term":[{"taxonomy":"category","embeddable":true,"href":"https:\/\/www.europesays.com\/fr\/wp-json\/wp\/v2\/categories?post=32512"},{"taxonomy":"post_tag","embeddable":true,"href":"https:\/\/www.europesays.com\/fr\/wp-json\/wp\/v2\/tags?post=32512"}],"curies":[{"name":"wp","href":"https:\/\/api.w.org\/{rel}","templated":true}]}}