{"id":325120,"date":"2025-08-17T15:29:10","date_gmt":"2025-08-17T15:29:10","guid":{"rendered":"https:\/\/www.europesays.com\/fr\/325120\/"},"modified":"2025-08-17T15:29:10","modified_gmt":"2025-08-17T15:29:10","slug":"jacques-ferrandez-une-oeuvre-pour-celebrer-les-splendeurs-eternelles-de-son-algerie-natale","status":"publish","type":"post","link":"https:\/\/www.europesays.com\/fr\/325120\/","title":{"rendered":"Jacques Ferrandez, une \u0153uvre pour c\u00e9l\u00e9brer les splendeurs \u00e9ternelles de son Alg\u00e9rie natale"},"content":{"rendered":"<p data-module=\"fig-standfirst-editorial-episode\" data-context=\"@media (min-width:48em)\">Install\u00e9 \u00e0 Nice, l\u2019auteur des impressionnants Carnets d\u2019Orient et de superbes adaptations dessin\u00e9es de l\u2019\u0153uvre d\u2019Albert Camus continue de raconter au crayon sa patrie perdue.<\/p>\n<p class=\"fig-paragraph fig-paragraph--dropped\">Enfants de la ligne claire belge dont\u00a0<a href=\"http:\/\/www.lefigaro.fr\/arts-expositions\/en-voiture-avec-tintin-a-mulhouse-une-exposition-consacree-aux-vehicules-representes-par-herge-20250404\" data-fig-type=\"Article\" data-gtm-custom-categorie=\"navigation\" data-gtm-custom-action=\"crossclick\" data-gtm-custom-label=\"Contextuel\" data-gtm-event=\"customEventSPE\" data-fig-domain=\"LEFIGARO\" target=\"_blank\" rel=\"noopener\">Herg\u00e9\u00a0<\/a>et\u00a0<a href=\"https:\/\/www.lefigaro.fr\/livres\/75-ans-de-blake-et-mortimer-edgar-p-jacobs-genial-artiste-dans-l-ombre-d-herge-20211117\" data-fig-type=\"Article\" data-gtm-custom-categorie=\"navigation\" data-gtm-custom-action=\"crossclick\" data-gtm-custom-label=\"Contextuel\" data-gtm-event=\"customEventSPE\" data-fig-domain=\"LEFIGARO\" target=\"_blank\" rel=\"noopener\">Edgar P. Jacobs\u00a0<\/a>furent les p\u00e8res, les trois Jacques \u2013 Tardi, Loustal et Ferrandez \u2013 ont chacun impos\u00e9 un univers tr\u00e8s personnel, tour \u00e0 tour joyeux et m\u00e9lancolique, plein de mouvement et d\u2019\u00e9motion, en attachant leur art graphique \u00e0 un romancier.\u00a0<a href=\"http:\/\/www.lefigaro.fr\/livres\/du-rififi-a-menilmontant-de-jacques-tardi-errance-creatrice-et-melancolique-20241121\" data-fig-type=\"Article\" data-gtm-custom-categorie=\"navigation\" data-gtm-custom-action=\"crossclick\" data-gtm-custom-label=\"Contextuel\" data-gtm-event=\"customEventSPE\" data-fig-domain=\"LEFIGARO\" target=\"_blank\" rel=\"noopener\">Tardi<\/a>, c\u2019est C\u00e9line\u2009;\u00a0<a href=\"https:\/\/www.lefigaro.fr\/culture\/carnets-de-voyage-illustrations-bd-jacques-de-loustal-le-faux-nonchalant-20231025\" data-fig-type=\"Article\" data-gtm-custom-categorie=\"navigation\" data-gtm-custom-action=\"crossclick\" data-gtm-custom-label=\"Contextuel\" data-gtm-event=\"customEventSPE\" data-fig-domain=\"LEFIGARO\" target=\"_blank\" rel=\"noopener\">Loustal<\/a>, Simenon et\u00a0<a href=\"http:\/\/www.lefigaro.fr\/culture\/theorie-d-alger-de-sebastien-lapaque-et-jacques-ferrandez-alger-la-blanche-alger-la-noire-20241205\" data-fig-type=\"Article\" data-gtm-custom-categorie=\"navigation\" data-gtm-custom-action=\"crossclick\" data-gtm-custom-label=\"Contextuel\" data-gtm-event=\"customEventSPE\" data-fig-domain=\"LEFIGARO\" target=\"_blank\" rel=\"noopener\">Ferrandez<\/a>, Camus. \u00ab\u00a0Parce que c\u2019\u00e9tait lui, parce que c\u2019\u00e9tait moi\u2026\u00a0\u00bb Il n\u2019y a que les cat\u00e9gories de l\u2019inexprimable, de l\u2019irr\u00e9ductible, pour \u00e9voquer des rencontres d\u2019une telle importance dans une vie d\u2019artiste, si exclusives et d\u00e9terminantes que l\u2019amour fou ou les grandes amiti\u00e9s.<\/p>\n<p class=\"fig-paragraph fig-paragraph--dropped fig-paragraph--dropped-small\">Quand on \u00e9voque\u00a0<a href=\"http:\/\/www.lefigaro.fr\/livres\/le-roman-inacheve-d-albert-camus-mort-dans-un-accident-de-voiture-dans-laquelle-il-n-aurait-jamais-du-etre-20250730\" data-fig-type=\"Article\" data-gtm-custom-categorie=\"navigation\" data-gtm-custom-action=\"crossclick\" data-gtm-custom-label=\"Contextuel\" data-gtm-event=\"customEventSPE\" data-fig-domain=\"LEFIGARO\" target=\"_blank\" rel=\"noopener\">Albert Camus\u00a0<\/a>avec Jacques Ferrandez, dont il a mis en cases L\u2019\u00c9tranger, Le Premier Homme et L\u2019H\u00f4te (Gallimard), une nouvelle du recueil L\u2019Exil et le Royaume, on est surpris de constater que sa s\u00e9duction continue d\u2019op\u00e9rer comme au premier jour. C\u2019est le propre de la gr\u00e2ce. Et Albert Camus, qui a consacr\u00e9 \u00e0 saint Augustin son m\u00e9moire de dipl\u00f4me d\u2019\u00e9tudes sup\u00e9rieures\u2026<\/p>\n<p class=\"fig-premium-paywall__infos\">\n        Cet article est r\u00e9serv\u00e9 aux abonn\u00e9s.        Il vous reste 89% \u00e0 d\u00e9couvrir.\n    <\/p>\n<p>                <img  data- alt=\"Le Figaro\" class=\"fig-img--complete fig-img\"\/><\/p>\n<p class=\"fig-premium-paywall__title\">Vente Flash<\/p>\n<p class=\"fig-premium-paywall__subtitle\">4,99\u20ac par mois pendant 12 mois. Sans engagement<\/p>\n<p class=\"fig-premium-paywall__connect\">\n                D\u00e9j\u00e0 abonn\u00e9\u00a0?                <a class=\"fig-premium-paywall__connect-link\" href=\"https:\/\/connect.lefigaro.fr\/login?client=horizon_web&amp;type=main&amp;redirect_uri=https%3A%2F%2Fwww.lefigaro.fr%2Farts-expositions%2Fjacques-ferrandez-une-oeuvre-pour-celebrer-les-splendeurs-eternelles-de-son-algerie-natale-20250817\" data-js-gtm=\"{&quot;customCategorie&quot;: &quot;conversion&quot;, &quot;customAction&quot;: &quot;before_Landing_Connexion_paywall_auto&quot;, &quot;customLabel&quot;: &quot;bGVmaWdhcm8uZnJfXzFmMDc4MjdmLWQwMzItNmJlYy05M2Q5LTExZTE0YTJiMjllMV9fQXJ0aWNsZQ==_Jacques Ferrandez, une \u0153uvre pour c\u00e9l\u00e9brer les splendeurs \u00e9ternelles de son Alg\u00e9rie natale_381&quot;, &quot;customIDSPE&quot;: &quot;bGVmaWdhcm8uZnJfXzFmMDc4MjdmLWQwMzItNmJlYy05M2Q5LTExZTE0YTJiMjllMV9fQXJ0aWNsZQ==&quot;, &quot;event&quot;: &quot;customEventSPE&quot;}\" target=\"_blank\" rel=\"noopener\"><br \/>\n                    Connectez-vous<br \/>\n                <\/a>\n            <\/p>\n","protected":false},"excerpt":{"rendered":"Install\u00e9 \u00e0 Nice, l\u2019auteur des impressionnants Carnets d\u2019Orient et de superbes adaptations dessin\u00e9es de l\u2019\u0153uvre d\u2019Albert Camus continue&hellip;\n","protected":false},"author":2,"featured_media":325121,"comment_status":"","ping_status":"","sticky":false,"template":"","format":"standard","meta":{"footnotes":""},"categories":[1358],"tags":[46215,15,1659,1348,1384,1385,1386,5804,58,59,1011,27],"class_list":{"0":"post-325120","1":"post","2":"type-post","3":"status-publish","4":"format-standard","5":"has-post-thumbnail","7":"category-arts-et-design","8":"tag-albert-camus","9":"tag-algerie","10":"tag-art-de-vivre","11":"tag-arts","12":"tag-arts-and-design","13":"tag-arts-et-design","14":"tag-design","15":"tag-dessin","16":"tag-divertissement","17":"tag-entertainment","18":"tag-fr","19":"tag-france"},"share_on_mastodon":{"url":"https:\/\/pubeurope.com\/@fr\/115044821479885541","error":""},"_links":{"self":[{"href":"https:\/\/www.europesays.com\/fr\/wp-json\/wp\/v2\/posts\/325120","targetHints":{"allow":["GET"]}}],"collection":[{"href":"https:\/\/www.europesays.com\/fr\/wp-json\/wp\/v2\/posts"}],"about":[{"href":"https:\/\/www.europesays.com\/fr\/wp-json\/wp\/v2\/types\/post"}],"author":[{"embeddable":true,"href":"https:\/\/www.europesays.com\/fr\/wp-json\/wp\/v2\/users\/2"}],"replies":[{"embeddable":true,"href":"https:\/\/www.europesays.com\/fr\/wp-json\/wp\/v2\/comments?post=325120"}],"version-history":[{"count":0,"href":"https:\/\/www.europesays.com\/fr\/wp-json\/wp\/v2\/posts\/325120\/revisions"}],"wp:featuredmedia":[{"embeddable":true,"href":"https:\/\/www.europesays.com\/fr\/wp-json\/wp\/v2\/media\/325121"}],"wp:attachment":[{"href":"https:\/\/www.europesays.com\/fr\/wp-json\/wp\/v2\/media?parent=325120"}],"wp:term":[{"taxonomy":"category","embeddable":true,"href":"https:\/\/www.europesays.com\/fr\/wp-json\/wp\/v2\/categories?post=325120"},{"taxonomy":"post_tag","embeddable":true,"href":"https:\/\/www.europesays.com\/fr\/wp-json\/wp\/v2\/tags?post=325120"}],"curies":[{"name":"wp","href":"https:\/\/api.w.org\/{rel}","templated":true}]}}