{"id":325122,"date":"2025-08-17T15:30:15","date_gmt":"2025-08-17T15:30:15","guid":{"rendered":"https:\/\/www.europesays.com\/fr\/325122\/"},"modified":"2025-08-17T15:30:15","modified_gmt":"2025-08-17T15:30:15","slug":"cest-la-fete-du-livre-a-saint-armand-m105-fm-1049","status":"publish","type":"post","link":"https:\/\/www.europesays.com\/fr\/325122\/","title":{"rendered":"C&rsquo;est la F\u00eate du livre \u00e0 Saint-Armand &#8211; M105 &#8211; FM 104,9"},"content":{"rendered":"<p>\t\t\t\t\t\t\t\t\t\t\t\tC\u2019est la F\u00eate du livre \u00e0 Saint-Armand\t\t\t\t\t\t\t\t\t\t\t\t\t\t<\/p>\n<ul class=\"slides\">\n<li>\n\t\t\t\t\t\t\t\t\t\t\t\t\t\t\t<img width=\"700\" height=\"520\" src=\"https:\/\/www.europesays.com\/fr\/wp-content\/uploads\/2025\/08\/NEWS-Livres-Pixabay.jpg\" class=\"attachment-full size-full wp-post-image\" alt=\"\" decoding=\"async\" fetchpriority=\"high\"  \/>\t\t\t\t\t\t\t\t\t\t\t\t\t<\/li>\n<\/ul>\n<p>Source Image : Source image : Pixabay<\/p>\n<p>Les amateurs de lectures seront heureux d\u2019entendre que la F\u00eate du livre de Saint-Armand est de retour pour une 4e \u00e9dition au vers la fin du mois d\u2019ao\u00fbt 2025.  <\/p>\n<p>Pr\u00e8s de 30 autrices et auteurs seront pr\u00e9sents \u00e0 la Grange \u00e0 livres du Clos de l\u2019Orme blanc le 30 ao\u00fbt entre 10h et 19h pour d\u00e9dicacer leurs oeuvres.  <\/p>\n<p>Les adeptes de litt\u00e9rature pourront d\u00e9couvrir albums, romans, essais, BD et auront la chance de rencontrer et discuter avec une multitude d\u2019invit\u00e9s.  <\/p>\n<p>Plus de d\u00e9tails sur la page Facebook de la F\u00eate du livre de Saint-Armand.<\/p>\n<p>\t\tPartager sur les r\u00e9seaux!<\/p>\n","protected":false},"excerpt":{"rendered":"C\u2019est la F\u00eate du livre \u00e0 Saint-Armand Source Image : Source image : Pixabay Les amateurs de lectures&hellip;\n","protected":false},"author":2,"featured_media":325123,"comment_status":"","ping_status":"","sticky":false,"template":"","format":"standard","meta":{"footnotes":""},"categories":[1357],"tags":[1379,58,59,1011,27,1380],"class_list":{"0":"post-325122","1":"post","2":"type-post","3":"status-publish","4":"format-standard","5":"has-post-thumbnail","7":"category-livres","8":"tag-books","9":"tag-divertissement","10":"tag-entertainment","11":"tag-fr","12":"tag-france","13":"tag-livres"},"share_on_mastodon":{"url":"https:\/\/pubeurope.com\/@fr\/115044825508144544","error":""},"_links":{"self":[{"href":"https:\/\/www.europesays.com\/fr\/wp-json\/wp\/v2\/posts\/325122","targetHints":{"allow":["GET"]}}],"collection":[{"href":"https:\/\/www.europesays.com\/fr\/wp-json\/wp\/v2\/posts"}],"about":[{"href":"https:\/\/www.europesays.com\/fr\/wp-json\/wp\/v2\/types\/post"}],"author":[{"embeddable":true,"href":"https:\/\/www.europesays.com\/fr\/wp-json\/wp\/v2\/users\/2"}],"replies":[{"embeddable":true,"href":"https:\/\/www.europesays.com\/fr\/wp-json\/wp\/v2\/comments?post=325122"}],"version-history":[{"count":0,"href":"https:\/\/www.europesays.com\/fr\/wp-json\/wp\/v2\/posts\/325122\/revisions"}],"wp:featuredmedia":[{"embeddable":true,"href":"https:\/\/www.europesays.com\/fr\/wp-json\/wp\/v2\/media\/325123"}],"wp:attachment":[{"href":"https:\/\/www.europesays.com\/fr\/wp-json\/wp\/v2\/media?parent=325122"}],"wp:term":[{"taxonomy":"category","embeddable":true,"href":"https:\/\/www.europesays.com\/fr\/wp-json\/wp\/v2\/categories?post=325122"},{"taxonomy":"post_tag","embeddable":true,"href":"https:\/\/www.europesays.com\/fr\/wp-json\/wp\/v2\/tags?post=325122"}],"curies":[{"name":"wp","href":"https:\/\/api.w.org\/{rel}","templated":true}]}}