{"id":325124,"date":"2025-08-17T15:31:10","date_gmt":"2025-08-17T15:31:10","guid":{"rendered":"https:\/\/www.europesays.com\/fr\/325124\/"},"modified":"2025-08-17T15:31:10","modified_gmt":"2025-08-17T15:31:10","slug":"cette-actrice-va-bientot-revenir-pour-interpr","status":"publish","type":"post","link":"https:\/\/www.europesays.com\/fr\/325124\/","title":{"rendered":"cette actrice va bient\u00f4t revenir pour interpr &#8230;"},"content":{"rendered":"<p>EN BREF<\/p>\n<ul class=\"bloc_resume_post_list\">\n<li>Ana\u00efs Fabre revient dans Plus belle la vie en octobre<br \/>\n2025 pour incarner Audrey, une agente immobili\u00e8re aidant<br \/>\nJennifer.<\/li>\n<li>Elle a d\u00e9j\u00e0 jou\u00e9 deux r\u00f4les dans la s\u00e9rie, en 2004 et<br \/>\n2011-2012, marquant son troisi\u00e8me retour.<\/li>\n<li>Son retour suscite des r\u00e9actions mitig\u00e9es parmi les fans,<br \/>\ncertains regrettant la multiplication des intrigues.<\/li>\n<\/ul>\n<p data-start=\"175\" data-end=\"474\">Les fans de <a href=\"https:\/\/www.telestar.fr\/serie_tv\/pblv\/plus-belle-la-vie-apres-michel-cordes-et-marwan-berreni-un-nouveau-suicide-frappe-la-serie-1734979\" target=\"_blank\" rel=\"noopener\"><br \/>\nPlus belle la vie<\/a> vont<br \/>\nbient\u00f4t revoir un visage <strong>familier<\/strong>. Selon les<br \/>\ninformations du compte @PBLVTF1, la com\u00e9dienne <strong>Ana\u00efs<br \/>\nFabre<\/strong> fera son <strong>retour<\/strong> dans la s\u00e9rie<br \/>\ncourant octobre 2025. Elle incarnera <strong>Audrey<\/strong>, une<br \/>\nagente immobili\u00e8re qui viendra en aide \u00e0 Jennifer dans sa recherche<br \/>\nd\u2019appartement.<\/p>\n<p data-start=\"476\" data-end=\"833\">Il ne s\u2019agit pas d\u2019une premi\u00e8re<br \/>\npour l\u2019actrice dans la fiction marseillaise. Elle y a d\u00e9j\u00e0 camp\u00e9<br \/>\n<strong>deux r\u00f4les<\/strong> par le pass\u00e9 : une premi\u00e8re fois en<br \/>\n2004 en interpr\u00e9tant une <strong>amie de Johanna,<\/strong><br \/>\n\u00e9galement pr\u00e9nomm\u00e9e Audrey, puis en 2011-2012 dans la peau de<br \/>\nFlorence Galeano, <strong>proche de Nathan<\/strong>. Ce retour<br \/>\nmarquera donc sa troisi\u00e8me participation au feuilleton culte.<\/p>\n<p>Qui est Ana\u00efs Fabre ? Une habitu\u00e9e des s\u00e9ries t\u00e9l\u00e9 comme Plus<br \/>\nbelle la vie<\/p>\n<p data-start=\"876\" data-end=\"1233\">R\u00e9v\u00e9l\u00e9e au grand public d\u00e8s<br \/>\n2006, Ana\u00efs Fabre s\u2019est illustr\u00e9e dans de nombreux feuilletons<br \/>\nfran\u00e7ais comme <strong>Commissaire Laviolette, Vestiaires<\/strong> ou encore <a href=\"https:\/\/www.telestar.fr\/serie_tv\/camping-paradis-un-episode-inedit-tourne-a-letranger-bientot-diffuse-sur-tf1-1686793\" target=\"_blank\" rel=\"noopener\"><br \/>\nCamping Paradis<\/a>. Les<br \/>\nt\u00e9l\u00e9spectateurs ont ensuite pu la retrouver dans<br \/>\n<strong>Balthazar<\/strong> (2019), <strong>Ils \u00e9taient dix<\/strong> (2021) et m\u00eame<br \/>\ndans la s\u00e9rie Netflix <strong>The Eddy<\/strong>, aux c\u00f4t\u00e9s de <a href=\"https:\/\/www.telestar.fr\/actu_tv\/c-a-vous-laffiche-tahar-rahim-gene-par-la-diffusion-dune-photo-denfance-par-anne-elisabeth-lemoine-1723495\" target=\"_blank\" rel=\"noopener\"><br \/>\nTahar Rahim<\/a> et <a href=\"https:\/\/www.telestar.fr\/people\/20h30-le-dimanche-premiere-fois-pour-leila-bekhti-laurent-delahousse-est-tout-fier-de-son-coup-1714000\" target=\"_blank\" rel=\"noopener\"><br \/>\nLe\u00efla Bekhti<\/a>.<\/p>\n<p data-start=\"1235\" data-end=\"1621\">Au cin\u00e9ma, la com\u00e9dienne a<br \/>\n\u00e9galement fait ses preuves. Apr\u00e8s <strong>Les Vacances de Ducobu<\/strong> (2011), elle<br \/>\nencha\u00eene avec <strong>Les<br \/>\nCrevettes Paillet\u00e9es<\/strong> (2019) ou encore<br \/>\n<strong>Villa<br \/>\nCaprice<\/strong> (2020) face \u00e0 <a href=\"https:\/\/www.telestar.fr\/actu_tv\/cetait-vous-les-strings-de-patrick-bruel-derapage-incontrole-pour-nagui-une-candidate-ne-sattendait-pas-a-tant-1730267\" target=\"_blank\" rel=\"noopener\"><br \/>\nPatrick Bruel<\/a>. Plus r\u00e9cemment, elle a marqu\u00e9 les fans<br \/>\nd\u2019<a href=\"https:\/\/www.telestar.fr\/serie_tv\/ici-tout-commence-elsa-bois-debarque-a-linstitut-et-quitte-le-parquet-de-danse-avec-les-stars-1734972\" target=\"_blank\" rel=\"noopener\">Ici tout commence<\/a> dans le r\u00f4le de<br \/>\n<strong>Fanny, l\u2019ex de Lisandro<\/strong> venue semer le trouble<br \/>\ndans le quotidien des \u00e9l\u00e8ves et professeurs de l\u2019Institut.<\/p>\n<p>Des retours qui divisent les fans du<br \/>\nprogramme de TF1<\/p>\n<p data-start=\"1669\" data-end=\"2065\">Si l\u2019arriv\u00e9e de nouveaux<br \/>\nvisages <strong>r\u00e9jouit<\/strong> certains t\u00e9l\u00e9spectateurs, d\u2019autres<br \/>\n<strong>regrettent une multiplication excessive des intrigues et<br \/>\ndes personnages<\/strong>. \u201cC\u2019est incroyable tous les<br \/>\n<strong>guests qu\u2019il y a dans cette nouvelle s\u00e9rie.<\/strong> Toutes<br \/>\nles semaines il y a <strong>deux ou trois nouveaux personnages. Si<br \/>\ntu as loup\u00e9 deux semaines, t\u2019es mort. C\u2019est<br \/>\ninregardable<\/strong>.\u2019\u2019 a comment\u00e9 le journaliste Cl\u00e9ment<br \/>\nGarin sur X.<\/p>\n<p data-start=\"2067\" data-end=\"2359\">Un avis partag\u00e9 par une partie<br \/>\ndu public qui d\u00e9plore \u00e9galement que les <strong>figures historiques<br \/>\nde Plus belle la vie<br \/>\nsoient rel\u00e9gu\u00e9es au second plan<\/strong>. Ce retour d\u2019Ana\u00efs Fabre<br \/>\nsera-t-il l\u2019occasion de <strong>r\u00e9concilier<\/strong> les anciens<br \/>\nfid\u00e8les avec cette nouvelle version ? R\u00e9ponse dans les prochains<br \/>\nmois.<\/p>\n","protected":false},"excerpt":{"rendered":"EN BREF Ana\u00efs Fabre revient dans Plus belle la vie en octobre 2025 pour incarner Audrey, une agente&hellip;\n","protected":false},"author":2,"featured_media":325125,"comment_status":"","ping_status":"","sticky":false,"template":"","format":"standard","meta":{"footnotes":""},"categories":[1356],"tags":[548,58,59,1011,27,1368,252,1364],"class_list":{"0":"post-325124","1":"post","2":"type-post","3":"status-publish","4":"format-standard","5":"has-post-thumbnail","7":"category-television","8":"tag-article-simple","9":"tag-divertissement","10":"tag-entertainment","11":"tag-fr","12":"tag-france","13":"tag-plus-belle-la-vie","14":"tag-television","15":"tag-tv"},"share_on_mastodon":{"url":"https:\/\/pubeurope.com\/@fr\/115044829934912568","error":""},"_links":{"self":[{"href":"https:\/\/www.europesays.com\/fr\/wp-json\/wp\/v2\/posts\/325124","targetHints":{"allow":["GET"]}}],"collection":[{"href":"https:\/\/www.europesays.com\/fr\/wp-json\/wp\/v2\/posts"}],"about":[{"href":"https:\/\/www.europesays.com\/fr\/wp-json\/wp\/v2\/types\/post"}],"author":[{"embeddable":true,"href":"https:\/\/www.europesays.com\/fr\/wp-json\/wp\/v2\/users\/2"}],"replies":[{"embeddable":true,"href":"https:\/\/www.europesays.com\/fr\/wp-json\/wp\/v2\/comments?post=325124"}],"version-history":[{"count":0,"href":"https:\/\/www.europesays.com\/fr\/wp-json\/wp\/v2\/posts\/325124\/revisions"}],"wp:featuredmedia":[{"embeddable":true,"href":"https:\/\/www.europesays.com\/fr\/wp-json\/wp\/v2\/media\/325125"}],"wp:attachment":[{"href":"https:\/\/www.europesays.com\/fr\/wp-json\/wp\/v2\/media?parent=325124"}],"wp:term":[{"taxonomy":"category","embeddable":true,"href":"https:\/\/www.europesays.com\/fr\/wp-json\/wp\/v2\/categories?post=325124"},{"taxonomy":"post_tag","embeddable":true,"href":"https:\/\/www.europesays.com\/fr\/wp-json\/wp\/v2\/tags?post=325124"}],"curies":[{"name":"wp","href":"https:\/\/api.w.org\/{rel}","templated":true}]}}