{"id":325126,"date":"2025-08-17T15:32:12","date_gmt":"2025-08-17T15:32:12","guid":{"rendered":"https:\/\/www.europesays.com\/fr\/325126\/"},"modified":"2025-08-17T15:32:12","modified_gmt":"2025-08-17T15:32:12","slug":"fieldy-korn-semble-avoir-trouve-un-nouveau-supergroupe","status":"publish","type":"post","link":"https:\/\/www.europesays.com\/fr\/325126\/","title":{"rendered":"Fieldy (Korn) semble avoir trouv\u00e9 un nouveau supergroupe"},"content":{"rendered":"<p><strong>Un nouveau projet attire l\u2019attention : Fieldy, bassiste historique de <a href=\"https:\/\/www.metalzone.fr\/korn\/\" rel=\"nofollow noopener\" target=\"_blank\">Korn<\/a> en retrait depuis 2021, semble avoir rejoint un supergroupe en gestation aux c\u00f4t\u00e9s de musiciens issus de <a href=\"https:\/\/www.metalzone.fr\/sepultura\/\" rel=\"nofollow noopener\" target=\"_blank\">Sepultura<\/a> et de <a href=\"https:\/\/www.metalzone.fr\/fear-factory\/\" rel=\"nofollow noopener\" target=\"_blank\">Fear Factory<\/a>.<\/strong><\/p>\n<p>Fieldy s\u2019associe \u00e0 de nouveaux compagnons<\/p>\n<p>Une photo publi\u00e9e par Christian Olde Wolbers, ancien membre de Fear Factory, montre Fieldy aux c\u00f4t\u00e9s du batteur de Sepultura Greyson Nekrutman. L\u2019image a imm\u00e9diatement suscit\u00e9 des sp\u00e9culations sur la formation d\u2019un supergroupe. Dans les commentaires, Wolbers a interpell\u00e9 B-Real de Cypress Hill en \u00e9crivant : \u201cOn en a deux dans le sac\u201d, sugg\u00e9rant que deux morceaux auraient d\u00e9j\u00e0 \u00e9t\u00e9 enregistr\u00e9s. \u00c0 un internaute qui s\u2019interrogeait sur un retour de Fieldy au sein de Korn, Wolbers a r\u00e9pondu : \u201cIl s\u2019amuse davantage avec nous\u201d.<\/p>\n<p>Un statut toujours incertain avec Korn<\/p>\n<p>Depuis son retrait en 2021, Fieldy est rest\u00e9 distant de Korn, m\u00eame si ses r\u00e9centes d\u00e9clarations confirment qu\u2019il n\u2019y a aucune animosit\u00e9 envers ses anciens camarades. Il y a peu de temps, il d\u00e9clarait : \u201cJe les aime, nous sommes comme des fr\u00e8res. Nous sommes juste \u00e0 des \u00e9tapes diff\u00e9rentes de notre vie en ce moment\u201d. Cette distance avait d\u00e9j\u00e0 \u00e9t\u00e9 \u00e9voqu\u00e9e dans une pr\u00e9c\u00e9dente interview, o\u00f9 il confiait ne pas avoir parl\u00e9 aux membres du groupe depuis 2019, tout en affirmant qu\u2019il respectait leur parcours (<a href=\"https:\/\/www.metalzone.fr\/news\/210939-reginald-fieldy-arvizu-pas-parle-membres-korn-depuis-2019\/\" target=\"_blank\" rel=\"noopener nofollow\">article \u00e0 relire ici<\/a>).<\/p>\n<p>Comme rappel\u00e9 <a href=\"https:\/\/www.metalzone.fr\/news\/213978-korn-fieldy-laisse-porte-ouverte\/\" target=\"_blank\" rel=\"noopener nofollow\">dans un autre article<\/a>, le bassiste avait d\u00e9j\u00e0 laiss\u00e9 entendre qu\u2019un retour n\u2019\u00e9tait pas totalement exclu, tout en pr\u00e9cisant avoir d\u2019autres priorit\u00e9s. Ce nouveau projet confirme qu\u2019il continue \u00e0 avancer musicalement, loin de son groupe d\u2019origine.<\/p>\n<blockquote class=\"instagram-media\" style=\"background: #FFF; border: 0; border-radius: 3px; box-shadow: 0 0 1px 0 rgba(0,0,0,0.5),0 1px 10px 0 rgba(0,0,0,0.15); margin: 1px; max-width: 540px; min-width: 326px; padding: 0; width: calc(100% - 2px);\" data-instgrm-captioned=\"\" data-instgrm-permalink=\"https:\/\/www.instagram.com\/p\/DNV7rSiR11S\/?utm_source=ig_embed&amp;utm_campaign=loading\" data-instgrm-version=\"14\" data-darkreader-inline-bgimage=\"\" data-darkreader-inline-bgcolor=\"\" data-darkreader-inline-border-top=\"\" data-darkreader-inline-border-right=\"\" data-darkreader-inline-border-bottom=\"\" data-darkreader-inline-border-left=\"\" data-darkreader-inline-boxshadow=\"\"\/><p><script async src=\"\/\/www.instagram.com\/embed.js\"><\/script><\/p>\n","protected":false},"excerpt":{"rendered":"Un nouveau projet attire l\u2019attention : Fieldy, bassiste historique de Korn en retrait depuis 2021, semble avoir rejoint&hellip;\n","protected":false},"author":2,"featured_media":325127,"comment_status":"","ping_status":"","sticky":false,"template":"","format":"standard","meta":{"footnotes":""},"categories":[1355],"tags":[58,59,1011,27,1361,873],"class_list":{"0":"post-325126","1":"post","2":"type-post","3":"status-publish","4":"format-standard","5":"has-post-thumbnail","7":"category-musique","8":"tag-divertissement","9":"tag-entertainment","10":"tag-fr","11":"tag-france","12":"tag-music","13":"tag-musique"},"share_on_mastodon":{"url":"https:\/\/pubeurope.com\/@fr\/115044833252731839","error":""},"_links":{"self":[{"href":"https:\/\/www.europesays.com\/fr\/wp-json\/wp\/v2\/posts\/325126","targetHints":{"allow":["GET"]}}],"collection":[{"href":"https:\/\/www.europesays.com\/fr\/wp-json\/wp\/v2\/posts"}],"about":[{"href":"https:\/\/www.europesays.com\/fr\/wp-json\/wp\/v2\/types\/post"}],"author":[{"embeddable":true,"href":"https:\/\/www.europesays.com\/fr\/wp-json\/wp\/v2\/users\/2"}],"replies":[{"embeddable":true,"href":"https:\/\/www.europesays.com\/fr\/wp-json\/wp\/v2\/comments?post=325126"}],"version-history":[{"count":0,"href":"https:\/\/www.europesays.com\/fr\/wp-json\/wp\/v2\/posts\/325126\/revisions"}],"wp:featuredmedia":[{"embeddable":true,"href":"https:\/\/www.europesays.com\/fr\/wp-json\/wp\/v2\/media\/325127"}],"wp:attachment":[{"href":"https:\/\/www.europesays.com\/fr\/wp-json\/wp\/v2\/media?parent=325126"}],"wp:term":[{"taxonomy":"category","embeddable":true,"href":"https:\/\/www.europesays.com\/fr\/wp-json\/wp\/v2\/categories?post=325126"},{"taxonomy":"post_tag","embeddable":true,"href":"https:\/\/www.europesays.com\/fr\/wp-json\/wp\/v2\/tags?post=325126"}],"curies":[{"name":"wp","href":"https:\/\/api.w.org\/{rel}","templated":true}]}}