{"id":325128,"date":"2025-08-17T15:33:09","date_gmt":"2025-08-17T15:33:09","guid":{"rendered":"https:\/\/www.europesays.com\/fr\/325128\/"},"modified":"2025-08-17T15:33:09","modified_gmt":"2025-08-17T15:33:09","slug":"un-terme-polemique-de-star-wars-a-lorigine-dun-mouvement-bien-reel","status":"publish","type":"post","link":"https:\/\/www.europesays.com\/fr\/325128\/","title":{"rendered":"Un terme pol\u00e9mique de Star Wars \u00e0 l\u2019origine d\u2019un mouvement bien r\u00e9el"},"content":{"rendered":"<p class=\"chapo\">Un terme p\u00e9joratif issu de l\u2019univers Star Wars a r\u00e9cemment d\u00e9pass\u00e9 le cadre de la fiction pour s\u2019ancrer dans la r\u00e9alit\u00e9. Ce mot, longtemps employ\u00e9 dans la saga, est d\u00e9sormais r\u00e9cup\u00e9r\u00e9 par une communaut\u00e9 pour porter une cause bien r\u00e9elle.<\/p>\n<p>Tl;dr<\/p>\n<ul>\n<li>Le terme \u00ab clanker \u00bb explose en ligne en 2025.<\/li>\n<li>Il symbolise la d\u00e9fiance envers l\u2019intelligence artificielle.<\/li>\n<li>\u00ab Star Wars \u00bb influence profond\u00e9ment culture et d\u00e9bats contemporains.<\/li>\n<\/ul>\n<p>Une galaxie loin d\u2019\u00eatre si lointaine<\/p>\n<p>Difficile d\u2019imaginer aujourd\u2019hui une pop culture sans la marque ind\u00e9l\u00e9bile laiss\u00e9e par <a href=\"https:\/\/www.24matins.fr\/disney-devoile-un-trailer-special-explorant-les-recoins-meconnus-de-lunivers-star-wars-1394142\" rel=\"nofollow noopener\" target=\"_blank\"><strong>Star Wars<\/strong><\/a>. Depuis pr\u00e8s de cinquante ans, l\u2019univers imagin\u00e9 par George Lucas ne cesse de s\u2019\u00e9tendre, renouvelant son influence bien au-del\u00e0 des \u00e9crans. En y repensant, chaque d\u00e9cennie am\u00e8ne son lot de prolongements : romans, s\u00e9ries anim\u00e9es comme celles de Genndy Tartakovsky ou encore les innovations narratives initi\u00e9es par des cr\u00e9ateurs tels que Dave Filoni. Mais depuis peu, un d\u00e9tail presque anodin du folklore galactique s\u2019est hiss\u00e9 au c\u0153ur des discussions contemporaines : le mot \u00ab clanker \u00bb.<\/p>\n<p>L\u2019\u00e9mergence d\u2019un symbole inattendu<\/p>\n<p>Le terme \u00ab clanker \u00bb, \u00e0 l\u2019origine simple insulte lanc\u00e9e par les clones contre les dro\u00efdes dans le jeu vid\u00e9o de 2005 <strong>Star Wars: Republic Commando<\/strong>, a connu une trajectoire surprenante. Sa popularit\u00e9, d\u2019abord discr\u00e8te, a v\u00e9ritablement d\u00e9coll\u00e9 avec la s\u00e9rie anim\u00e9e <a href=\"https:\/\/www.24matins.fr\/une-saison-2-dobi-wan-kenobi-credible-devrait-conclure-cette-intrigue-laissee-par-the-clone-wars-1392350\" rel=\"nofollow noopener\" target=\"_blank\"><strong>The Clone Wars<\/strong><\/a>. L\u00e0, l\u2019explication donn\u00e9e par Obi-Wan Kenobi \u2014 le bruit m\u00e9tallique caract\u00e9ristique des dro\u00efdes \u2014 a contribu\u00e9 \u00e0 ancrer l\u2019expression dans le vocabulaire des fans.<\/p>\n<p>Mais c\u2019est en 2025 que tout bascule. La ressortie de \u00ab La Revanche des Sith \u00bb, la vogue retrouv\u00e9e pour \u00ab Andor \u00bb, et une collaboration remarqu\u00e9e entre <strong>Star Wars<\/strong> et le jeu Fortnite, relancent massivement l\u2019int\u00e9r\u00eat pour les conflits entre R\u00e9publicains et S\u00e9paratistes. Sur les r\u00e9seaux sociaux, une g\u00e9n\u00e9ration enti\u00e8re s\u2019approprie alors le terme \u00ab clankers \u00bb pour d\u00e9signer non plus seulement les robots de fiction, mais aussi\u2026 les intelligences artificielles bien r\u00e9elles.<\/p>\n<p>La r\u00e9sistance s\u2019organise face aux IA<\/p>\n<p>Rien d\u2019\u00e9tonnant finalement \u00e0 voir la saga occuper ce terrain. Les rapports ambivalents qu\u2019entretient la franchise avec ses cr\u00e9atures m\u00e9caniques \u2014 depuis l\u2019asservissement de C-3PO et R2-D2 jusqu\u2019au rejet dont ils font l\u2019objet \u2014 r\u00e9sonnent \u00e9trangement avec nos craintes actuelles. Cette ann\u00e9e-l\u00e0, la d\u00e9fiance envers l\u2019IA atteint un point de non-retour\u202f:<\/p>\n<ul>\n<li>L\u2019irruption massive d\u2019images g\u00e9n\u00e9r\u00e9es artificiellement sur Internet \u00e9puise les internautes ;<\/li>\n<li>L\u2019industrie hollywoodienne tente d\u2019automatiser sa production au grand dam du public ;<\/li>\n<li>M\u00eame un g\u00e9ant comme Disney doit reculer devant le toll\u00e9 provoqu\u00e9 par ses projets impliquant l\u2019IA.<\/li>\n<\/ul>\n<p>L\u2019esprit Star Wars, moteur de contestation ?<\/p>\n<p>\u00c0 travers ce glissement lexical et culturel, \u00ab clanker \u00bb est devenu le cri de ralliement d\u2019une jeunesse exc\u00e9d\u00e9e par la mont\u00e9e en puissance des intelligences artificielles pilot\u00e9es par la Silicon Valley. Un pied-de-nez ironique \u00e0 une technologie qui inqui\u00e8te autant qu\u2019elle fascine. Et si finalement, dans cette bataille in\u00e9dite contre la domination algorithmique, il suffisait de ne pas laisser gagner les \u00ab clankers \u00bb\u202f?<\/p>\n","protected":false},"excerpt":{"rendered":"Un terme p\u00e9joratif issu de l\u2019univers Star Wars a r\u00e9cemment d\u00e9pass\u00e9 le cadre de la fiction pour s\u2019ancrer&hellip;\n","protected":false},"author":2,"featured_media":325129,"comment_status":"","ping_status":"","sticky":false,"template":"","format":"standard","meta":{"footnotes":""},"categories":[1354],"tags":[58,59,1346,1011,27,1360],"class_list":{"0":"post-325128","1":"post","2":"type-post","3":"status-publish","4":"format-standard","5":"has-post-thumbnail","7":"category-films","8":"tag-divertissement","9":"tag-entertainment","10":"tag-films","11":"tag-fr","12":"tag-france","13":"tag-movies"},"share_on_mastodon":{"url":"","error":""},"_links":{"self":[{"href":"https:\/\/www.europesays.com\/fr\/wp-json\/wp\/v2\/posts\/325128","targetHints":{"allow":["GET"]}}],"collection":[{"href":"https:\/\/www.europesays.com\/fr\/wp-json\/wp\/v2\/posts"}],"about":[{"href":"https:\/\/www.europesays.com\/fr\/wp-json\/wp\/v2\/types\/post"}],"author":[{"embeddable":true,"href":"https:\/\/www.europesays.com\/fr\/wp-json\/wp\/v2\/users\/2"}],"replies":[{"embeddable":true,"href":"https:\/\/www.europesays.com\/fr\/wp-json\/wp\/v2\/comments?post=325128"}],"version-history":[{"count":0,"href":"https:\/\/www.europesays.com\/fr\/wp-json\/wp\/v2\/posts\/325128\/revisions"}],"wp:featuredmedia":[{"embeddable":true,"href":"https:\/\/www.europesays.com\/fr\/wp-json\/wp\/v2\/media\/325129"}],"wp:attachment":[{"href":"https:\/\/www.europesays.com\/fr\/wp-json\/wp\/v2\/media?parent=325128"}],"wp:term":[{"taxonomy":"category","embeddable":true,"href":"https:\/\/www.europesays.com\/fr\/wp-json\/wp\/v2\/categories?post=325128"},{"taxonomy":"post_tag","embeddable":true,"href":"https:\/\/www.europesays.com\/fr\/wp-json\/wp\/v2\/tags?post=325128"}],"curies":[{"name":"wp","href":"https:\/\/api.w.org\/{rel}","templated":true}]}}