{"id":325134,"date":"2025-08-17T15:36:14","date_gmt":"2025-08-17T15:36:14","guid":{"rendered":"https:\/\/www.europesays.com\/fr\/325134\/"},"modified":"2025-08-17T15:36:14","modified_gmt":"2025-08-17T15:36:14","slug":"emmanuel-macron-en-maillot-de-bain-tibo-inshape-tres-surpris-par-son-physique","status":"publish","type":"post","link":"https:\/\/www.europesays.com\/fr\/325134\/","title":{"rendered":"Emmanuel Macron en maillot de bain : Tibo InShape tr\u00e8s surpris par son physique"},"content":{"rendered":"<p>      R\u00e9sum\u00e9<\/p>\n<p>Tibo InShape a suscit\u00e9 la pol\u00e9mique en louant le physique d\u2019Emmanuel Macron en vacances, provoquant critiques et accusations sur les r\u00e9seaux sociaux.<\/p>\n<p>        Sommaire<\/p>\n<p>Il y a quelques mois, dans une interview accord\u00e9e au JDD, Tibo InShape \u00e9tait revenu avec sinc\u00e9rit\u00e9 sur <a href=\"https:\/\/www.public.fr\/tibo-inshape-reconnait-que-le-rn-prone-des-valeurs-proches-des-siennes\" target=\"_blank\" rel=\"noopener\">ses accointances pr\u00e9sum\u00e9es<\/a> avec le Rassemblement national. <strong>Accus\u00e9 par des milliers d&rsquo;internautes de voter pour Marine Le Pen et Jordan Bardella<\/strong>, le coach sportif essuyait de nombreuses critiques \u00e0 ce sujet. Avec franchise, le YouTubeur avait affirm\u00e9 \u00eatre \u00ab\u00a0de droite, mais humain avec toi\u00a0\u00bb. S&rsquo;il avait vot\u00e9 pour Emmanuel Macron au second tour de la derni\u00e8re pr\u00e9sidentielle, <strong>il ne l&rsquo;avait toutefois pas vot\u00e9 au premier<\/strong>.<\/p>\n<p>Pas de quoi emp\u00eacher Tibo InShape de dire les choses comme il les pense. Et ce, \u00e0 ses risques et p\u00e9rils. En effet, ce samedi 16 ao\u00fbt, <strong>le culturiste a cru bon d&rsquo;applaudir les tablettes de chocolat<\/strong> du pr\u00e9sident de la R\u00e9publique. Ce dernier, paparazz\u00e9 par Voici <a href=\"https:\/\/www.public.fr\/emmanuel-et-brigitte-macron-en-vacances-ces-nouvelles-photos-en-maillot-de-bain-qui-font-sensation\" target=\"_blank\" rel=\"noopener\">lors de ses vacances \u00e0 Br\u00e9gan\u00e7on<\/a>, affiche \u00e0 47 ans une plastique de r\u00eave. Mais si ses opposants affirment que les clich\u00e9s ont \u00e9t\u00e9 retouch\u00e9s, pas question pour Tibo de rentrer dans ce d\u00e9bat.<\/p>\n<p>Les clans de Le Pen et M\u00e9lenchon d\u00e9zinguent Tibo InShape<\/p>\n<p><strong>\u00ab\u00a0Pour son \u00e2ge et son m\u00e9tier la shape de Macron est pas mal du tout\u00a0\u00bb<\/strong> a ainsi tweet\u00e9 Tibo InShape. Sans surprise, cette petite phrase a vite d\u00e9cha\u00een\u00e9 les internautes. La militante et ex-chroniqueuse de TPMP <a href=\"https:\/\/www.public.fr\/zone-interdite-sur-l-enfer-des-ehpad-beatrice-rosen-chroniqueuse-de-tpmp-raconte-le-calvaire-de-sa-grand-mere\" target=\"_blank\" rel=\"noopener\">Beatrice Rosen<\/a> a accus\u00e9 <a href=\"https:\/\/vsd.fr\/tag\/tibo-inshape\/\" target=\"_blank\" rel=\"noopener\">le vid\u00e9aste<\/a> d&rsquo;\u00eatre r\u00e9mun\u00e9r\u00e9 par l&rsquo;Etat fran\u00e7ais pour ce tweet&#8230; \u00ab\u00a0Est-ce un post subventionn\u00e9 ? Ou tout autre terme commercial possible qui impliquerait de recevoir de l&rsquo;argent ou <strong>des avantages quels qu&rsquo;ils soient en \u00e9change d&rsquo;un poste command\u00e9 ou non<\/strong> ?\u00a0\u00bb s&rsquo;est-elle interrog\u00e9e. Tibo InShape a formellement d\u00e9menti en r\u00e9pondant tr\u00e8s simplement par la n\u00e9gative.<\/p>\n<p>Le d\u00e9put\u00e9 Julien Odoul a r\u00e9pliqu\u00e9 : <strong>\u00ab\u00a0Au regard de son bilan \u00e9pouvantable, votre cirage de pompes est absurde et ind\u00e9cent !\u00a0\u00bb<\/strong>. La droite de Marine Le Pen n&rsquo;\u00e9tait pas la seule scandalis\u00e9e puisque la gauche de Jean-Luc M\u00e9lenchon s&rsquo;est \u00e9galement insurg\u00e9e. Le militant insoumis <strong>Ilan Gabet<\/strong> a lui aussi suppos\u00e9 une possible r\u00e9mun\u00e9ration : \u00ab\u00a0Vous avez pris combien pour ce post ?\u00a0\u00bb. Ce dimanche \u00e0 midi, Tibo InShape \u00e9tait parmi les sujets les plus trait\u00e9s sur X France.<\/p>\n<p>      Mentionn\u00e9s dans cet article<\/p>\n<p>      Sur le m\u00eame sujet<\/p>\n","protected":false},"excerpt":{"rendered":"R\u00e9sum\u00e9 Tibo InShape a suscit\u00e9 la pol\u00e9mique en louant le physique d\u2019Emmanuel Macron en vacances, provoquant critiques et&hellip;\n","protected":false},"author":2,"featured_media":325135,"comment_status":"","ping_status":"","sticky":false,"template":"","format":"standard","meta":{"footnotes":""},"categories":[8],"tags":[46217,58,1073,59,1011,27,11088,19837],"class_list":{"0":"post-325134","1":"post","2":"type-post","3":"status-publish","4":"format-standard","5":"has-post-thumbnail","7":"category-divertissement","8":"tag-beatrice-rosen","9":"tag-divertissement","10":"tag-emmanuel-macron","11":"tag-entertainment","12":"tag-fr","13":"tag-france","14":"tag-physique","15":"tag-tibo-inshape"},"share_on_mastodon":{"url":"https:\/\/pubeurope.com\/@fr\/115044848995626225","error":""},"_links":{"self":[{"href":"https:\/\/www.europesays.com\/fr\/wp-json\/wp\/v2\/posts\/325134","targetHints":{"allow":["GET"]}}],"collection":[{"href":"https:\/\/www.europesays.com\/fr\/wp-json\/wp\/v2\/posts"}],"about":[{"href":"https:\/\/www.europesays.com\/fr\/wp-json\/wp\/v2\/types\/post"}],"author":[{"embeddable":true,"href":"https:\/\/www.europesays.com\/fr\/wp-json\/wp\/v2\/users\/2"}],"replies":[{"embeddable":true,"href":"https:\/\/www.europesays.com\/fr\/wp-json\/wp\/v2\/comments?post=325134"}],"version-history":[{"count":0,"href":"https:\/\/www.europesays.com\/fr\/wp-json\/wp\/v2\/posts\/325134\/revisions"}],"wp:featuredmedia":[{"embeddable":true,"href":"https:\/\/www.europesays.com\/fr\/wp-json\/wp\/v2\/media\/325135"}],"wp:attachment":[{"href":"https:\/\/www.europesays.com\/fr\/wp-json\/wp\/v2\/media?parent=325134"}],"wp:term":[{"taxonomy":"category","embeddable":true,"href":"https:\/\/www.europesays.com\/fr\/wp-json\/wp\/v2\/categories?post=325134"},{"taxonomy":"post_tag","embeddable":true,"href":"https:\/\/www.europesays.com\/fr\/wp-json\/wp\/v2\/tags?post=325134"}],"curies":[{"name":"wp","href":"https:\/\/api.w.org\/{rel}","templated":true}]}}