{"id":32514,"date":"2025-04-17T21:27:16","date_gmt":"2025-04-17T21:27:16","guid":{"rendered":"https:\/\/www.europesays.com\/fr\/32514\/"},"modified":"2025-04-17T21:27:16","modified_gmt":"2025-04-17T21:27:16","slug":"un-tout-nouveau-systeme-de-discussion-arrive-sur-whatsapp-les-utilisateurs-sont-combles","status":"publish","type":"post","link":"https:\/\/www.europesays.com\/fr\/32514\/","title":{"rendered":"Un tout nouveau syst\u00e8me de discussion arrive sur WhatsApp\u00a0: les utilisateurs sont combl\u00e9s"},"content":{"rendered":"<p class=\"app_entry_lead\">\n                                    <a title=\"\u00a0\u00a9\u00a0AlexPhotoStock - stock.adobe.com\" href=\"https:\/\/www.europesays.com\/fr\/wp-content\/uploads\/2025\/04\/73727009.jpg\" class=\"fancy\"><\/p>\n<p>                            <img loading=\"lazy\" decoding=\"async\" src=\"https:\/\/www.europesays.com\/fr\/wp-content\/uploads\/2025\/04\/73727009.jpg\" alt=\"Un tout nouveau syst\u00e8me de discussion arrive sur WhatsApp\u00a0: les utilisateurs sont combl\u00e9s\" width=\"1500\" height=\"1000\"\/><\/p>\n<p>                    <\/a><br \/>\n                    Une nouvelle mise \u00e0 jour \u00e0 venir sur WhatsApp pr\u00e9voit un nouveau moyen d&rsquo;\u00e9changer des messages entre les utilisateurs.            <\/p>\n<p>Il se passe rarement un mois sans que WhatsApp d\u00e9veloppe de nouvelles fonctionnalit\u00e9s pour faciliter la vie de ses utilisateurs. L&rsquo;application de messagerie en temps r\u00e9el a r\u00e9cemment ajout\u00e9 une fonctionnalit\u00e9 pour afficher vos musiques pr\u00e9f\u00e9r\u00e9es sur votre page de profil WhatsApp et n&rsquo;entend pas s&rsquo;arr\u00eater l\u00e0.<\/p>\n<p>Le site WABetaInfo est sp\u00e9cialis\u00e9 dans les astuces et nouvelles options \u00e0 venir sur WhatsApp. En inspectant le code source d&rsquo;une prochaine version b\u00eata de l&rsquo;application, les membres du site sont tomb\u00e9s sur un\u00a0nouveau petit service\u00a0tr\u00e8s pratique. Cette fonctionnalit\u00e9 devrait, une fois d\u00e9ploy\u00e9e sur l&rsquo;ensemble des appareils compatibles, permettre aux utilisateurs de mieux \u00e9changer au sein de leurs discussions, et notamment lorsque plusieurs sujets sont \u00e9voqu\u00e9s ou que plusieurs membres sont en ligne.<\/p>\n<p><a class=\"fancy\" href=\"https:\/\/www.europesays.com\/fr\/wp-content\/uploads\/2025\/04\/73727106.png\"><img decoding=\"async\" alt=\"\" src=\"https:\/\/www.europesays.com\/fr\/wp-content\/uploads\/2025\/04\/73727106.png\"\/><\/a><\/p>\n<p>\u00a9\u00a0WABetaInfo<\/p>\n<p>Si nous devions donner un nom \u00e0 cette nouveaut\u00e9 \u00e0 venir au sein de WhatsApp, celle-ci\u00a0pourrait s&rsquo;appeler \u00ab\u00a0thread\u00a0\u00bb. Concr\u00e8tement, cette fonction va aider les utilisateurs \u00e0 suivre le fil de leurs conversations lorsqu&rsquo;ils d\u00e9sirent se concentrer sur un sujet pr\u00e9cis. Si vous voyez un message d&rsquo;un interlocuteur qui vous int\u00e9resse en particulier, il vous sera possible de cr\u00e9er un canal d\u00e9di\u00e9 au message s\u00e9lectionn\u00e9.<\/p>\n<p>Imaginez par exemple une conversation de groupe avec votre famille. Votre m\u00e8re vous envoie les horaires de son avion, mais la discussion est rapidement noy\u00e9e par les messages des autres membres qui parlent de tout et n&rsquo;importe quoi. Une fois la fonctionnalit\u00e9 \u00ab\u00a0thread\u00a0\u00bb d\u00e9ploy\u00e9e, vous pourrez s\u00e9lectionner le message important de votre m\u00e8re pour cr\u00e9er un canal d\u00e9di\u00e9 \u00e0 ce dernier et y r\u00e9pondre. Une d\u00e9monstration de la fonctionnalit\u00e9 a notamment \u00e9t\u00e9 d\u00e9voil\u00e9e et restitu\u00e9e par le site WABetaInfo (voir la capture ci-dessus). L&rsquo;utilisateur s\u00e9lectionne un message pr\u00e9cis et une nouvelle fen\u00eatre (s\u00e9par\u00e9e de la conversation initiale) s&rsquo;ouvre avec le message s\u00e9lectionn\u00e9 en premier.<\/p>\n<p>Bien que la fonctionnalit\u00e9 \u00ab\u00a0thread\u00a0\u00bb puisse encore changer d&rsquo;ici \u00e0 son d\u00e9ploiement officiel, son principe de base devrait rester le m\u00eame lors de sa sortie. Cette option devrait \u00eatre rendue disponible sur l&rsquo;ensemble des appareils qui peuvent encore disposer de mises \u00e0 jour de l&rsquo;application WhatsApp. Pour les t\u00e9l\u00e9phones Android, ce dernier doit donc pouvoir faire tourner au minimum Android 5 (sorti en 2014). C\u00f4t\u00e9 iPhone, la fonctionnalit\u00e9 devrait \u00eatre disponible \u00e0 partir de l&rsquo;iPhone\u00a06S (sorti en 2015).<\/p>\n<p>Pour l&rsquo;instant, aucune date de sortie n&rsquo;a \u00e9t\u00e9 \u00e9voqu\u00e9e pour l&rsquo;ajout de ces fils de discussion au sein de l&rsquo;application WhatsApp. La derni\u00e8re mise \u00e0 jour de WhatsApp avait \u00e9t\u00e9 rep\u00e9r\u00e9e en d\u00e9cembre 2024 avant d&rsquo;\u00eatre finalement ajout\u00e9e \u00e0 l&rsquo;application au mois de mars 2025. Comptez donc quelques mois avant l&rsquo;arriv\u00e9e de la fonctionnalit\u00e9 \u00ab\u00a0threads\u00a0\u00bb au sein de votre application et t\u00e2chez de garder cette derni\u00e8re \u00e0 jour !<\/p>\n","protected":false},"excerpt":{"rendered":"Une nouvelle mise \u00e0 jour \u00e0 venir sur WhatsApp pr\u00e9voit un nouveau moyen d&rsquo;\u00e9changer des messages entre les&hellip;\n","protected":false},"author":2,"featured_media":32515,"comment_status":"","ping_status":"","sticky":false,"template":"","format":"standard","meta":{"footnotes":""},"categories":[7],"tags":[1011,27,43,40,41,39,42,44],"class_list":{"0":"post-32514","1":"post","2":"type-post","3":"status-publish","4":"format-standard","5":"has-post-thumbnail","7":"category-sciences-et-technologies","8":"tag-fr","9":"tag-france","10":"tag-science","11":"tag-science-and-technology","12":"tag-sciences","13":"tag-sciences-et-technologies","14":"tag-technologies","15":"tag-technology"},"share_on_mastodon":{"url":"https:\/\/pubeurope.com\/@fr\/114355427425930054","error":""},"_links":{"self":[{"href":"https:\/\/www.europesays.com\/fr\/wp-json\/wp\/v2\/posts\/32514","targetHints":{"allow":["GET"]}}],"collection":[{"href":"https:\/\/www.europesays.com\/fr\/wp-json\/wp\/v2\/posts"}],"about":[{"href":"https:\/\/www.europesays.com\/fr\/wp-json\/wp\/v2\/types\/post"}],"author":[{"embeddable":true,"href":"https:\/\/www.europesays.com\/fr\/wp-json\/wp\/v2\/users\/2"}],"replies":[{"embeddable":true,"href":"https:\/\/www.europesays.com\/fr\/wp-json\/wp\/v2\/comments?post=32514"}],"version-history":[{"count":0,"href":"https:\/\/www.europesays.com\/fr\/wp-json\/wp\/v2\/posts\/32514\/revisions"}],"wp:featuredmedia":[{"embeddable":true,"href":"https:\/\/www.europesays.com\/fr\/wp-json\/wp\/v2\/media\/32515"}],"wp:attachment":[{"href":"https:\/\/www.europesays.com\/fr\/wp-json\/wp\/v2\/media?parent=32514"}],"wp:term":[{"taxonomy":"category","embeddable":true,"href":"https:\/\/www.europesays.com\/fr\/wp-json\/wp\/v2\/categories?post=32514"},{"taxonomy":"post_tag","embeddable":true,"href":"https:\/\/www.europesays.com\/fr\/wp-json\/wp\/v2\/tags?post=32514"}],"curies":[{"name":"wp","href":"https:\/\/api.w.org\/{rel}","templated":true}]}}