{"id":325140,"date":"2025-08-17T15:39:10","date_gmt":"2025-08-17T15:39:10","guid":{"rendered":"https:\/\/www.europesays.com\/fr\/325140\/"},"modified":"2025-08-17T15:39:10","modified_gmt":"2025-08-17T15:39:10","slug":"un-pere-de-famille-decede-apres-avoir-ete-attaque-par-un-crocodile","status":"publish","type":"post","link":"https:\/\/www.europesays.com\/fr\/325140\/","title":{"rendered":"Un p\u00e8re de famille d\u00e9c\u00e8de apr\u00e8s avoir \u00e9t\u00e9 attaqu\u00e9 par un crocodile"},"content":{"rendered":"<p>Alors qu\u2019il se baignait dans une rivi\u00e8re de la province de Sulawesi du Sud en <a href=\"https:\/\/www.20minutes.fr\/dossier\/indonesie\" target=\"_blank\" class=\"c-link c-link--is-underlined\" rel=\"noopener\">Indon\u00e9sie<\/a>, ce p\u00e8re de famille a perdu la vie \u00e0 la suite d\u2019une attaque de crocodile. Aux alentours de 18 heures, le reptile aurait mordu la jambe de cet individu avant de l\u2019entra\u00eener sous la surface de l\u2019eau sous les regards impuissants des passants.<\/p>\n<p>Dans une vid\u00e9o film\u00e9e sur place puis diffus\u00e9e par le m\u00e9dia <a href=\"https:\/\/viralpress.com\/169470\/father-53-killed-by-crocodile-in-front-of-horrified-family-as-they-bathe-in-river\" target=\"_blank\" class=\"c-link c-link--is-underlined\" rel=\"noopener\">ViralPress<\/a>, on aper\u00e7oit plusieurs personnes se jeter \u00e0 l\u2019eau pour tenter de venir en aide \u00e0 ce p\u00e8re de famille, en vain.<\/p>\n<p>Le corps localis\u00e9 \u00e0 plus d\u2019un kilom\u00e8tre<\/p>\n<p>Apr\u00e8s plusieurs heures de recherche, le corps de la victime a \u00e9t\u00e9 localis\u00e9 \u00e0 environ un kilom\u00e8tre et demi de l\u2019endroit o\u00f9 elle avait \u00e9t\u00e9 attaqu\u00e9e. Sa famille a pu r\u00e9cup\u00e9rer sa d\u00e9pouille.<\/p>\n<\/p>\n<p>Selon <a href=\"https:\/\/lemagdesanimaux.ouest-france.fr\/article-372-crocodile-mangeur-hommes-mythe-ou-realite.html#:~:text=Eh%20bien%20peut%2D%C3%AAtre%20serez,humains%20comme%20source%20de%20nourriture.\" target=\"_blank\" class=\"c-link c-link--is-underlined\" rel=\"noopener\">Le Mag des animaux<\/a>, le nombre annuel de d\u00e9c\u00e8s li\u00e9s \u00e0 une attaque de crocodile est estim\u00e9 aux alentours de 170. \u00ab\u00a0Les crocodiles ne chassent pas activement les humains comme source de nourriture\u00a0\u00bb, rappelle le magazine animalier. En d\u00e9cembre dernier, une femme avait \u00e9galement \u00e9t\u00e9 <a href=\"https:\/\/www.20minutes.fr\/monde\/4127689-20241206-indonesie-femme-tuee-crocodile-plantation-palmiers\" target=\"_blank\" class=\"c-link c-link--is-underlined\" rel=\"noopener\">tu\u00e9e par un crocodile<\/a> en Indon\u00e9sie dans une plantation de palmiers.<\/p>\n","protected":false},"excerpt":{"rendered":"Alors qu\u2019il se baignait dans une rivi\u00e8re de la province de Sulawesi du Sud en Indon\u00e9sie, ce p\u00e8re&hellip;\n","protected":false},"author":2,"featured_media":325141,"comment_status":"","ping_status":"","sticky":false,"template":"","format":"standard","meta":{"footnotes":""},"categories":[5],"tags":[47,11,17315,118,1011,27,25902,14,74,12,28],"class_list":{"0":"post-325140","1":"post","2":"type-post","3":"status-publish","4":"format-standard","5":"has-post-thumbnail","7":"category-international","8":"tag-actualite","9":"tag-actualites","10":"tag-crocodile","11":"tag-faits-divers","12":"tag-fr","13":"tag-france","14":"tag-indonesie","15":"tag-international","16":"tag-monde","17":"tag-news","18":"tag-world"},"share_on_mastodon":{"url":"https:\/\/pubeurope.com\/@fr\/115044860862092733","error":""},"_links":{"self":[{"href":"https:\/\/www.europesays.com\/fr\/wp-json\/wp\/v2\/posts\/325140","targetHints":{"allow":["GET"]}}],"collection":[{"href":"https:\/\/www.europesays.com\/fr\/wp-json\/wp\/v2\/posts"}],"about":[{"href":"https:\/\/www.europesays.com\/fr\/wp-json\/wp\/v2\/types\/post"}],"author":[{"embeddable":true,"href":"https:\/\/www.europesays.com\/fr\/wp-json\/wp\/v2\/users\/2"}],"replies":[{"embeddable":true,"href":"https:\/\/www.europesays.com\/fr\/wp-json\/wp\/v2\/comments?post=325140"}],"version-history":[{"count":0,"href":"https:\/\/www.europesays.com\/fr\/wp-json\/wp\/v2\/posts\/325140\/revisions"}],"wp:featuredmedia":[{"embeddable":true,"href":"https:\/\/www.europesays.com\/fr\/wp-json\/wp\/v2\/media\/325141"}],"wp:attachment":[{"href":"https:\/\/www.europesays.com\/fr\/wp-json\/wp\/v2\/media?parent=325140"}],"wp:term":[{"taxonomy":"category","embeddable":true,"href":"https:\/\/www.europesays.com\/fr\/wp-json\/wp\/v2\/categories?post=325140"},{"taxonomy":"post_tag","embeddable":true,"href":"https:\/\/www.europesays.com\/fr\/wp-json\/wp\/v2\/tags?post=325140"}],"curies":[{"name":"wp","href":"https:\/\/api.w.org\/{rel}","templated":true}]}}