{"id":325154,"date":"2025-08-17T15:47:10","date_gmt":"2025-08-17T15:47:10","guid":{"rendered":"https:\/\/www.europesays.com\/fr\/325154\/"},"modified":"2025-08-17T15:47:10","modified_gmt":"2025-08-17T15:47:10","slug":"cette-recrue-du-rc-toulon-qui-a-debute-lentrainement-deux-semaines-avant-les-autres","status":"publish","type":"post","link":"https:\/\/www.europesays.com\/fr\/325154\/","title":{"rendered":"Cette recrue du RC Toulon qui a d\u00e9but\u00e9 l&rsquo;entra\u00eenement deux semaines avant les autres !"},"content":{"rendered":"<p>Le groupe du Rugby Club Toulonnais a repris le chemin de l\u2019entra\u00eenement le lundi 28 juillet dernier.<\/p>\n<p>Le saviez-vous ?<\/p>\n<p>Un joueur Varois a pourtant repris les entrainements deux semaines avant tous ses autres co\u00e9quipiers.<\/p>\n<p>Il s\u2019agit de l\u2019ouvreur Mat\u00e9o Garcia, arriv\u00e9 au RCT cet \u00e9t\u00e9 en provenance de l\u2019Union Bordeaux-B\u00e8gles.<\/p>\n<p>Interrog\u00e9 via Var-matin, Mat\u00e9o Garcia explique pourquoi il a avanc\u00e9 son retour \u00e0 l\u2019entra\u00eenement de deux semaines.<\/p>\n<p><strong>A lire ci-dessous :<\/strong><\/p>\n<p>\u00ab\u00a0En fin de saison derni\u00e8re, je me suis bless\u00e9 assez s\u00e9rieusement au niveau de l\u2019ischio-jambier lors d\u2019un match \u00e0 Montpellier. J\u2019avais donc besoin de commencer assez t\u00f4t avec les pr\u00e9parateurs et le service m\u00e9dical, pour me r\u00e9athl\u00e9tiser, faire le point, et valider ma reprise de l\u2019entrainement collectif lorsque tous les mecs allaient arriver. Tout naturellement. Depuis, je suis revenu \u00e0 100%.\u00a0\u00bb<\/p>\n","protected":false},"excerpt":{"rendered":"Le groupe du Rugby Club Toulonnais a repris le chemin de l\u2019entra\u00eenement le lundi 28 juillet dernier. Le&hellip;\n","protected":false},"author":2,"featured_media":325155,"comment_status":"","ping_status":"","sticky":false,"template":"","format":"standard","meta":{"footnotes":""},"categories":[9619],"tags":[1111,11,1777,674,1011,27,12,882,25,2310],"class_list":{"0":"post-325154","1":"post","2":"type-post","3":"status-publish","4":"format-standard","5":"has-post-thumbnail","7":"category-toulon","8":"tag-actu","9":"tag-actualites","10":"tag-eu","11":"tag-europe","12":"tag-fr","13":"tag-france","14":"tag-news","15":"tag-provence-alpes-cote-dazur","16":"tag-republique-francaise","17":"tag-toulon"},"share_on_mastodon":{"url":"https:\/\/pubeurope.com\/@fr\/115044892289318963","error":""},"_links":{"self":[{"href":"https:\/\/www.europesays.com\/fr\/wp-json\/wp\/v2\/posts\/325154","targetHints":{"allow":["GET"]}}],"collection":[{"href":"https:\/\/www.europesays.com\/fr\/wp-json\/wp\/v2\/posts"}],"about":[{"href":"https:\/\/www.europesays.com\/fr\/wp-json\/wp\/v2\/types\/post"}],"author":[{"embeddable":true,"href":"https:\/\/www.europesays.com\/fr\/wp-json\/wp\/v2\/users\/2"}],"replies":[{"embeddable":true,"href":"https:\/\/www.europesays.com\/fr\/wp-json\/wp\/v2\/comments?post=325154"}],"version-history":[{"count":0,"href":"https:\/\/www.europesays.com\/fr\/wp-json\/wp\/v2\/posts\/325154\/revisions"}],"wp:featuredmedia":[{"embeddable":true,"href":"https:\/\/www.europesays.com\/fr\/wp-json\/wp\/v2\/media\/325155"}],"wp:attachment":[{"href":"https:\/\/www.europesays.com\/fr\/wp-json\/wp\/v2\/media?parent=325154"}],"wp:term":[{"taxonomy":"category","embeddable":true,"href":"https:\/\/www.europesays.com\/fr\/wp-json\/wp\/v2\/categories?post=325154"},{"taxonomy":"post_tag","embeddable":true,"href":"https:\/\/www.europesays.com\/fr\/wp-json\/wp\/v2\/tags?post=325154"}],"curies":[{"name":"wp","href":"https:\/\/api.w.org\/{rel}","templated":true}]}}