{"id":325156,"date":"2025-08-17T15:48:09","date_gmt":"2025-08-17T15:48:09","guid":{"rendered":"https:\/\/www.europesays.com\/fr\/325156\/"},"modified":"2025-08-17T15:48:09","modified_gmt":"2025-08-17T15:48:09","slug":"une-nouvelle-offre-qui-va-interesser-les-etudiants-a-la-rentree","status":"publish","type":"post","link":"https:\/\/www.europesays.com\/fr\/325156\/","title":{"rendered":"une nouvelle offre qui va int\u00e9resser les \u00e9tudiants \u00e0 la rentr\u00e9e"},"content":{"rendered":"<p>            Par<br \/>\n        <strong><br \/>\n            <a href=\"https:\/\/actu.fr\/auteur\/metropoop\" title=\"Consulter tous les articles de R\u00e9daction M\u00e9tropolitain\" target=\"_blank\" rel=\"noopener\">R\u00e9daction M\u00e9tropolitain<\/a><br \/>\n        <\/strong><\/p>\n<p>        Publi\u00e9 le<\/p>\n<p>            17 ao\u00fbt 2025 \u00e0 16h59<br \/>\n        ; mis \u00e0 jour le 17 ao\u00fbt 2025 \u00e0 17h03    <\/p>\n<p>Alt\u00e9med met \u00e0 disposition <strong>27 studios<\/strong> destin\u00e9s aux \u00e9tudiants montpelli\u00e9rains. Douze logements se situent dans la r\u00e9sidence Agropolis, quartier H\u00f4pitaux Facult\u00e9s, \u00e0 proximit\u00e9 du zoo de Lunaret. La future ligne 5 du tramway passera d\u00e8s d\u00e9cembre 2025 au pied de l\u2019immeuble et reliera directement l\u2019universit\u00e9 Paul Val\u00e9ry au centre-ville.<\/p>\n<p>    <a href=\"https:\/\/www.google.com\/maps\/embed?pb=!1m18!1m12!1m3!1d2887.092838061371!2d3.864942176461691!3d43.64623677110229!2m3!1f0!2f0!3f0!3m2!1i1024!2i768!4f13.1!3m3!1m2!1s0x12b6af833beff62f%3A0x2b9e50dd15b33bf9!2sR%C3%A9sidence%20Agropolis!5e0!3m2!1sfr!2sfr!4v1755442617203!5m2!1sfr!2sfr\" title=\"Ouvrie le lien\" target=\"_blank\" rel=\"noopener\">Cliquez ici pour visualiser le contenu<\/a><\/p>\n<p class=\" wall-content\">Ces studios meubl\u00e9s affichent une superficie de 33 m\u00b2. Chaque logement comprend une pi\u00e8ce principale, une cuisine \u00e9quip\u00e9e et une salle d\u2019eau avec WC. Le loyer mensuel s\u2019\u00e9l\u00e8ve \u00e0 501 euros, charges comprises, incluant l\u2019eau froide, l\u2019entretien des parties communes et internet. <strong> Les quinze autres logements<\/strong> se trouvent dans la r\u00e9sidence Escholiers, dans le quartier Celleneuve. Desservie par la ligne 3 du tramway, elle permet un acc\u00e8s rapide au centre. Les appartements mesurent entre 21 et 24 m\u00b2 et se louent entre 454 et 515 euros charges comprises. Comme pour Agropolis, internet et entretien des parties communes sont inclus. Tous ces logements ouvrent droit aux APL.<\/p>\n<p>Des conditions cibl\u00e9es<\/p>\n<p class=\" wall-content\">L\u2019acc\u00e8s \u00e0 ces logements r\u00e9pond \u00e0 plusieurs crit\u00e8res. L\u2019\u00e9tudiant doit \u00eatre inscrit \u00e0 Montpellier pour l\u2019ann\u00e9e universitaire 2025-2026 et avoir moins de 30 ans. Il doit pr\u00e9senter une pi\u00e8ce d\u2019identit\u00e9 ou un titre de s\u00e9jour valide. Une demande de logement social doit \u00e9galement avoir \u00e9t\u00e9 d\u00e9pos\u00e9e en ligne <a href=\"https:\/\/www.demande-logement-social.gouv.fr\/index\" target=\"_blank\" rel=\"noopener\">sur le site national<\/a>. Aucune condition de revenus n\u2019est exig\u00e9e. En revanche, les justificatifs fiscaux des parents ainsi qu\u2019une copie du livret de famille sont demand\u00e9s. Parall\u00e8lement \u00e0 la location, Alt\u00e9med commercialise<strong> neuf studios<\/strong> dans la r\u00e9sidence Fr\u00e9d\u00e9ric Bazille 2, quartier Aiguelongue, accessible par la ligne 2 du tramway. Ces logements de 21 m\u00b2, avec terrasse, sont propos\u00e9s entre 72 000 et 86 000 euros selon les prestations.<\/p>\n<p class=\" wall-content\">Alt\u00e9med g\u00e8re d\u00e9j\u00e0 <strong>trois r\u00e9sidences \u00e9tudiantes<\/strong> principales \u00e0 Montpellier : Escholiers, Cit\u00e9 Olympique et Agropolis. Au total, elles comptent 616 logements. L\u2019organisme propose aussi 26 appartements dans des r\u00e9sidences priv\u00e9es et un immeuble de dix logements en centre-ville. L\u2019am\u00e9nageur pr\u00e9voit 293 logements suppl\u00e9mentaires d\u2019ici 2030. Une premi\u00e8re r\u00e9sidence sortira de terre au quartier Bagatelle pour la rentr\u00e9e 2026. Deux autres projets sont annonc\u00e9s au Parc Marianne et \u00e0 la Cit\u00e9 cr\u00e9ative pour 2028 et 2029.<\/p>\n<p>Vid\u00e9os : en ce moment sur Actu<\/p>\n<p class=\" wall-content\">Suivez toute l\u2019actualit\u00e9 de vos villes et m\u00e9dias favoris en vous inscrivant \u00e0 <a href=\"https:\/\/moncompte.actu.fr\" title=\"D\u00e9couvez Mon Actu\" rel=\"nofollow noopener\" data-trk=\"{&quot;cta&quot;:{&quot;action&quot;:&quot;https:\\\/\\\/moncompte.actu.fr&quot;,&quot;category&quot;:&quot;mon compte&quot;,&quot;from&quot;:&quot;article footer&quot;,&quot;name&quot;:&quot;Mon actu&quot;,&quot;type&quot;:&quot;cta&quot;}}\" target=\"_blank\">Mon Actu<\/a>.<\/p>\n","protected":false},"excerpt":{"rendered":"Par R\u00e9daction M\u00e9tropolitain Publi\u00e9 le 17 ao\u00fbt 2025 \u00e0 16h59 ; mis \u00e0 jour le 17 ao\u00fbt 2025&hellip;\n","protected":false},"author":2,"featured_media":325157,"comment_status":"","ping_status":"","sticky":false,"template":"","format":"standard","meta":{"footnotes":""},"categories":[9599],"tags":[1111,11,1261,1777,674,1011,27,1908,2208,12,2680,11090,25,104],"class_list":{"0":"post-325156","1":"post","2":"type-post","3":"status-publish","4":"format-standard","5":"has-post-thumbnail","7":"category-montpellier","8":"tag-actu","9":"tag-actualites","10":"tag-argent","11":"tag-eu","12":"tag-europe","13":"tag-fr","14":"tag-france","15":"tag-logement","16":"tag-montpellier","17":"tag-news","18":"tag-occitanie","19":"tag-precarite-etudiante","20":"tag-republique-francaise","21":"tag-societe"},"share_on_mastodon":{"url":"https:\/\/pubeurope.com\/@fr\/115044896281257234","error":""},"_links":{"self":[{"href":"https:\/\/www.europesays.com\/fr\/wp-json\/wp\/v2\/posts\/325156","targetHints":{"allow":["GET"]}}],"collection":[{"href":"https:\/\/www.europesays.com\/fr\/wp-json\/wp\/v2\/posts"}],"about":[{"href":"https:\/\/www.europesays.com\/fr\/wp-json\/wp\/v2\/types\/post"}],"author":[{"embeddable":true,"href":"https:\/\/www.europesays.com\/fr\/wp-json\/wp\/v2\/users\/2"}],"replies":[{"embeddable":true,"href":"https:\/\/www.europesays.com\/fr\/wp-json\/wp\/v2\/comments?post=325156"}],"version-history":[{"count":0,"href":"https:\/\/www.europesays.com\/fr\/wp-json\/wp\/v2\/posts\/325156\/revisions"}],"wp:featuredmedia":[{"embeddable":true,"href":"https:\/\/www.europesays.com\/fr\/wp-json\/wp\/v2\/media\/325157"}],"wp:attachment":[{"href":"https:\/\/www.europesays.com\/fr\/wp-json\/wp\/v2\/media?parent=325156"}],"wp:term":[{"taxonomy":"category","embeddable":true,"href":"https:\/\/www.europesays.com\/fr\/wp-json\/wp\/v2\/categories?post=325156"},{"taxonomy":"post_tag","embeddable":true,"href":"https:\/\/www.europesays.com\/fr\/wp-json\/wp\/v2\/tags?post=325156"}],"curies":[{"name":"wp","href":"https:\/\/api.w.org\/{rel}","templated":true}]}}