{"id":325160,"date":"2025-08-17T15:50:10","date_gmt":"2025-08-17T15:50:10","guid":{"rendered":"https:\/\/www.europesays.com\/fr\/325160\/"},"modified":"2025-08-17T15:50:10","modified_gmt":"2025-08-17T15:50:10","slug":"risques-dorages-pluie-soleil-une-meteo-changeante-en-seine-maritime-pour-la-semaine-du-18-au-24-aout","status":"publish","type":"post","link":"https:\/\/www.europesays.com\/fr\/325160\/","title":{"rendered":"Risques d&rsquo;orages, pluie, soleil&#8230; Une m\u00e9t\u00e9o changeante en Seine-Maritime pour la semaine du 18 au 24 ao\u00fbt"},"content":{"rendered":"<p>            Par<br \/>\n        <strong><br \/>\n            <a href=\"https:\/\/actu.fr\/auteur\/yann-rivallan\" title=\"Consulter tous les articles de Yann Rivallan\" target=\"_blank\" rel=\"noopener\">Yann Rivallan<\/a><br \/>\n        <\/strong><\/p>\n<p>        Publi\u00e9 le<\/p>\n<p>            17 ao\u00fbt 2025 \u00e0 17h06        <\/p>\n<p>Du soleil, de la pluie, quelques risques d\u2019orages ou encore un ciel voil\u00e9\u2026 <strong>La m\u00e9t\u00e9o<\/strong> s\u2019annonce particuli\u00e8rement changeante pour la semaine du 18 au 24\u00a0ao\u00fbt 2025 en <a href=\"https:\/\/actu.fr\/normandie\/seine-maritime_76\" target=\"_blank\" rel=\"noopener\">Seine-Maritime<\/a>. On fait le point avec les pr\u00e9visions de M\u00e9t\u00e9o France.<\/p>\n<p>Le temps se g\u00e2te mercredi<\/p>\n<p class=\" wall-content\">La semaine va plut\u00f4t bien commencer. <strong>Un beau soleil<\/strong> devrait rayonner durant toute la journ\u00e9e de lundi, m\u00eame si le ciel peut se couvrir par moments.<\/p>\n<p class=\" wall-content\">Mardi, en revanche, le ciel va <strong>rester couvert<\/strong> tout au long de la journ\u00e9e, selon les pr\u00e9visions. Mais les temp\u00e9ratures, elles, resteront estivales avec une maximale de 28\u00a0\u00b0C. Dans la soir\u00e9e, M\u00e9t\u00e9o France annonce <strong>un risque d\u2019orages<\/strong>.<\/p>\n<p class=\" wall-content\">Et d\u00e8s mercredi, le temps se g\u00e2te. Le matin, quelques pluies faibles sont attendues. Le reste de la journ\u00e9e devrait \u00eatre nuageux avec un mercure qui redescend pr\u00e8s des 20\u00a0\u00b0C.<\/p>\n<p>Retour du soleil le week-end<\/p>\n<p class=\" wall-content\">Jeudi, <strong>des averses<\/strong> sont annonc\u00e9es tout au long de la journ\u00e9e. Et la pluie devrait continuer de tomber jusqu\u2019\u00e0 vendredi matin au moins. Apr\u00e8s cet \u00e9pisode, le soleil va doucement se r\u00e9afficher, tandis que <strong>les temp\u00e9ratures vont remonter<\/strong> le week-end \u00e0 un niveau similaire au d\u00e9but de semaine.<\/p>\n<p class=\" wall-content\">Lunettes de soleil, cr\u00e8me solaire, parapluie\u2026 Il faudra sortir bien \u00e9quip\u00e9 pour cette nouvelle semaine du mois d\u2019ao\u00fbt dans le d\u00e9partement.<\/p>\n<p class=\" wall-content\">Suivez toute l\u2019actualit\u00e9 de vos villes et m\u00e9dias favoris en vous inscrivant \u00e0 <a href=\"https:\/\/moncompte.actu.fr\" title=\"D\u00e9couvez Mon Actu\" rel=\"nofollow noopener\" data-trk=\"{&quot;cta&quot;:{&quot;action&quot;:&quot;https:\\\/\\\/moncompte.actu.fr&quot;,&quot;category&quot;:&quot;mon compte&quot;,&quot;from&quot;:&quot;article footer&quot;,&quot;name&quot;:&quot;Mon actu&quot;,&quot;type&quot;:&quot;cta&quot;}}\" target=\"_blank\">Mon Actu<\/a>.<\/p>\n","protected":false},"excerpt":{"rendered":"Par Yann Rivallan Publi\u00e9 le 17 ao\u00fbt 2025 \u00e0 17h06 Du soleil, de la pluie, quelques risques d\u2019orages&hellip;\n","protected":false},"author":2,"featured_media":325161,"comment_status":"","ping_status":"","sticky":false,"template":"","format":"standard","meta":{"footnotes":""},"categories":[9587],"tags":[1111,11,1777,674,1011,27,2487,2357,12,5161,4594,4459,25,9590],"class_list":{"0":"post-325160","1":"post","2":"type-post","3":"status-publish","4":"format-standard","5":"has-post-thumbnail","7":"category-rouen","8":"tag-actu","9":"tag-actualites","10":"tag-eu","11":"tag-europe","12":"tag-fr","13":"tag-france","14":"tag-meteo","15":"tag-meteo-france","16":"tag-news","17":"tag-normandie","18":"tag-orages","19":"tag-pluie","20":"tag-republique-francaise","21":"tag-rouen"},"share_on_mastodon":{"url":"https:\/\/pubeurope.com\/@fr\/115044904141835899","error":""},"_links":{"self":[{"href":"https:\/\/www.europesays.com\/fr\/wp-json\/wp\/v2\/posts\/325160","targetHints":{"allow":["GET"]}}],"collection":[{"href":"https:\/\/www.europesays.com\/fr\/wp-json\/wp\/v2\/posts"}],"about":[{"href":"https:\/\/www.europesays.com\/fr\/wp-json\/wp\/v2\/types\/post"}],"author":[{"embeddable":true,"href":"https:\/\/www.europesays.com\/fr\/wp-json\/wp\/v2\/users\/2"}],"replies":[{"embeddable":true,"href":"https:\/\/www.europesays.com\/fr\/wp-json\/wp\/v2\/comments?post=325160"}],"version-history":[{"count":0,"href":"https:\/\/www.europesays.com\/fr\/wp-json\/wp\/v2\/posts\/325160\/revisions"}],"wp:featuredmedia":[{"embeddable":true,"href":"https:\/\/www.europesays.com\/fr\/wp-json\/wp\/v2\/media\/325161"}],"wp:attachment":[{"href":"https:\/\/www.europesays.com\/fr\/wp-json\/wp\/v2\/media?parent=325160"}],"wp:term":[{"taxonomy":"category","embeddable":true,"href":"https:\/\/www.europesays.com\/fr\/wp-json\/wp\/v2\/categories?post=325160"},{"taxonomy":"post_tag","embeddable":true,"href":"https:\/\/www.europesays.com\/fr\/wp-json\/wp\/v2\/tags?post=325160"}],"curies":[{"name":"wp","href":"https:\/\/api.w.org\/{rel}","templated":true}]}}