{"id":325164,"date":"2025-08-17T15:53:14","date_gmt":"2025-08-17T15:53:14","guid":{"rendered":"https:\/\/www.europesays.com\/fr\/325164\/"},"modified":"2025-08-17T15:53:14","modified_gmt":"2025-08-17T15:53:14","slug":"depuis-plus-de-50-ans-ce-restaurant-intergenerationnel-aide-a-rompre-lisolement","status":"publish","type":"post","link":"https:\/\/www.europesays.com\/fr\/325164\/","title":{"rendered":"depuis plus de 50 ans, ce restaurant interg\u00e9n\u00e9rationnel aide \u00e0 rompre l&rsquo;isolement"},"content":{"rendered":"<p class=\"article__intro\">A Grenoble (Is\u00e8re), le restaurant interg\u00e9n\u00e9rationnel Ninon-Vallin fait partie des \u00e9tablissements municipaux ouverts \u00e0 tous. Un v\u00e9ritable refuge et un lieu convivial pour un grand nombre de s\u00e9niors, parfois isol\u00e9s.<\/p>\n<p>\n      La Quotidienne Soci\u00e9t\u00e9\n    <\/p>\n<p>\n      De la vie quotidienne aux grands enjeux, recevez tous les jours les sujets qui font la soci\u00e9t\u00e9 locale, comme la justice, l\u2019\u00e9ducation, la sant\u00e9 et la famille.\n    <\/p>\n<p>    France T\u00e9l\u00e9visions utilise votre adresse e-mail afin de vous envoyer la newsletter \u00ab\u00a0La Quotidienne Soci\u00e9t\u00e9\u00a0\u00bb. Vous pouvez vous d\u00e9sinscrire \u00e0 tout moment via le lien en bas de cette newsletter. <a target=\"_blank\" href=\"https:\/\/www.francetelevisions.fr\/groupe\/confidentialite\/politique-de-confidentialite\/politique-de-confidentialite-de-france-televisions-6503\" rel=\"nofollow noopener\">Notre politique de confidentialit\u00e9<\/a><\/p>\n<p>Depuis plus de 50 ans, le restaurant interg\u00e9n\u00e9rationnel Ninon-Vallin sert entre 15 et 25 couverts par jour. \u00ab\u00a0Notre restauration de midi est ouverte toute l\u2019ann\u00e9e pour les a\u00een\u00e9s mais aussi pour les publics plus jeunes\u00a0\u00bb, pr\u00e9cise \u00c9ric Sarrebeyroux, coordinateur de cet espace interg\u00e9n\u00e9rationnel ouvert du lundi au vendredi.<\/p>\n<p>Les repas, pr\u00e9par\u00e9s par la Cuisine centrale de la Ville de Grenoble, sont payants mais calcul\u00e9s en fonction du revenu fiscal de l\u2019usager. \u00ab\u00a0Mais vous n\u2019\u00eates pas oblig\u00e9s de manger lorsque vous venez ici\u00a0\u00bb, affirme Dominique, employ\u00e9e municipale depuis 25 ans, \u00ab\u00a0vous pouvez venir lire, jouer aux cartes, faire des jeux, regarder la t\u00e9l\u00e9vision ou encore discuter\u00a0\u00bb. \u00a0<\/p>\n<blockquote class=\"ftvi_content_quote\">\n<p class=\"ftvi_citation_quote\">Beaucoup de personnes sont seules chez elles et ce lieu permet de rompre la solitude.\u00a0<\/p>\n<p>Dominique, employ\u00e9e municipale<\/p>\n<\/blockquote>\n<p>\u00ab\u00a0Quand elles prennent de l\u2019\u00e2ge, les personnes souhaitent rester le plus longtemps possible chez elles, et nous avons trois lieux comme celui-ci \u00e0 Grenoble qui leur permettent de se restaurer\u201d, affirme Kheira Capdepon, adjointe au maire en charge des ain\u00e9s, des aidants, et de l&rsquo;interg\u00e9n\u00e9rationnel, notamment les Bois d&rsquo;Artas (2, rue Augereau) et l&rsquo;espace Pinal (2, chemin Pinal).<\/p>\n<p>Parmi les habitu\u00e9s, Brunehilde profite de ce lieu climatis\u00e9 et convivial \u00ab\u00a0o\u00f9 l\u2019on mange bien\u00a0\u00bb. \u00ab\u00a0Cela fait 15 ans que j\u2019ai perdu mon mari et je me sentais bien seule. C\u2019est une amie qui m\u2019a fait conna\u00eetre cet endroit et je ne regrette pas du tout\u00a0\u00bb, souffle-t-elle aupr\u00e8s de France 3 Alpes.<\/p>\n<p>Ce restaurant interg\u00e9n\u00e9rationnel se situe au 4 bis rue Ninon Vallin. Si vous souhaitez des informations, vous pouvez contacter le 04 76 25 49 93 ou epa.malherbe@grenoble.fr.\u00a0<\/p>\n","protected":false},"excerpt":{"rendered":"A Grenoble (Is\u00e8re), le restaurant interg\u00e9n\u00e9rationnel Ninon-Vallin fait partie des \u00e9tablissements municipaux ouverts \u00e0 tous. Un v\u00e9ritable refuge&hellip;\n","protected":false},"author":2,"featured_media":325165,"comment_status":"","ping_status":"","sticky":false,"template":"","format":"standard","meta":{"footnotes":""},"categories":[9566],"tags":[1111,11,2430,1777,674,1011,27,2731,12,25],"class_list":{"0":"post-325164","1":"post","2":"type-post","3":"status-publish","4":"format-standard","5":"has-post-thumbnail","7":"category-grenoble","8":"tag-actu","9":"tag-actualites","10":"tag-auvergne-rhone-alpes","11":"tag-eu","12":"tag-europe","13":"tag-fr","14":"tag-france","15":"tag-grenoble","16":"tag-news","17":"tag-republique-francaise"},"share_on_mastodon":{"url":"https:\/\/pubeurope.com\/@fr\/115044915803938752","error":""},"_links":{"self":[{"href":"https:\/\/www.europesays.com\/fr\/wp-json\/wp\/v2\/posts\/325164","targetHints":{"allow":["GET"]}}],"collection":[{"href":"https:\/\/www.europesays.com\/fr\/wp-json\/wp\/v2\/posts"}],"about":[{"href":"https:\/\/www.europesays.com\/fr\/wp-json\/wp\/v2\/types\/post"}],"author":[{"embeddable":true,"href":"https:\/\/www.europesays.com\/fr\/wp-json\/wp\/v2\/users\/2"}],"replies":[{"embeddable":true,"href":"https:\/\/www.europesays.com\/fr\/wp-json\/wp\/v2\/comments?post=325164"}],"version-history":[{"count":0,"href":"https:\/\/www.europesays.com\/fr\/wp-json\/wp\/v2\/posts\/325164\/revisions"}],"wp:featuredmedia":[{"embeddable":true,"href":"https:\/\/www.europesays.com\/fr\/wp-json\/wp\/v2\/media\/325165"}],"wp:attachment":[{"href":"https:\/\/www.europesays.com\/fr\/wp-json\/wp\/v2\/media?parent=325164"}],"wp:term":[{"taxonomy":"category","embeddable":true,"href":"https:\/\/www.europesays.com\/fr\/wp-json\/wp\/v2\/categories?post=325164"},{"taxonomy":"post_tag","embeddable":true,"href":"https:\/\/www.europesays.com\/fr\/wp-json\/wp\/v2\/tags?post=325164"}],"curies":[{"name":"wp","href":"https:\/\/api.w.org\/{rel}","templated":true}]}}