{"id":325166,"date":"2025-08-17T15:56:11","date_gmt":"2025-08-17T15:56:11","guid":{"rendered":"https:\/\/www.europesays.com\/fr\/325166\/"},"modified":"2025-08-17T15:56:11","modified_gmt":"2025-08-17T15:56:11","slug":"walid-acherchour-demonte-plusieurs-joueurs-marseillais-apres-la-defaite-a-rennes","status":"publish","type":"post","link":"https:\/\/www.europesays.com\/fr\/325166\/","title":{"rendered":"Walid Acherchour d\u00e9monte plusieurs joueurs marseillais apr\u00e8s la d\u00e9faite \u00e0 Rennes"},"content":{"rendered":"<p><strong>L\u2019Olympique de Marseille n\u2019a pas seulement perdu trois points vendredi soir \u00e0 Rennes (1-0). Le club olympien a \u00e9galement vu ses cadres expos\u00e9s \u00e0 un feu nourri de critiques, \u00e0 commencer par celles de Walid Acherchour, consultant pour RMC et WTV. Dans le d\u00e9brief du Winamax FC, ce dernier n\u2019a \u00e9pargn\u00e9 personne, allant jusqu\u2019\u00e0 mettre en doute l\u2019utilit\u00e9 r\u00e9elle de certains tauliers dans le syst\u00e8me de Roberto De Zerbi.<\/strong><\/p>\n<p>D\u00e8s les premi\u00e8res minutes de son analyse, Acherchour a cibl\u00e9 <strong>Amine Gouiri<\/strong>, titularis\u00e9 en attaque :<\/p>\n<blockquote>\n<p>\u00ab J\u2019ai retrouv\u00e9 le Gouiri de Rennes \u00bb, a-t-il l\u00e2ch\u00e9, en r\u00e9f\u00e9rence au joueur en difficult\u00e9 lors de ses premiers mois en Bretagne. Une pique sans d\u00e9tour, qui r\u00e9sume une prestation jug\u00e9e terne et d\u00e9connect\u00e9e du jeu.<\/p>\n<\/blockquote>\n<p>\u00a0<\/p>\n<blockquote class=\"twitter-tweet-lazy\">\n<p dir=\"ltr\" lang=\"fr\">\ud83d\ude45\u200d\u2642\ufe0f \u201cL\u2019OM a encore perdu un match en faisant preuve de beaucoup de na\u00efvet\u00e9. Si cette \u00e9quipe veut progresser, ce type de d\u00e9faite ne doit plus exister sous De Zerbi.\u201d<\/p>\n<p>\ud83d\udde3\ufe0f <a href=\"https:\/\/twitter.com\/walidacherchour?ref_src=twsrc%5Etfw\" rel=\"nofollow noopener\" target=\"_blank\">@walidacherchour<\/a> <a href=\"https:\/\/t.co\/pYffrkchE7\" rel=\"nofollow\">pic.twitter.com\/pYffrkchE7<\/a><\/p>\n<p>\u2014 Winamax FC \ud83d\udd1e (@WinamaxFC) <a href=\"https:\/\/twitter.com\/WinamaxFC\/status\/1956690045873623201?ref_src=twsrc%5Etfw\" rel=\"nofollow noopener\" target=\"_blank\">August 16, 2025<\/a><\/p>\n<\/blockquote>\n<p>Gouiri, Rabiot vis\u00e9s !<\/p>\n<p>\u00a0<\/p>\n<p>Il a ensuite encha\u00een\u00e9 sur le positionnement d\u2019<strong>Adrien Rabiot<\/strong>, critiquant un r\u00f4le mal d\u00e9fini et une influence limit\u00e9e dans la construction :<\/p>\n<blockquote>\n<p>\u00ab Rabiot n\u2019\u00e9tait pas en 10, il a beaucoup boug\u00e9, beaucoup permut\u00e9, mais il \u00e9tait trop haut, dans le dernier tiers. Ce profil-l\u00e0, face \u00e0 des blocs bas, j\u2019ai beaucoup de mal. \u00bb<\/p>\n<\/blockquote>\n<p>Mais c\u2019est <strong>Jonathan Rowe<\/strong> qui a concentr\u00e9 l\u2019une des charges les plus virulentes.<\/p>\n<blockquote>\n<p>\u00ab On a retrouv\u00e9 le Rowe qui s\u2019excusait dans la s\u00e9rie de l\u2019OM sur YouTube. Il joue tout seul, il est sur son nuage. Le nombre de choix idiots qu\u2019il fait\u2026 Tu ne sais jamais o\u00f9 il va, il est totalement d\u00e9connect\u00e9 du reste de l\u2019\u00e9quipe. \u00bb<\/p>\n<\/blockquote>\n<p>Des mots qui r\u00e9sonnent dans un contexte d\u00e9j\u00e0 tendu, alors que L\u2019\u00c9quipe r\u00e9v\u00e9lait ce week-end une altercation verbale entre <a href=\"https:\/\/www.footballclubdemarseille.fr\/mercato-om\/mercato-om-une-vente-de-rowe-pour-financer-loperation-ordonez.html\" target=\"_blank\" rel=\"noopener nofollow\">Rowe<\/a> et Rabiot dans le vestiaire.<\/p>\n<p>\u00a0<\/p>\n<p><strong>Rowe en solo, H\u00f8jbjerg, le cas qui f\u00e2che<\/strong><\/p>\n<p>\u00a0<\/p>\n<\/p>\n<p>\u00a0<\/p>\n<p>Mais le c\u0153ur de l\u2019agacement de Walid Acherchour concernait <strong>Pierre-Emile H\u00f8jbjerg<\/strong>. Recrue phare du mercato olympien, et per\u00e7u comme un leader technique et mental, <strong>le Danois a \u00e9t\u00e9 s\u00e9v\u00e8rement remis en question<\/strong> :<\/p>\n<blockquote>\n<p>\u00ab Il faut qu\u2019on arr\u00eate de dire : \u2018C\u2019est H\u00f8jbjerg, il vient de Tottenham, il est titulaire avec le Danemark\u2019. Oui, mais est-ce qu\u2019on peut analyser ce qu\u2019il produit concr\u00e8tement avec le ballon ? \u00bb<\/p>\n<\/blockquote>\n<p>Le consultant ne conteste pas le leadership du joueur, mais <strong>son influence r\u00e9elle dans le jeu<\/strong> :<\/p>\n<blockquote>\n<p>\u00ab J\u2019ai vu beaucoup de d\u00e9chets dans sa premi\u00e8re relance. En seconde p\u00e9riode, \u00e0 part un pressing gagnant, il n\u2019apporte pas assez dans les duels, la qualit\u00e9 technique, la prise de risque. \u00bb<\/p>\n<\/blockquote>\n<p>Acherchour appelle donc \u00e0 <strong>hausser le niveau d\u2019exigence<\/strong>, aussi bien pour le joueur que pour le club :<\/p>\n<blockquote>\n<p>\u00ab H\u00f8jbjerg, c\u2019est un joueur au-dessus de la moyenne, oui. Mais dans les gros matchs, on attend plus. Et \u00e7a fait un moment que je le pense. \u00bb<\/p>\n<\/blockquote>\n<p>En filigrane, ces critiques visent aussi le projet de Roberto De Zerbi, encore en phase de construction. <strong>\u00c0 travers l\u2019analyse des joueurs, c\u2019est la cr\u00e9dibilit\u00e9 du syst\u00e8me collectif qui est interrog\u00e9e.<\/strong> Le pressing, la relance, la coh\u00e9rence des r\u00f4les : tout semble encore flou.<\/p>\n<p>\u00c0 une semaine de la deuxi\u00e8me journ\u00e9e de Ligue 1, face \u00e0 un public qui attend des r\u00e9ponses rapides, <strong>l\u2019OM entre d\u00e9j\u00e0 dans une zone de turbulences<\/strong>. Et les consultants comme Acherchour ne semblent pas dispos\u00e9s \u00e0 accorder le moindre sursis.<\/p>\n<p>            <script async src=\"https:\/\/platform.twitter.com\/widgets.js\" charset=\"utf-8\"><\/script><\/p>\n","protected":false},"excerpt":{"rendered":"L\u2019Olympique de Marseille n\u2019a pas seulement perdu trois points vendredi soir \u00e0 Rennes (1-0). Le club olympien a&hellip;\n","protected":false},"author":2,"featured_media":298037,"comment_status":"","ping_status":"","sticky":false,"template":"","format":"standard","meta":{"footnotes":""},"categories":[2821],"tags":[1111,11,829,1777,674,1011,27,12,584,25],"class_list":{"0":"post-325166","1":"post","2":"type-post","3":"status-publish","4":"format-standard","5":"has-post-thumbnail","7":"category-rennes","8":"tag-actu","9":"tag-actualites","10":"tag-bretagne","11":"tag-eu","12":"tag-europe","13":"tag-fr","14":"tag-france","15":"tag-news","16":"tag-rennes","17":"tag-republique-francaise"},"share_on_mastodon":{"url":"https:\/\/pubeurope.com\/@fr\/115044927564574971","error":""},"_links":{"self":[{"href":"https:\/\/www.europesays.com\/fr\/wp-json\/wp\/v2\/posts\/325166","targetHints":{"allow":["GET"]}}],"collection":[{"href":"https:\/\/www.europesays.com\/fr\/wp-json\/wp\/v2\/posts"}],"about":[{"href":"https:\/\/www.europesays.com\/fr\/wp-json\/wp\/v2\/types\/post"}],"author":[{"embeddable":true,"href":"https:\/\/www.europesays.com\/fr\/wp-json\/wp\/v2\/users\/2"}],"replies":[{"embeddable":true,"href":"https:\/\/www.europesays.com\/fr\/wp-json\/wp\/v2\/comments?post=325166"}],"version-history":[{"count":0,"href":"https:\/\/www.europesays.com\/fr\/wp-json\/wp\/v2\/posts\/325166\/revisions"}],"wp:featuredmedia":[{"embeddable":true,"href":"https:\/\/www.europesays.com\/fr\/wp-json\/wp\/v2\/media\/298037"}],"wp:attachment":[{"href":"https:\/\/www.europesays.com\/fr\/wp-json\/wp\/v2\/media?parent=325166"}],"wp:term":[{"taxonomy":"category","embeddable":true,"href":"https:\/\/www.europesays.com\/fr\/wp-json\/wp\/v2\/categories?post=325166"},{"taxonomy":"post_tag","embeddable":true,"href":"https:\/\/www.europesays.com\/fr\/wp-json\/wp\/v2\/tags?post=325166"}],"curies":[{"name":"wp","href":"https:\/\/api.w.org\/{rel}","templated":true}]}}