{"id":325167,"date":"2025-08-17T15:58:16","date_gmt":"2025-08-17T15:58:16","guid":{"rendered":"https:\/\/www.europesays.com\/fr\/325167\/"},"modified":"2025-08-17T15:58:16","modified_gmt":"2025-08-17T15:58:16","slug":"metz-plus-dynamique-le-racing-recule","status":"publish","type":"post","link":"https:\/\/www.europesays.com\/fr\/325167\/","title":{"rendered":"Metz plus dynamique, le Racing recule"},"content":{"rendered":"<p>&#13;<br \/>\n                                                    En direct&#13;<br \/>\n                        &#13;\n                                            <\/p>\n<p>Le Racing lance sa saison de Ligue 1 ce dimanche par un d\u00e9placement \u00e0 Metz, une affiche qui n&rsquo;a \u00e9videmment\u00a0rien d&rsquo;ordinaire, et il entend bien perp\u00e9tuer les bonnes habitudes prises lors du derby, o\u00f9 il reste sur cinq succ\u00e8s d&rsquo;affil\u00e9e dont trois \u00e0 Saint-Symphorien.<\/p>\n<p>&#13;<br \/>\n              \u00c0 Metz, S\u00e9bastien Keller &#8211; &#13;<br \/>\n        &#13;<br \/>\n          Aujourd&rsquo;hui \u00e0 11:15&#13;<br \/>\n    &#13;<br \/>\n                  | mis \u00e0 jour aujourd&rsquo;hui \u00e0 17:56&#13;<br \/>\n              &#8211; Temps de lecture : &#13;<br \/>\n  &#13;\n<\/p>\n<ul class=\"galerieContent carousel-wrapper__slides\" id=\"87b7fff1-244b-4aa0-aedc-3b4338a10033\">        &#13;<\/p>\n<li class=\"carousel-wrapper__slides--slide item\" id=\"slide-1\">&#13;<br \/>\n                                    &#13;<br \/>\n                        <a class=\"chocolat-image GA-tracking\" data-ga_type=\"click\" data-ga_category=\"D\u00e9tail\" data-ga_action=\"zoomer\" data-ga_label=\"aggrandir image\" href=\"https:\/\/cdn-s-www.dna.fr\/images\/BFD02CC2-54DE-4159-A5A0-5BC5B0458540\/NW_raw\/samir-el-mourabet-veille-au-grain-devant-le-messin-et-ex-strasbourgeois-jessy-deminguet-photo-jean-marc-loos-1755444509.jpg\" title=\"Samir El Mourabet veille au grain devant le Messin, et ex-Strasbourgeois, Jessy Deminguet. Photo Jean-Marc Loos\" target=\"_blank\" rel=\"noopener\">&#13;<br \/>\n                            <img decoding=\"async\" src=\"https:\/\/www.europesays.com\/fr\/wp-content\/uploads\/2025\/08\/samir-el-mourabet-veille-au-grain-devant-le-messin-et-ex-strasbourgeois-jessy-deminguet-photo-jean-m.jpeg\"   alt=\"Samir El Mourabet veille au grain devant le Messin, et ex-Strasbourgeois, Jessy Deminguet. Photo Jean-Marc Loos\" fetchpriority=\"high\" data-mobile=\"NW_detail_M|1755444509\" data-base=\"NW_detail|1755444509\"\/>&#13;<br \/>\n                        <\/a>&#13;<\/p>\n<p>Samir El Mourabet veille au grain devant le Messin, et ex-Strasbourgeois, Jessy Deminguet. Photo Jean-Marc Loos<\/p>\n<p>                        &#13;<br \/>\n                                           &#13;\n                <\/li>\n<p>&#13;<br \/>\n            &#13;<\/p>\n<li class=\"carousel-wrapper__slides--slide item slideWithPub\" id=\"slide-2\">&#13;<br \/>\n                        &#13;<br \/>\n                            <a class=\"chocolat-image\" title=\"Publicit\u00e9\" href=\"data:image\/gif;base64,R0lGODlhAQABAAD\/ACwAAAAAAQABAAACADs=\">&#13;<br \/>\n                                <img decoding=\"async\" src=\"data:image\/gif;base64,R0lGODlhAQABAAD\/ACwAAAAAAQABAAACADs=\" alt=\"Publicit\u00e9\" loading=\"lazy\" fetchpriority=\"low\"\/>&#13;<br \/>\n                            <\/a>&#13;<br \/>\n                        &#13;\n                    <\/li>\n<p>&#13;<\/p>\n<li class=\"carousel-wrapper__slides--slide item\" id=\"slide-3\">&#13;<br \/>\n                                    &#13;<br \/>\n                        <a class=\"chocolat-image GA-tracking\" data-ga_type=\"click\" data-ga_category=\"D\u00e9tail\" data-ga_action=\"zoomer\" data-ga_label=\"aggrandir image\" href=\"https:\/\/cdn-s-www.dna.fr\/images\/DCFC61AD-EC27-4D92-A648-D02EEFCF5590\/NW_raw\/le-racing-de-valentin-barco-entend-bien-debuter-la-nouvelle-saison-de-la-meilleure-des-manieres-par-un-succes-chez-le-voisin-messin-photo-laurent-rea-1755359614.jpg\" title=\"Le Racing de Valentin Barco entend bien\u00a0d\u00e9buter\u00a0la nouvelle saison de la meilleure des mani\u00e8res, par un succ\u00e8s chez le voisin messin. Photo Laurent R\u00e9a\" target=\"_blank\" rel=\"noopener\">&#13;<br \/>\n                            <img decoding=\"async\" src=\"https:\/\/www.europesays.com\/fr\/wp-content\/uploads\/2025\/08\/le-racing-de-valentin-barco-entend-bien-debuter-la-nouvelle-saison-de-la-meilleure-des-manieres-par-.jpeg\"   alt=\"Le Racing de Valentin Barco entend bien\u00a0d\u00e9buter\u00a0la nouvelle saison de la meilleure des mani\u00e8res, par un succ\u00e8s chez le voisin messin. Photo Laurent R\u00e9a\" loading=\"lazy\" fetchpriority=\"low\" data-mobile=\"NW_detail_M|1755359614\" data-base=\"NW_detail|1755359614\"\/>&#13;<br \/>\n                        <\/a>&#13;<\/p>\n<p>Le Racing de Valentin Barco entend bien\u00a0d\u00e9buter\u00a0la nouvelle saison de la meilleure des mani\u00e8res, par un succ\u00e8s chez le voisin messin. Photo Laurent R\u00e9a<\/p>\n<p>                        &#13;<br \/>\n                                           &#13;\n                <\/li>\n<p>&#13;<br \/>\n            &#13;\n                <\/ul>\n","protected":false},"excerpt":{"rendered":"&#13; En direct&#13; &#13; Le Racing lance sa saison de Ligue 1 ce dimanche par un d\u00e9placement \u00e0&hellip;\n","protected":false},"author":2,"featured_media":325168,"comment_status":"","ping_status":"","sticky":false,"template":"","format":"standard","meta":{"footnotes":""},"categories":[2820],"tags":[1111,11,2649,3545,2880,1777,674,107,63,1011,27,329,775,3544,12,41281,25,517,640],"class_list":{"0":"post-325167","1":"post","2":"type-post","3":"status-publish","4":"format-standard","5":"has-post-thumbnail","7":"category-strasbourg","8":"tag-actu","9":"tag-actualites","10":"tag-bas-rhin","11":"tag-direct-sport","12":"tag-edition-strasbourg","13":"tag-eu","14":"tag-europe","15":"tag-fil-info","16":"tag-football","17":"tag-fr","18":"tag-france","19":"tag-france-monde","20":"tag-grand-est","21":"tag-matchs-en-direct","22":"tag-news","23":"tag-racing-club-strasbourg-masculin","24":"tag-republique-francaise","25":"tag-sport","26":"tag-strasbourg"},"share_on_mastodon":{"url":"https:\/\/pubeurope.com\/@fr\/115044935624165064","error":""},"_links":{"self":[{"href":"https:\/\/www.europesays.com\/fr\/wp-json\/wp\/v2\/posts\/325167","targetHints":{"allow":["GET"]}}],"collection":[{"href":"https:\/\/www.europesays.com\/fr\/wp-json\/wp\/v2\/posts"}],"about":[{"href":"https:\/\/www.europesays.com\/fr\/wp-json\/wp\/v2\/types\/post"}],"author":[{"embeddable":true,"href":"https:\/\/www.europesays.com\/fr\/wp-json\/wp\/v2\/users\/2"}],"replies":[{"embeddable":true,"href":"https:\/\/www.europesays.com\/fr\/wp-json\/wp\/v2\/comments?post=325167"}],"version-history":[{"count":0,"href":"https:\/\/www.europesays.com\/fr\/wp-json\/wp\/v2\/posts\/325167\/revisions"}],"wp:featuredmedia":[{"embeddable":true,"href":"https:\/\/www.europesays.com\/fr\/wp-json\/wp\/v2\/media\/325168"}],"wp:attachment":[{"href":"https:\/\/www.europesays.com\/fr\/wp-json\/wp\/v2\/media?parent=325167"}],"wp:term":[{"taxonomy":"category","embeddable":true,"href":"https:\/\/www.europesays.com\/fr\/wp-json\/wp\/v2\/categories?post=325167"},{"taxonomy":"post_tag","embeddable":true,"href":"https:\/\/www.europesays.com\/fr\/wp-json\/wp\/v2\/tags?post=325167"}],"curies":[{"name":"wp","href":"https:\/\/api.w.org\/{rel}","templated":true}]}}