{"id":325169,"date":"2025-08-17T15:59:14","date_gmt":"2025-08-17T15:59:14","guid":{"rendered":"https:\/\/www.europesays.com\/fr\/325169\/"},"modified":"2025-08-17T15:59:14","modified_gmt":"2025-08-17T15:59:14","slug":"un-tube-de-lete-est-ne-a-nice-et-vous-allez-lavoir-en-tete-toute-la-journee","status":"publish","type":"post","link":"https:\/\/www.europesays.com\/fr\/325169\/","title":{"rendered":"Un tube de l\u2019\u00e9t\u00e9 est n\u00e9 \u00e0 Nice\u2026 et vous allez l\u2019avoir en t\u00eate TOUTE la journ\u00e9e !"},"content":{"rendered":"<p>En moins d\u2019un mois, \u201cI Love Nice\u201d d\u2019EDwin et Hedi s\u2019impose comme le tube de l\u2019\u00e9t\u00e9. M\u00e9lodie ensoleill\u00e9e, refrain ent\u00eatant et d\u00e9claration d\u2019amour \u00e0 la C\u00f4te d\u2019Azur font vibrer les r\u00e9seaux.<\/p>\n<p>Edwin, auteur-compositeur-interpr\u00e8te originaire du Liban, a d\u00e9but\u00e9 sa carri\u00e8re solo en 2009 et sorti trois albums dans son pays natal. C&rsquo;est en 2022, il d\u00e9cide de s\u2019installer en France pour donner une dimension internationale \u00e0 sa musique\u00a0! D\u2019abord \u00e0 Paris, puis \u00e0 <strong>Nice en 2022, il trouve sur la C\u00f4te d\u2019Azur une atmosph\u00e8re famili\u00e8re, entre mer et soleil, qui lui rappelle ses origines m\u00e9diterran\u00e9ennes.<\/strong> C\u2019est l\u00e0 qu\u2019il \u00e9crit <strong>\u201cI Love Nice\u201d, inspir\u00e9 par une rencontre marquante et par la ville qui l\u2019a aid\u00e9 \u00e0 \u201cse relever\u201d.<\/strong><\/p>\n<p>\ud83d\udcf1 Un carton inattendu sur les r\u00e9seaux<\/p>\n<p>Lanc\u00e9 il y a moins d\u2019un mois, <strong>\u201cI Love Nice\u201d<\/strong>\u00a0se r\u00e9pand \u00e0 vitesse grand V sur Instagram, Facebook et TikTok. Les vid\u00e9os courtes mettant en avant le refrain ent\u00eatant et les images ensoleill\u00e9es de Nice cumulent d\u00e9j\u00e0 pr\u00e8s de 500 000 vues sur toutes les plateformes.<\/p>\n<p> \ud83d\udc99 Un futur hymne estival made in C\u00f4te d\u2019Azur<\/p>\n<p>Clin d\u2019\u0153il au c\u00e9l\u00e8bre lettrage \u201cI Love Nice\u201d install\u00e9 quai Rauba Capeu, <strong>le morceau transcende la simple carte postale pour devenir un symbole de bonne humeur et de partage<\/strong>. \u201cI Love Nice\u201d capte l\u2019esprit de la ville et donne envie de danser sur la Promenade des Anglais jusqu\u2019au coucher du soleil. Pour Edwin, le succ\u00e8s du titre n\u2019est qu\u2019une \u00e9tape\u00a0: il compte bien continuer \u00e0 faire rayonner Nice \u00e0 travers sa musique\u2026 tout l\u2019\u00e9t\u00e9.<\/p>\n<p>\ud83d\udcf2\u00a0<strong>\u00c0 suivre<\/strong>\u00a0: EDwin \u2013 sur\u00a0<a target=\"_blank\" rel=\"nofollow noopener noreferrer\" class=\"IciLink ici-link IciArticleLink g-ici-body-regular-1 underline brand svelte-lu7k6w\" href=\"https:\/\/www.instagram.com\/edwin_officiel?fbclid=IwY2xjawML6glleHRuA2FlbQIxMABicmlkETEzSXZaQTN1MXdQaWhPekZSAR5K6W5HdriBW6RvgsxrzDnG3Zs5EPsJlZq-Cqov5EEAihonRfAmuOVO-2kkhQ_aem_H-O4XG4HIkO4IS_1oXQWew\"><strong>Instagram<\/strong><\/a>,\u00a0<a target=\"_blank\" rel=\"nofollow noopener noreferrer\" class=\"IciLink ici-link IciArticleLink g-ici-body-regular-1 underline brand svelte-lu7k6w\" href=\"https:\/\/www.facebook.com\/edwin.musique\"><strong>Facebook<\/strong><\/a>\u00a0et\u00a0<a target=\"_blank\" rel=\"nofollow noopener noreferrer\" class=\"IciLink ici-link IciArticleLink g-ici-body-regular-1 underline brand svelte-lu7k6w\" href=\"https:\/\/www.youtube.com\/@edwin_officiel\"><strong>YouTube<\/strong><\/a><\/p>\n<p> (function(w, d) {     if (w.FB &#038;&#038; w.FB.XFBML &#038;&#038; w.FB.XFBML.parse) {         if (&lsquo;undefined&rsquo; == typeof w.__fbTimeout) {             w.__fbTimeout = setTimeout(function() {                 w.FB.XFBML.parse();                 w.__fbTimeout = undefined;             }, 1000);         }     } else if (&lsquo;undefined&rsquo; == typeof w.__fbTimeout) {         if (d.querySelectorAll(&lsquo;#fb-root&rsquo;).length === 0) {             var fbRoot = d.createElement(&lsquo;div&rsquo;);             fbRoot.id = &lsquo;fb-root&rsquo;;             d.querySelector(&lsquo;body&rsquo;).append(fbRoot);         }         if (d.querySelectorAll(&lsquo;#facebook-jssdk&rsquo;).length === 0) {             var fbScript = d.createElement(&lsquo;script&rsquo;);             fbScript.id = &lsquo;facebook-jssdk&rsquo;;             fbScript.src=\u00a0\u00bb\/\/connect.facebook.net\/fr_FR\/sdk.js#xfbml=1&#038;version=v2.8&#038;appId=593991304071705&Prime;;             fbScript.async = 1;             d.querySelector(&lsquo;head&rsquo;).append(fbScript);         }     } })(window, window.document); \\u003C\/script>\\\u00a0\u00bb,\\\u00a0\u00bbprovider\\\u00a0\u00bb:\\\u00a0\u00bbfacebook\\\u00a0\u00bb,\\\u00a0\u00bbdidomiPurposes\\\u00a0\u00bb:\\\u00a0\u00bbPour afficher ce contenu Facebook, vous devez accepter les cookies \\u003Cb>R\u00e9seaux Sociaux\\u003C\/b>.\\u003Cbr>\\u003Cbr>Ces cookies permettent de partager ou r\u00e9agir directement sur les r\u00e9seaux sociaux auxquels vous \u00eates connect\u00e9s ou d&rsquo;int\u00e9grer du contenu initialement post\u00e9 sur ces r\u00e9seaux sociaux. Ils permettent aussi aux r\u00e9seaux sociaux d&rsquo;utiliser vos visites sur nos sites et applications \u00e0 des fins de personnalisation et de ciblage publicitaire.\\\u00a0\u00bb,\\\u00a0\u00bbdidomiVendorId\\\u00a0\u00bb:\\\u00a0\u00bbc:facebookc-rgacRMQm\\\u00a0\u00bb}},{\\\u00a0\u00bbtype\\\u00a0\u00bb:\\\u00a0\u00bbheading\\\u00a0\u00bb,\\\u00a0\u00bblevel\\\u00a0\u00bb:2,\\\u00a0\u00bbvalue\\\u00a0\u00bb:\\\u00a0\u00bb\ud83d\udc99 Un futur hymne estival made in C\u00f4te d\u2019Azur\\\u00a0\u00bb},{\\\u00a0\u00bbtype\\\u00a0\u00bb:\\\u00a0\u00bbtext\\\u00a0\u00bb,\\\u00a0\u00bbchildren\\\u00a0\u00bb:[{\\\u00a0\u00bbtype\\\u00a0\u00bb:\\\u00a0\u00bbtext\\\u00a0\u00bb,\\\u00a0\u00bbvalue\\\u00a0\u00bb:\\\u00a0\u00bbClin d\u2019\u0153il au c\u00e9l\u00e8bre lettrage \u201cI Love Nice\u201d install\u00e9 quai Rauba Capeu, \\u003Cstrong>le morceau transcende la simple carte postale pour devenir un symbole de bonne humeur et de partage\\u003C\/strong>. \\u003Cem>\u201cI Love Nice\u201d\\u003C\/em> capte l\u2019esprit de la ville et donne envie de danser sur la Promenade des Anglais jusqu\u2019au coucher du soleil. Pour Edwin, le succ\u00e8s du titre n\u2019est qu\u2019une \u00e9tape\u00a0: il compte bien continuer \u00e0 faire rayonner Nice \u00e0 travers sa musique\u2026 tout l\u2019\u00e9t\u00e9.\\\u00a0\u00bb}]},{\\\u00a0\u00bbtype\\\u00a0\u00bb:\\\u00a0\u00bbtext\\\u00a0\u00bb,\\\u00a0\u00bbchildren\\\u00a0\u00bb:[{\\\u00a0\u00bbtype\\\u00a0\u00bb:\\\u00a0\u00bbtext\\\u00a0\u00bb,\\\u00a0\u00bbvalue\\\u00a0\u00bb:\\\u00a0\u00bb\ud83d\udcf2\u00a0\\u003Cstrong>\u00c0 suivre\\u003C\/strong>\u00a0: EDwin \u2013 sur\u00a0\\\u00a0\u00bb},{\\\u00a0\u00bbtype\\\u00a0\u00bb:\\\u00a0\u00bblink\\\u00a0\u00bb,\\\u00a0\u00bbdata\\\u00a0\u00bb:{\\\u00a0\u00bbhref\\\u00a0\u00bb:\\\u00a0\u00bbhttps:\/\/www.instagram.com\/edwin_officiel?fbclid=IwY2xjawML6glleHRuA2FlbQIxMABicmlkETEzSXZaQTN1MXdQaWhPekZSAR5K6W5HdriBW6RvgsxrzDnG3Zs5EPsJlZq-Cqov5EEAihonRfAmuOVO-2kkhQ_aem_H-O4XG4HIkO4IS_1oXQWew\\\u00a0\u00bb},\\\u00a0\u00bbvalue\\\u00a0\u00bb:\\\u00a0\u00bb\\u003Cstrong>Instagram\\u003C\/strong>\\\u00a0\u00bb},{\\\u00a0\u00bbtype\\\u00a0\u00bb:\\\u00a0\u00bbtext\\\u00a0\u00bb,\\\u00a0\u00bbvalue\\\u00a0\u00bb:\\\u00a0\u00bb,\u00a0\\\u00a0\u00bb},{\\\u00a0\u00bbtype\\\u00a0\u00bb:\\\u00a0\u00bblink\\\u00a0\u00bb,\\\u00a0\u00bbdata\\\u00a0\u00bb:{\\\u00a0\u00bbhref\\\u00a0\u00bb:\\\u00a0\u00bbhttps:\/\/www.facebook.com\/edwin.musique\\\u00a0\u00bb},\\\u00a0\u00bbvalue\\\u00a0\u00bb:\\\u00a0\u00bb\\u003Cstrong>Facebook\\u003C\/strong>\\\u00a0\u00bb},{\\\u00a0\u00bbtype\\\u00a0\u00bb:\\\u00a0\u00bbtext\\\u00a0\u00bb,\\\u00a0\u00bbvalue\\\u00a0\u00bb:\\\u00a0\u00bb\u00a0et\u00a0\\\u00a0\u00bb},{\\\u00a0\u00bbtype\\\u00a0\u00bb:\\\u00a0\u00bblink\\\u00a0\u00bb,\\\u00a0\u00bbdata\\\u00a0\u00bb:{\\\u00a0\u00bbhref\\\u00a0\u00bb:\\\u00a0\u00bbhttps:\/\/www.youtube.com\/@edwin_officiel\\\u00a0\u00bb},\\\u00a0\u00bbvalue\\\u00a0\u00bb:\\\u00a0\u00bb\\u003Cstrong>YouTube\\u003C\/strong>\\\u00a0\u00bb}]}],\\\u00a0\u00bbpath\\\u00a0\u00bb:\\\u00a0\u00bbemissions\/la-belle-histoire-d-ici-azur\/un-tube-de-l-ete-est-ne-a-nice-et-vous-allez-l-avoir-en-tete-toute-la-journee-3967132\\\u00a0\u00bb,\\\u00a0\u00bbvisual\\\u00a0\u00bb:{\\\u00a0\u00bbsquare\\\u00a0\u00bb:{\\\u00a0\u00bbjpg\\\u00a0\u00bb:[{\\\u00a0\u00bbw\\\u00a0\u00bb:120,\\\u00a0\u00bburl\\\u00a0\u00bb:\\\u00a0\u00bbhttps:\/\/www.francebleu.fr\/s3\/cruiser-production-eu3\/2025\/06\/c478d00e-7a6b-40d6-86b5-edcf3fc3e78d\/120x120_sc_3000-3000-la-belle-histoire-azur.jpg\\\u00a0\u00bb},{\\\u00a0\u00bbw\\\u00a0\u00bb:200,\\\u00a0\u00bburl\\\u00a0\u00bb:\\\u00a0\u00bbhttps:\/\/www.francebleu.fr\/s3\/cruiser-production-eu3\/2025\/06\/c478d00e-7a6b-40d6-86b5-edcf3fc3e78d\/200x200_sc_3000-3000-la-belle-histoire-azur.jpg\\\u00a0\u00bb},{\\\u00a0\u00bbw\\\u00a0\u00bb:400,\\\u00a0\u00bburl\\\u00a0\u00bb:\\\u00a0\u00bbhttps:\/\/www.francebleu.fr\/s3\/cruiser-production-eu3\/2025\/06\/c478d00e-7a6b-40d6-86b5-edcf3fc3e78d\/400x400_sc_3000-3000-la-belle-histoire-azur.jpg\\\u00a0\u00bb}],\\\u00a0\u00bbwebp\\\u00a0\u00bb:[{\\\u00a0\u00bbw\\\u00a0\u00bb:120,\\\u00a0\u00bburl\\\u00a0\u00bb:\\\u00a0\u00bbhttps:\/\/www.francebleu.fr\/s3\/cruiser-production-eu3\/2025\/06\/c478d00e-7a6b-40d6-86b5-edcf3fc3e78d\/120x120_sc_3000-3000-la-belle-histoire-azur.webp\\\u00a0\u00bb},{\\\u00a0\u00bbw\\\u00a0\u00bb:200,\\\u00a0\u00bburl\\\u00a0\u00bb:\\\u00a0\u00bbhttps:\/\/www.francebleu.fr\/s3\/cruiser-production-eu3\/2025\/06\/c478d00e-7a6b-40d6-86b5-edcf3fc3e78d\/200x200_sc_3000-3000-la-belle-histoire-azur.webp\\\u00a0\u00bb},{\\\u00a0\u00bbw\\\u00a0\u00bb:400,\\\u00a0\u00bburl\\\u00a0\u00bb:\\\u00a0\u00bbhttps:\/\/www.francebleu.fr\/s3\/cruiser-production-eu3\/2025\/06\/c478d00e-7a6b-40d6-86b5-edcf3fc3e78d\/400x400_sc_3000-3000-la-belle-histoire-azur.webp\\\u00a0\u00bb}]},\\\u00a0\u00bbnormal\\\u00a0\u00bb:{\\\u00a0\u00bbjpg\\\u00a0\u00bb:[{\\\u00a0\u00bbw\\\u00a0\u00bb:320,\\\u00a0\u00bburl\\\u00a0\u00bb:\\\u00a0\u00bbhttps:\/\/www.francebleu.fr\/s3\/cruiser-production-eu3\/2025\/08\/ea47294a-9a64-433a-aaa4-29880bfb22bb\/320x170_sc_phy-3263.jpg\\\u00a0\u00bb},{\\\u00a0\u00bbw\\\u00a0\u00bb:560,\\\u00a0\u00bburl\\\u00a0\u00bb:\\\u00a0\u00bbhttps:\/\/www.francebleu.fr\/s3\/cruiser-production-eu3\/2025\/08\/ea47294a-9a64-433a-aaa4-29880bfb22bb\/560x315_sc_phy-3263.jpg\\\u00a0\u00bb},{\\\u00a0\u00bbw\\\u00a0\u00bb:1200,\\\u00a0\u00bburl\\\u00a0\u00bb:\\\u00a0\u00bbhttps:\/\/www.francebleu.fr\/s3\/cruiser-production-eu3\/2025\/08\/ea47294a-9a64-433a-aaa4-29880bfb22bb\/1200x680_sc_phy-3263.jpg\\\u00a0\u00bb}],\\\u00a0\u00bbwebp\\\u00a0\u00bb:[{\\\u00a0\u00bbw\\\u00a0\u00bb:320,\\\u00a0\u00bburl\\\u00a0\u00bb:\\\u00a0\u00bbhttps:\/\/www.francebleu.fr\/s3\/cruiser-production-eu3\/2025\/08\/ea47294a-9a64-433a-aaa4-29880bfb22bb\/320x170_sc_phy-3263.webp\\\u00a0\u00bb},{\\\u00a0\u00bbw\\\u00a0\u00bb:560,\\\u00a0\u00bburl\\\u00a0\u00bb:\\\u00a0\u00bbhttps:\/\/www.francebleu.fr\/s3\/cruiser-production-eu3\/2025\/08\/ea47294a-9a64-433a-aaa4-29880bfb22bb\/560x315_sc_phy-3263.webp\\\u00a0\u00bb},{\\\u00a0\u00bbw\\\u00a0\u00bb:1200,\\\u00a0\u00bburl\\\u00a0\u00bb:\\\u00a0\u00bbhttps:\/\/www.francebleu.fr\/s3\/cruiser-production-eu3\/2025\/08\/ea47294a-9a64-433a-aaa4-29880bfb22bb\/1200x680_sc_phy-3263.webp\\\u00a0\u00bb}]},\\\u00a0\u00bbpreview\\\u00a0\u00bb:\\\u00a0\u00bbdata:image\/jpeg;base64,\/9j\/2wBDACgcHiMeGSgjISMtKygwPGRBPDc3PHtYXUlkkYCZlo+AjIqgtObDoKrarYqMyP\/L2u71\/\/\/\/m8H\/\/\/\/6\/+b9\/\/j\/2wBDASstLTw1PHZBQXb4pYyl+Pj4+Pj4+Pj4+Pj4+Pj4+Pj4+Pj4+Pj4+Pj4+Pj4+Pj4+Pj4+Pj4+Pj4+Pj4+Pj4+Pj\/wAARCAAqACoDASIAAhEBAxEB\/8QAFwABAQEBAAAAAAAAAAAAAAAAAgEAA\/\/EABgQAQEBAQEAAAAAAAAAAAAAAAABEQIS\/8QAFwEBAQEBAAAAAAAAAAAAAAAAAAIBA\/\/EABURAQEAAAAAAAAAAAAAAAAAAAAR\/9oADAMBAAIRAxEAPwC1KVGu9coywVhSHIuNzDxlbHKxLDxMRVQMKRfKyFIXJjIRWwcbFVChxsJgRWYH\/9k=\\\u00a0\u00bb,\\\u00a0\u00bblegend\\\u00a0\u00bb:\\\u00a0\u00bbEDwin d\u00e9clare son amour pour la Baie des Anges\\\u00a0\u00bb,\\\u00a0\u00bbcopyright\\\u00a0\u00bb:false,\\\u00a0\u00bbauthor\\\u00a0\u00bb:\\\u00a0\u00bbEDwin\\\u00a0\u00bb},\\\u00a0\u00bbmedia\\\u00a0\u00bb:{\\\u00a0\u00bbsources\\\u00a0\u00bb:[{\\\u00a0\u00bbbroadcastType\\\u00a0\u00bb:\\\u00a0\u00bbaod\\\u00a0\u00bb,\\\u00a0\u00bburl\\\u00a0\u00bb:\\\u00a0\u00bbhttps:\/\/media.radiofrance-podcast.net\/podcast09\/25770-15.08.2025-ITEMA_24217475-2025B54419S0227-NET_06A_7691B8FA-4115-4C21-8940-7EFCE8453480-21.mp3\\\u00a0\u00bb}],\\\u00a0\u00bbstartTime\\\u00a0\u00bb:1755233460,\\\u00a0\u00bbendTime\\\u00a0\u00bb:1755233655,\\\u00a0\u00bbtimeMap\\\u00a0\u00bb:[{\\\u00a0\u00bbdata\\\u00a0\u00bb:{\\\u00a0\u00bbstation\\\u00a0\u00bb:\\\u00a0\u00bbici Azur\\\u00a0\u00bb,\\\u00a0\u00bbtitle\\\u00a0\u00bb:\\\u00a0\u00bbLa belle histoire d&rsquo;ici Azur\\\u00a0\u00bb,\\\u00a0\u00bbdescription\\\u00a0\u00bb:\\\u00a0\u00bbUn tube de l\u2019\u00e9t\u00e9 est n\u00e9 \u00e0 Nice\u2026 et vous allez l\u2019avoir en t\u00eate TOUTE la journ\u00e9e !\\\u00a0\u00bb,\\\u00a0\u00bbcover\\\u00a0\u00bb:\\\u00a0\u00bbhttps:\/\/www.francebleu.fr\/s3\/cruiser-production-eu3\/2025\/06\/c478d00e-7a6b-40d6-86b5-edcf3fc3e78d\/200x200_sc_3000-3000-la-belle-histoire-azur.jpg\\\u00a0\u00bb,\\\u00a0\u00bbcoverFallback\\\u00a0\u00bb:\\\u00a0\u00bbhttps:\/\/www.francebleu.fr\/s3\/cruiser-production-eu3\/2024\/12\/7d516a30-19b5-402f-87a9-5ea6150b2592\/400x400_sc_3d9c9a7d-8ad5-4751-bfa3-f15dfd6b700f-720.jpg\\\u00a0\u00bb,\\\u00a0\u00bbclipType\\\u00a0\u00bb:\\\u00a0\u00bbreecoute\\\u00a0\u00bb,\\\u00a0\u00bbxtn2\\\u00a0\u00bb:6,\\\u00a0\u00bbemission\\\u00a0\u00bb:{\\\u00a0\u00bbid\\\u00a0\u00bb:\\\u00a0\u00bbdb34a6c7-9087-4cdc-a53f-6f259a1fabdc\\\u00a0\u00bb,\\\u00a0\u00bbtitle\\\u00a0\u00bb:\\\u00a0\u00bbLa belle histoire d&rsquo;ici Azur\\\u00a0\u00bb,\\\u00a0\u00bbbusinessReference\\\u00a0\u00bb:\\\u00a0\u00bb54419\\\u00a0\u00bb},\\\u00a0\u00bbdiffusion\\\u00a0\u00bb:{\\\u00a0\u00bbid\\\u00a0\u00bb:\\\u00a0\u00bb8a90f170-5611-4dc4-afef-9cc4cb01657b\\\u00a0\u00bb,\\\u00a0\u00bbtitle\\\u00a0\u00bb:\\\u00a0\u00bbUn tube de l\u2019\u00e9t\u00e9 est n\u00e9 \u00e0 Nice\u2026 et vous allez l\u2019avoir en t\u00eate TOUTE la journ\u00e9e !\\\u00a0\u00bb},\\\u00a0\u00bbsiteId\\\u00a0\u00bb:56,\\\u00a0\u00bbconceptUuid\\\u00a0\u00bb:\\\u00a0\u00bbdb34a6c7-9087-4cdc-a53f-6f259a1fabdc\\\u00a0\u00bb,\\\u00a0\u00bbexpressionUuid\\\u00a0\u00bb:\\\u00a0\u00bb8a90f170-5611-4dc4-afef-9cc4cb01657b\\\u00a0\u00bb,\\\u00a0\u00bblocaleId\\\u00a0\u00bb:49}}],\\\u00a0\u00bbduration\\\u00a0\u00bb:195},\\\u00a0\u00bbconcept\\\u00a0\u00bb:{\\\u00a0\u00bbtitle\\\u00a0\u00bb:\\\u00a0\u00bbLa belle histoire d&rsquo;ici Azur\\\u00a0\u00bb,\\\u00a0\u00bbpath\\\u00a0\u00bb:\\\u00a0\u00bbemissions\/la-belle-histoire-d-ici-azur\\\u00a0\u00bb,\\\u00a0\u00bbid\\\u00a0\u00bb:\\\u00a0\u00bbdb34a6c7-9087-4cdc-a53f-6f259a1fabdc\\\u00a0\u00bb}}},\\\u00a0\u00bbdisplay\\\u00a0\u00bb:{\\\u00a0\u00bbnewsFlash\\\u00a0\u00bb:[],\\\u00a0\u00bbhighBanner\\\u00a0\u00bb:false}}\u00a0\u00bb}<script async src=\"\/\/www.instagram.com\/embed.js\"><\/script><\/p>\n","protected":false},"excerpt":{"rendered":"En moins d\u2019un mois, \u201cI Love Nice\u201d d\u2019EDwin et Hedi s\u2019impose comme le tube de l\u2019\u00e9t\u00e9. M\u00e9lodie ensoleill\u00e9e,&hellip;\n","protected":false},"author":2,"featured_media":325170,"comment_status":"","ping_status":"","sticky":false,"template":"","format":"standard","meta":{"footnotes":""},"categories":[2819],"tags":[1111,11,1777,674,1011,27,12,2401,882,25],"class_list":{"0":"post-325169","1":"post","2":"type-post","3":"status-publish","4":"format-standard","5":"has-post-thumbnail","7":"category-nice","8":"tag-actu","9":"tag-actualites","10":"tag-eu","11":"tag-europe","12":"tag-fr","13":"tag-france","14":"tag-news","15":"tag-nice","16":"tag-provence-alpes-cote-dazur","17":"tag-republique-francaise"},"share_on_mastodon":{"url":"https:\/\/pubeurope.com\/@fr\/115044939394405678","error":""},"_links":{"self":[{"href":"https:\/\/www.europesays.com\/fr\/wp-json\/wp\/v2\/posts\/325169","targetHints":{"allow":["GET"]}}],"collection":[{"href":"https:\/\/www.europesays.com\/fr\/wp-json\/wp\/v2\/posts"}],"about":[{"href":"https:\/\/www.europesays.com\/fr\/wp-json\/wp\/v2\/types\/post"}],"author":[{"embeddable":true,"href":"https:\/\/www.europesays.com\/fr\/wp-json\/wp\/v2\/users\/2"}],"replies":[{"embeddable":true,"href":"https:\/\/www.europesays.com\/fr\/wp-json\/wp\/v2\/comments?post=325169"}],"version-history":[{"count":0,"href":"https:\/\/www.europesays.com\/fr\/wp-json\/wp\/v2\/posts\/325169\/revisions"}],"wp:featuredmedia":[{"embeddable":true,"href":"https:\/\/www.europesays.com\/fr\/wp-json\/wp\/v2\/media\/325170"}],"wp:attachment":[{"href":"https:\/\/www.europesays.com\/fr\/wp-json\/wp\/v2\/media?parent=325169"}],"wp:term":[{"taxonomy":"category","embeddable":true,"href":"https:\/\/www.europesays.com\/fr\/wp-json\/wp\/v2\/categories?post=325169"},{"taxonomy":"post_tag","embeddable":true,"href":"https:\/\/www.europesays.com\/fr\/wp-json\/wp\/v2\/tags?post=325169"}],"curies":[{"name":"wp","href":"https:\/\/api.w.org\/{rel}","templated":true}]}}