{"id":325174,"date":"2025-08-17T16:04:09","date_gmt":"2025-08-17T16:04:09","guid":{"rendered":"https:\/\/www.europesays.com\/fr\/325174\/"},"modified":"2025-08-17T16:04:09","modified_gmt":"2025-08-17T16:04:09","slug":"un-concept-inedit-debarque-pres-de-bordeaux-entre-petits-plats-et-grand-ecran","status":"publish","type":"post","link":"https:\/\/www.europesays.com\/fr\/325174\/","title":{"rendered":"un concept in\u00e9dit d\u00e9barque pr\u00e8s de Bordeaux entre petits plats et grand \u00e9cran"},"content":{"rendered":"<p>            Par<br \/>\n        <strong><br \/>\n            <a href=\"https:\/\/actu.fr\/auteur\/charlotte-lesprit\" title=\"Consulter tous les articles de Charlotte Lesprit\" rel=\"nofollow noopener\" target=\"_blank\">Charlotte Lesprit<\/a><br \/>\n        <\/strong><\/p>\n<p>        Publi\u00e9 le<\/p>\n<p>            17 ao\u00fbt 2025 \u00e0 17h32        <\/p>\n<p>Apr\u00e8s Toulouse et Nantes, c\u2019est \u00e0 Bordeaux d\u2019accueillir ce <strong>tout nouveau concept<\/strong>. Son nom\u2009: Taste The Screen, pour \u00ab\u2009go\u00fbtez l\u2019\u00e9cran en fran\u00e7ais\u2009\u00bb. Un jeu de mots pour les gourmands f\u00e9rus de cin\u00e9ma puisque le principe est le suivant\u2009: savourer un repas tout en regardant <strong>un film sur grand \u00e9cran<\/strong>. Prochaine date\u2009: vendredi 5\u00a0septembre. <a href=\"https:\/\/actu.fr\/bordeaux\/\" rel=\"nofollow noopener\" target=\"_blank\">Actu Bordeaux<\/a> vous en dit plus\u2026<\/p>\n<p class=\" wall-content\">L\u2019\u00e9v\u00e9nement est organis\u00e9 au <strong>Caf\u00e9 Rostand<\/strong>, situ\u00e9 152 avenue Pasteur <a href=\"https:\/\/actu.fr\/nouvelle-aquitaine\/le-haillan_33200\" rel=\"nofollow noopener\" target=\"_blank\">au Haillan<\/a>, et il est vivement conseill\u00e9 de r\u00e9server sa prochaine s\u00e9ance car deux dates sont d\u00e9j\u00e0 compl\u00e8tes.<\/p>\n<p>Un film d\u2019animation familial<\/p>\n<p class=\" wall-content\">En septembre, le film sera grand public, comme \u00e0 chaque fois d\u2019ailleurs, et familial car il s\u2019agit de <strong>Temp\u00eate de boulettes g\u00e9antes<\/strong>. Un film d\u2019animation sorti Outre-Atlantique en 2009 et r\u00e9alis\u00e9 par le duo de r\u00e9alisateurs Phil Lord et Chris Miller (\u00e0 qui on doit La Grande Aventure Lego en 2014). Il est librement inspir\u00e9 du c\u00e9l\u00e8bre livre jeunesse Il pleut des hamburgers, de Judi et Ron Barrett.<\/p>\n<p class=\" wall-content\">Un dessin anim\u00e9, certes, mais peut-on y aller en famille\u2009? R\u00e9ponse\u2009: oui, mais\u2026 Oui, car les projections ont lieu<strong> du vendredi au dimanche<\/strong> tout le mois de septembre. La projection d\u00e9bute \u00e0 19\u2009h\u200930 et se termine vers 21\u2009h\u200930, ce qui laisse la possibilit\u00e9, du moins les vendredis et samedis, de profiter d\u2019une soir\u00e9e avec un enfant \u00e2g\u00e9 de<strong> minimum 8\u00a0ans<\/strong>. Et non\u2026 car impossible de former une grande tabl\u00e9e.<\/p>\n<p>Des tables de deux personnes<\/p>\n<p class=\" wall-content\">En effet, le Caf\u00e9 Rostand, afin \u00ab\u2009d\u2019assurer une organisation fluide et garantir une exp\u00e9rience optimale\u2009\u00bb, dresse des tables de deux personnes. Les groupes ayant r\u00e9serv\u00e9 ensemble pourront se retrouver dans le m\u00eame secteur de la salle. Cependant, en cas de nombre impair, <strong>il arrive que certains soient s\u00e9par\u00e9s<\/strong>\u2026 ce qui peut s\u2019av\u00e9rer moins agr\u00e9able.<\/p>\n<p class=\" wall-content\">Par ailleurs, si vous avez pr\u00e9vu de venir avec des mineurs, il est \u00e0 noter que le prix du menu reste le m\u00eame\u2009: 69\u00a0euros, ce qui peut vite faire grimper l\u2019addition car l\u2019\u00e9tablissement\u00a0ne propose <strong>pas de menu enfant<\/strong>. De plus, le restaurant rappelle que \u00ab\u2009l\u2019ambiance demande calme et concentration\u2009\u00bb tout au long de la s\u00e9ance. En revanche, si vous \u00eates v\u00e9g\u00e9tarien ou ne buvez pas d\u2019alcool, aucun souci\u2009: il suffit de le signaler lors de <a href=\"https:\/\/www.tickettailor.com\/events\/tastethescreen\/1776901\" rel=\"nofollow noopener\" target=\"_blank\">la r\u00e9servation en ligne<\/a>.<\/p>\n<p class=\" wall-content\"><a href=\"https:\/\/www.instagram.com\/reel\/DKyx0voqLFI\/embed\" title=\"Ouvrir le lien sur Instagram\" rel=\"nofollow noopener\" target=\"_blank\">Visualiser le contenu sur Instagram<\/a><\/p>\n<p class=\" wall-content\">Qu\u2019en est-il du menu\u2009? Pour commencer, <a href=\"https:\/\/actu.fr\/nouvelle-aquitaine\/bordeaux_33063\/lance-en-grande-pompe-a-bordeaux-ce-bar-a-cocktails-flope-au-bout-de-quelques-mois-et-devient-une-buvette_62931200.html#:~:text=Bordeaux-,Lanc%C3%A9%20en%20grande%20pompe%20%C3%A0%20Bordeaux%2C%20ce%20bar%20%C3%A0%20cocktails,huit%20mois%20apr%C3%A8s%20son%20lancement.\" rel=\"nofollow noopener\" target=\"_blank\">un cocktail alcoolis\u00e9<\/a> \u00e0 base de vodka est propos\u00e9 aux participants, accompagn\u00e9 de<strong> tempuras de l\u00e9gumes<\/strong> avec de l\u2019a\u00efoli et d\u2019un <a href=\"https:\/\/actu.fr\/nouvelle-aquitaine\/bordeaux_33063\/reputee-pour-ses-burgers-five-guys-devoile-la-date-d-ouverture-de-son-nouveau-restaurant-a-bordeaux_62726059.html\" rel=\"nofollow noopener\" target=\"_blank\">cheeseburger<\/a> en entr\u00e9e (servi en m\u00eame temps que la sc\u00e8ne du film\u2009!). Ensuite, place au cocktail en vogue du moment \u2014 le Porn Star Martini \u2014 servi avec des <strong>spaghettis sauce tomate et<\/strong> <strong>boulettes de b\u0153uf<\/strong>. Enfin, en dessert, on savoure un gourmand brownie accompagn\u00e9 de chamallows grill\u00e9s. Un menu r\u00e9gressif digne d\u2019un dessin anim\u00e9\u2026 mais \u00e0 ce stade, on ne sait plus vraiment lequel.<\/p>\n<p class=\" wall-content\">Suivez toute l\u2019actualit\u00e9 de vos villes et m\u00e9dias favoris en vous inscrivant \u00e0 <a href=\"https:\/\/moncompte.actu.fr\" title=\"D\u00e9couvez Mon Actu\" rel=\"nofollow noopener\" data-trk=\"{&quot;cta&quot;:{&quot;action&quot;:&quot;https:\\\/\\\/moncompte.actu.fr&quot;,&quot;category&quot;:&quot;mon compte&quot;,&quot;from&quot;:&quot;article footer&quot;,&quot;name&quot;:&quot;Mon actu&quot;,&quot;type&quot;:&quot;cta&quot;}}\" target=\"_blank\">Mon Actu<\/a>.<\/p>\n<p>                    <script async src=\"\/\/www.instagram.com\/embed.js\"><\/script><\/p>\n","protected":false},"excerpt":{"rendered":"Par Charlotte Lesprit Publi\u00e9 le 17 ao\u00fbt 2025 \u00e0 17h32 Apr\u00e8s Toulouse et Nantes, c\u2019est \u00e0 Bordeaux d\u2019accueillir&hellip;\n","protected":false},"author":2,"featured_media":325175,"comment_status":"","ping_status":"","sticky":false,"template":"","format":"standard","meta":{"footnotes":""},"categories":[2817],"tags":[1111,11,1997,650,1777,674,1011,27,1305,12,2219,25,1340],"class_list":{"0":"post-325174","1":"post","2":"type-post","3":"status-publish","4":"format-standard","5":"has-post-thumbnail","7":"category-bordeaux","8":"tag-actu","9":"tag-actualites","10":"tag-bordeaux","11":"tag-cinema","12":"tag-eu","13":"tag-europe","14":"tag-fr","15":"tag-france","16":"tag-lifestyle","17":"tag-news","18":"tag-nouvelle-aquitaine","19":"tag-republique-francaise","20":"tag-restaurant"},"share_on_mastodon":{"url":"https:\/\/pubeurope.com\/@fr\/115044959098960192","error":""},"_links":{"self":[{"href":"https:\/\/www.europesays.com\/fr\/wp-json\/wp\/v2\/posts\/325174","targetHints":{"allow":["GET"]}}],"collection":[{"href":"https:\/\/www.europesays.com\/fr\/wp-json\/wp\/v2\/posts"}],"about":[{"href":"https:\/\/www.europesays.com\/fr\/wp-json\/wp\/v2\/types\/post"}],"author":[{"embeddable":true,"href":"https:\/\/www.europesays.com\/fr\/wp-json\/wp\/v2\/users\/2"}],"replies":[{"embeddable":true,"href":"https:\/\/www.europesays.com\/fr\/wp-json\/wp\/v2\/comments?post=325174"}],"version-history":[{"count":0,"href":"https:\/\/www.europesays.com\/fr\/wp-json\/wp\/v2\/posts\/325174\/revisions"}],"wp:featuredmedia":[{"embeddable":true,"href":"https:\/\/www.europesays.com\/fr\/wp-json\/wp\/v2\/media\/325175"}],"wp:attachment":[{"href":"https:\/\/www.europesays.com\/fr\/wp-json\/wp\/v2\/media?parent=325174"}],"wp:term":[{"taxonomy":"category","embeddable":true,"href":"https:\/\/www.europesays.com\/fr\/wp-json\/wp\/v2\/categories?post=325174"},{"taxonomy":"post_tag","embeddable":true,"href":"https:\/\/www.europesays.com\/fr\/wp-json\/wp\/v2\/tags?post=325174"}],"curies":[{"name":"wp","href":"https:\/\/api.w.org\/{rel}","templated":true}]}}