{"id":32518,"date":"2025-04-17T21:29:11","date_gmt":"2025-04-17T21:29:11","guid":{"rendered":"https:\/\/www.europesays.com\/fr\/32518\/"},"modified":"2025-04-17T21:29:11","modified_gmt":"2025-04-17T21:29:11","slug":"un-livre-a-la-reliure-partiellement-faite-de-peau-humaine-a-ete-retrouve-dans-les-archives-dun-musee-britannique","status":"publish","type":"post","link":"https:\/\/www.europesays.com\/fr\/32518\/","title":{"rendered":"Un livre \u00e0 la reliure (partiellement) faite de peau humaine a \u00e9t\u00e9 retrouv\u00e9 dans les archives d\u2019un mus\u00e9e britannique"},"content":{"rendered":"<p>C\u2019est une d\u00e9couverte qui fait froid dans le dos\u00a0: apr\u00e8s avoir \u00e9t\u00e9 retrouv\u00e9 par hasard dans des <a href=\"https:\/\/www.20minutes.fr\/dossier\/archives\" class=\"color-ultramarine c-link\" target=\"_blank\" rel=\"noopener\">archives<\/a>, un <a href=\"https:\/\/www.20minutes.fr\/arts-stars\/livres\/\" class=\"color-ultramarine c-link\" target=\"_blank\" rel=\"noopener\">livre <\/a>ancien en partie reli\u00e9 avec de la <a href=\"https:\/\/www.20minutes.fr\/dossier\/peau\" class=\"color-ultramarine c-link\" target=\"_blank\" rel=\"noopener\">peau humaine<\/a> est expos\u00e9 dans un <a href=\"https:\/\/www.20minutes.fr\/dossier\/musee\" class=\"color-ultramarine c-link\" target=\"_blank\" rel=\"noopener\">mus\u00e9e <\/a>anglais depuis le mardi 15\u00a0avril 2025, <a href=\"https:\/\/www.bbc.com\/news\/articles\/cjwvl93ywlpo\" rel=\"nofollow noopener\" target=\"_blank\" class=\"color-ultramarine c-link\">rapporte la BBC<\/a>.<\/p>\n<\/p>\n<p>La tranche et les coins de l\u2019ouvrage auraient \u00e9t\u00e9 couverts avec la peau de William Corder, protagoniste de la c\u00e9l\u00e8bre affaire du \u00ab\u00a0<a href=\"https:\/\/www.20minutes.fr\/dossier\/meurtre\" class=\"color-ultramarine c-link\" target=\"_blank\" rel=\"noopener\">meurtre <\/a>de la grange rouge\u00a0\u00bb\u00a0: reconnu coupable de l\u2019<a href=\"https:\/\/www.20minutes.fr\/dossier\/assassinat\" class=\"color-ultramarine c-link\" target=\"_blank\" rel=\"noopener\">assassinat <\/a>de Maria Marten, sa ma\u00eetresse, en\u00a01827, il avait \u00e9t\u00e9 condamn\u00e9 \u00e0 la <a href=\"https:\/\/www.20minutes.fr\/monde\/peine-de-mort\/\" class=\"color-ultramarine c-link\" target=\"_blank\" rel=\"noopener\">peine capitale<\/a> puis <a href=\"https:\/\/www.20minutes.fr\/monde\/execution\/\" class=\"color-ultramarine c-link\" target=\"_blank\" rel=\"noopener\">ex\u00e9cut\u00e9 <\/a>l\u2019ann\u00e9e suivante.<\/p>\n<p class=\"mb-m@xs text-l@xs\">En cliquant sur\u00ab J\u2019accepte \u00bb, vous acceptez le d\u00e9p\u00f4t de cookies par des services externes et aurez ainsi acc\u00e8s aux contenus de nos partenaires.<\/p>\n<p class=\"mb-xl@xs text-s@xs\">Plus d\u2019informations sur la page<a href=\"https:\/\/www.20minutes.fr\/gestion-cookies\" class=\"mx-xxs@xs color-ultramarine\" target=\"_blank\" rel=\"noopener\">Politique de gestion des cookies<\/a><\/p>\n<p>J\u2019accepteUn dr\u00f4le de \u00ab\u00a0recyclage\u00a0\u00bb<\/p>\n<p>Apr\u00e8s qu\u2019il eut \u00e9t\u00e9 <a href=\"https:\/\/www.20minutes.fr\/dossier\/pendaison\" class=\"color-ultramarine c-link\" target=\"_blank\" rel=\"noopener\">pendu<\/a>, le corps de William Corder avait \u00e9t\u00e9 diss\u00e9qu\u00e9 et sa peau utilis\u00e9e pour relier un ouvrage racontant son propre <a href=\"https:\/\/www.20minutes.fr\/dossier\/proces\" class=\"color-ultramarine c-link\" target=\"_blank\" rel=\"noopener\">proc\u00e8s<\/a>. Ce premier livre comportant de la peau humaine est, depuis, expos\u00e9 au mus\u00e9e Moyse\u2019s Hall de Bury St-Edmunds, dans le Suffolk, non loin de Polstead (o\u00f9 a eu lieu le <a href=\"https:\/\/www.20minutes.fr\/dossier\/meurtre\" class=\"color-ultramarine c-link\" target=\"_blank\" rel=\"noopener\">meurtre<\/a>).<\/p>\n<p>Mais c\u2019est un second livre, qui n\u2019est couvert de peau humaine \u00ab\u00a0que\u00a0\u00bb sur la tranche et les coins, qui a r\u00e9cemment \u00e9t\u00e9 <a href=\"https:\/\/www.20minutes.fr\/dossier\/decouverte\" class=\"color-ultramarine c-link\" target=\"_blank\" rel=\"noopener\">d\u00e9couvert<\/a>. Il aurait d\u2019abord appartenu aux descendants de proches du <a href=\"https:\/\/www.20minutes.fr\/dossier\/chirurgie\" class=\"color-ultramarine c-link\" target=\"_blank\" rel=\"noopener\">chirurgien <\/a>qui avait diss\u00e9qu\u00e9 le corps de Corder avant d\u2019\u00eatre offert au mus\u00e9e et\u2026 archiv\u00e9 sur une \u00e9tag\u00e8re.<\/p>\n<p><a href=\"https:\/\/www.20minutes.fr\/arts-stars\/livres\/\" class=\"c-link c-btn c-btn--primary\" target=\"_blank\" rel=\"noopener\">Notre dossier \u00ab Livres \u00bb<\/a><\/p>\n<p>Pour info, le proc\u00e9d\u00e9 n\u2019avait rien de choquant au XIXe\u00a0si\u00e8cle\u00a0: r\u00e9utiliser la peau de <a href=\"https:\/\/www.20minutes.fr\/dossier\/condamnation_a_mort\" class=\"color-ultramarine c-link\" target=\"_blank\" rel=\"noopener\">condamn\u00e9s \u00e0 mort<\/a> relevait alors de la simple <a href=\"https:\/\/www.20minutes.fr\/dossier\/punition\" class=\"color-ultramarine c-link\" target=\"_blank\" rel=\"noopener\">punition<\/a>. Quoi qu\u2019il en soit, le singulier ouvrage, \u00e0 \u00ab\u00a0l\u2019incroyable et indiscutable valeur historique\u00a0\u00bb selon le responsable <a href=\"https:\/\/www.20minutes.fr\/dossier\/patrimoine\" class=\"color-ultramarine c-link\" target=\"_blank\" rel=\"noopener\">patrimoine <\/a>du mus\u00e9e Moyse\u2019s Hall, est d\u00e9sormais expos\u00e9 aux c\u00f4t\u00e9s de son \u00ab\u00a0pr\u00e9d\u00e9cesseur\u00a0\u00bb.<\/p>\n","protected":false},"excerpt":{"rendered":"C\u2019est une d\u00e9couverte qui fait froid dans le dos\u00a0: apr\u00e8s avoir \u00e9t\u00e9 retrouv\u00e9 par hasard dans des archives,&hellip;\n","protected":false},"author":2,"featured_media":32519,"comment_status":"","ping_status":"","sticky":false,"template":"","format":"standard","meta":{"footnotes":""},"categories":[5],"tags":[11,4708,10944,10945,251,58,1011,27,937,14,1351,1380,777,3048,12,9854,942,473,896,133,28],"class_list":{"0":"post-32518","1":"post","2":"type-post","3":"status-publish","4":"format-standard","5":"has-post-thumbnail","7":"category-international","8":"tag-actualites","9":"tag-angleterre","10":"tag-archives","11":"tag-condamnation-a-mort","12":"tag-culture","13":"tag-divertissement","14":"tag-fr","15":"tag-france","16":"tag-histoire","17":"tag-international","18":"tag-litterature","19":"tag-livres","20":"tag-meurtre","21":"tag-musee","22":"tag-news","23":"tag-peau","24":"tag-peine-de-mort","25":"tag-royaume-uni","26":"tag-tas-vu","27":"tag-video","28":"tag-world"},"share_on_mastodon":{"url":"https:\/\/pubeurope.com\/@fr\/114355435149105759","error":""},"_links":{"self":[{"href":"https:\/\/www.europesays.com\/fr\/wp-json\/wp\/v2\/posts\/32518","targetHints":{"allow":["GET"]}}],"collection":[{"href":"https:\/\/www.europesays.com\/fr\/wp-json\/wp\/v2\/posts"}],"about":[{"href":"https:\/\/www.europesays.com\/fr\/wp-json\/wp\/v2\/types\/post"}],"author":[{"embeddable":true,"href":"https:\/\/www.europesays.com\/fr\/wp-json\/wp\/v2\/users\/2"}],"replies":[{"embeddable":true,"href":"https:\/\/www.europesays.com\/fr\/wp-json\/wp\/v2\/comments?post=32518"}],"version-history":[{"count":0,"href":"https:\/\/www.europesays.com\/fr\/wp-json\/wp\/v2\/posts\/32518\/revisions"}],"wp:featuredmedia":[{"embeddable":true,"href":"https:\/\/www.europesays.com\/fr\/wp-json\/wp\/v2\/media\/32519"}],"wp:attachment":[{"href":"https:\/\/www.europesays.com\/fr\/wp-json\/wp\/v2\/media?parent=32518"}],"wp:term":[{"taxonomy":"category","embeddable":true,"href":"https:\/\/www.europesays.com\/fr\/wp-json\/wp\/v2\/categories?post=32518"},{"taxonomy":"post_tag","embeddable":true,"href":"https:\/\/www.europesays.com\/fr\/wp-json\/wp\/v2\/tags?post=32518"}],"curies":[{"name":"wp","href":"https:\/\/api.w.org\/{rel}","templated":true}]}}