{"id":325182,"date":"2025-08-17T16:08:09","date_gmt":"2025-08-17T16:08:09","guid":{"rendered":"https:\/\/www.europesays.com\/fr\/325182\/"},"modified":"2025-08-17T16:08:09","modified_gmt":"2025-08-17T16:08:09","slug":"travaux-de-la1-bar-a-jeux-bijoux-de-peau-meduses-les-10-infos-quil-ne-fallait-pas-rater-cette-semaine","status":"publish","type":"post","link":"https:\/\/www.europesays.com\/fr\/325182\/","title":{"rendered":"Travaux de l\u2019A1, bar \u00e0 jeux, bijoux de peau, m\u00e9duses\u2026 Les 10 infos qu\u2019il ne fallait pas rater cette semaine"},"content":{"rendered":"<p>            Par<br \/>\n        <strong><br \/>\n            <a href=\"https:\/\/actu.fr\/auteur\/annesophie-2\" title=\"Consulter tous les articles de Anne-Sophie Hourdeaux\" rel=\"nofollow noopener\" target=\"_blank\">Anne-Sophie Hourdeaux<\/a><br \/>\n        <\/strong><\/p>\n<p>        Publi\u00e9 le<\/p>\n<p>            17 ao\u00fbt 2025 \u00e0 18h06        <\/p>\n<p>L\u2019\u00e9t\u00e9 est plus calme dans le Nord, mais l\u2019actualit\u00e9 ne s\u2019arr\u00eate pas. <b>Ouverture de la caf\u00e9t\u00e9ria Dada \u00e0 Lille, bijoux de peau, bar \u00e0 jeux Arcania, travaux sur l\u2019A1, noyade d\u2019un enfant<\/b>\u2009: voil\u00e0 les <b>10 infos marquantes <\/b>dans le Nord entre le 11 et le 18\u00a0ao\u00fbt 2025.<\/p>\n<ul class=\" wall-content\">\n<li><b><a href=\"https:\/\/actu.fr\/hauts-de-france\/denain_59172\/nord-un-enfant-de-4-ans-meurt-noye-dans-un-centre-aquatique_63041181.html\" rel=\"nofollow noopener\" target=\"_blank\">Un enfant de 4\u00a0ans meurt noy\u00e9 au centre aquatique de Denain<\/a><\/b><\/li>\n<\/ul>\n<p class=\" wall-content\">Un enfant \u00e2g\u00e9 de quatre ans est mort noy\u00e9 au centre aquatique Natur\u00e9O de Denain (Nord) jeudi 14\u00a0ao\u00fbt 2025. Les secours n\u2019ont rien pu faire pour le sauver.<\/p>\n<ul class=\" wall-content\">\n<li><b><a href=\"https:\/\/actu.fr\/hauts-de-france\/ronchin_59507\/travaux-a-lille-sur-la-jonction-de-la1-le-chantier-finit-avec-4-jours-davance_63039332.html\" rel=\"nofollow noopener\" target=\"_blank\">La jonction de l\u2019A1 en travaux cet \u00e9t\u00e9 rouvre plus t\u00f4t que pr\u00e9vu<\/a><\/b><\/li>\n<\/ul>\n<p class=\" wall-content\">C\u2019est le plus grand chantier d\u2019autoroute au Nord de la France\u2009: les 5\u00a0km de jonction de l\u2019A1 \u00e0 la sortie de Lille ont \u00e9t\u00e9 r\u00e9nov\u00e9s, et rouvrent vendredi 15\u00a0ao\u00fbt 2025.<\/p>\n<ul class=\" wall-content\">\n<li><b><a href=\"https:\/\/actu.fr\/hauts-de-france\/lille_59350\/de-son-rooftop-au-vieux-lille-mesa-ouvre-un-restaurant-ephemere-en-septembre_63039607.html\" rel=\"nofollow noopener\" target=\"_blank\">De son rooftop au Vieux-Lille, Mesa ouvre un restaurant \u00e9ph\u00e9m\u00e8re en septembre<\/a><\/b><\/li>\n<\/ul>\n<p class=\" wall-content\">Du 2 au 30\u00a0septembre, Mesa s\u2019installe dans le Vieux-Lille avec Fragment, un restaurant \u00e9ph\u00e9m\u00e8re ax\u00e9 sur la street-food du monde. Une surprise est aussi pr\u00e9vue pour la Braderie.<\/p>\n<ul class=\" wall-content\">\n<li><b><a href=\"https:\/\/actu.fr\/hauts-de-france\/lille_59350\/cancer-cicatrice-capteur-de-glycemie-des-bijoux-de-peau-pour-se-sentir-belle-en-toutes-circonstances_63028070.html\" rel=\"nofollow noopener\" target=\"_blank\">Des bijoux de peau pour se sentir belle malgr\u00e9 la maladie<\/a><\/b><\/li>\n<\/ul>\n<p class=\" wall-content\">Les bijoux de peau M Paris, c\u2019est beau, c\u2019est fran\u00e7ais, \u00e9thique et adapt\u00e9 aux personnes malades\u2009: Nathalie Grislain nous re\u00e7oit \u00e0 Lille dans le premier \u00ab\u2009show-room\u2009\u00bb de la marque.<\/p>\n<ul class=\" wall-content\">\n<li><b><a href=\"https:\/\/actu.fr\/faits-divers\/hauts-de-france-83-personnes-secourues-par-les-sauveteurs-en-mer-en-une-seule-journee_63023602.html\" rel=\"nofollow noopener\" target=\"_blank\">Hauts-de-France\u2009: 83\u00a0personnes secourues par les Sauveteurs en mer en une seule journ\u00e9e<\/a><\/b><\/li>\n<\/ul>\n<p class=\" wall-content\">83 migrants ont \u00e9t\u00e9 secourus dimanche 10\u00a0ao\u00fbt 2025 dans plusieurs op\u00e9rations coordonn\u00e9es, apr\u00e8s des pannes ou difficult\u00e9s en mer le long des c\u00f4tes du Nord et de la Somme.<\/p>\n<ul class=\" wall-content\">\n<li><b><a href=\"https:\/\/actu.fr\/hauts-de-france\/lille_59350\/lille-ces-deux-soeurs-ouvrent-dada-une-cafeteria-coloree-et-joyeuse-dans-le-centre-ville_63033707.html\" rel=\"nofollow noopener\" target=\"_blank\">Ces deux s\u0153urs ouvrent Dada, une caf\u00e9t\u00e9ria color\u00e9e et joyeuse dans le centre-ville de Lille<\/a><\/b><\/li>\n<\/ul>\n<p class=\" wall-content\">Un nouveau lieu de vie va ouvrir le 26\u00a0ao\u00fbt 2025 dans le centre de Lille\u2009: Dada. Ce caf\u00e9-caf\u00e9t\u00e9ria color\u00e9 proposera de bons petits plats le midi et des boissons locales.<\/p>\n<ul class=\" wall-content\">\n<li><b><a href=\"https:\/\/actu.fr\/hauts-de-france\/dunkerque_59183\/pres-de-dunkerque-durant-son-absence-un-squatteur-change-la-serrure-et-sinstalle-dans-sa-maison_63027746.html\" rel=\"nofollow noopener\" target=\"_blank\">Pr\u00e8s de Dunkerque. Durant son absence, un squatteur change la serrure et s\u2019installe dans sa maison<\/a><\/b><\/li>\n<\/ul>\n<p class=\" wall-content\">Le propri\u00e9taire d\u2019une maison situ\u00e9e \u00e0 Saint-Pol-sur-Mer, pr\u00e8s de Dunkerque, a eu la mauvaise surprise de d\u00e9couvrir que son bien \u00e9tait occup\u00e9 par un squatteur.<\/p>\n<ul class=\" wall-content\">\n<li><b><a href=\"https:\/\/actu.fr\/hauts-de-france\/lille_59350\/lomme-inspire-de-poudlard-un-resto-bar-a-jeux-sest-installe-dans-une-ancienne-chapelle_63024985.html\" rel=\"nofollow noopener\" target=\"_blank\">Lomme. Inspir\u00e9 de Poudlard, un resto-bar \u00e0 jeux s\u2019est install\u00e9 dans une ancienne chapelle<\/a><\/b><\/li>\n<\/ul>\n<p class=\" wall-content\">Le bar-restaurant Arcania \u00e0 Lomme, pr\u00e8s de Lille (Nord), a ouvert en mai\u00a02025 dans une ancienne chapelle. D\u00e9couvrez son ambiance magique version Poudlard, o\u00f9 le jeu est roi.<\/p>\n<ul class=\" wall-content\">\n<li><b><a href=\"https:\/\/actu.fr\/hauts-de-france\/lille_59350\/lille-un-nouveau-coffee-shop-ouvre-rue-esquermoise-dans-un-lieu-charge-dhistoire_63024053.html\" rel=\"nofollow noopener\" target=\"_blank\">Un nouveau coffee shop ouvre rue Esquermoise dans un lieu charg\u00e9 d\u2019histoire<\/a><\/b><\/li>\n<\/ul>\n<p class=\" wall-content\">Un nouvel espace pour d\u00e9guster un bon caf\u00e9 et d\u00e9guster une p\u00e2tisserie ouvrira courant septembre dans le Vieux-Lille, dans un local commercial embl\u00e9matique. On vous en dit plus.<\/p>\n<ul class=\" wall-content\">\n<li><a href=\"https:\/\/actu.fr\/hauts-de-france\/gravelines_59273\/gravelines-la-presence-massive-de-meduses-provoque-la-paralysie-de-la-centrale-nucleaire_63022370.html\" rel=\"nofollow noopener\" target=\"_blank\"><b>Gravelines. La \u00ab\u2009pr\u00e9sence massive\u2009\u00bb de m\u00e9duses provoque la paralysie de la centrale nucl\u00e9aire<\/b><\/a><\/li>\n<\/ul>\n<p class=\" wall-content\">Lundi 11\u00a0ao\u00fbt 2025, EDF annonce que la centrale nucl\u00e9aire de Gravelines (Nord) est \u00e0 l\u2019arr\u00eat \u00e0 cause de la \u00ab\u2009pr\u00e9sence massive de m\u00e9duses\u2009\u00bb au niveau de la station de pompage.<\/p>\n<p class=\" wall-content\">Suivez toute l\u2019actualit\u00e9 de vos villes et m\u00e9dias favoris en vous inscrivant \u00e0 <a href=\"https:\/\/moncompte.actu.fr\" title=\"D\u00e9couvez Mon Actu\" rel=\"nofollow noopener\" data-trk=\"{&quot;cta&quot;:{&quot;action&quot;:&quot;https:\\\/\\\/moncompte.actu.fr&quot;,&quot;category&quot;:&quot;mon compte&quot;,&quot;from&quot;:&quot;article footer&quot;,&quot;name&quot;:&quot;Mon actu&quot;,&quot;type&quot;:&quot;cta&quot;}}\" target=\"_blank\">Mon Actu<\/a>.<\/p>\n","protected":false},"excerpt":{"rendered":"Par Anne-Sophie Hourdeaux Publi\u00e9 le 17 ao\u00fbt 2025 \u00e0 18h06 L\u2019\u00e9t\u00e9 est plus calme dans le Nord, mais&hellip;\n","protected":false},"author":2,"featured_media":325183,"comment_status":"","ping_status":"","sticky":false,"template":"","format":"standard","meta":{"footnotes":""},"categories":[2815],"tags":[1111,11,1777,674,1011,27,811,1307,12,25,104],"class_list":{"0":"post-325182","1":"post","2":"type-post","3":"status-publish","4":"format-standard","5":"has-post-thumbnail","7":"category-lille","8":"tag-actu","9":"tag-actualites","10":"tag-eu","11":"tag-europe","12":"tag-fr","13":"tag-france","14":"tag-hauts-de-france","15":"tag-lille","16":"tag-news","17":"tag-republique-francaise","18":"tag-societe"},"share_on_mastodon":{"url":"https:\/\/pubeurope.com\/@fr\/115044974815618519","error":""},"_links":{"self":[{"href":"https:\/\/www.europesays.com\/fr\/wp-json\/wp\/v2\/posts\/325182","targetHints":{"allow":["GET"]}}],"collection":[{"href":"https:\/\/www.europesays.com\/fr\/wp-json\/wp\/v2\/posts"}],"about":[{"href":"https:\/\/www.europesays.com\/fr\/wp-json\/wp\/v2\/types\/post"}],"author":[{"embeddable":true,"href":"https:\/\/www.europesays.com\/fr\/wp-json\/wp\/v2\/users\/2"}],"replies":[{"embeddable":true,"href":"https:\/\/www.europesays.com\/fr\/wp-json\/wp\/v2\/comments?post=325182"}],"version-history":[{"count":0,"href":"https:\/\/www.europesays.com\/fr\/wp-json\/wp\/v2\/posts\/325182\/revisions"}],"wp:featuredmedia":[{"embeddable":true,"href":"https:\/\/www.europesays.com\/fr\/wp-json\/wp\/v2\/media\/325183"}],"wp:attachment":[{"href":"https:\/\/www.europesays.com\/fr\/wp-json\/wp\/v2\/media?parent=325182"}],"wp:term":[{"taxonomy":"category","embeddable":true,"href":"https:\/\/www.europesays.com\/fr\/wp-json\/wp\/v2\/categories?post=325182"},{"taxonomy":"post_tag","embeddable":true,"href":"https:\/\/www.europesays.com\/fr\/wp-json\/wp\/v2\/tags?post=325182"}],"curies":[{"name":"wp","href":"https:\/\/api.w.org\/{rel}","templated":true}]}}