{"id":325184,"date":"2025-08-17T16:09:09","date_gmt":"2025-08-17T16:09:09","guid":{"rendered":"https:\/\/www.europesays.com\/fr\/325184\/"},"modified":"2025-08-17T16:09:09","modified_gmt":"2025-08-17T16:09:09","slug":"le-retour-magique-dolivier-giroud-en-ligue-1","status":"publish","type":"post","link":"https:\/\/www.europesays.com\/fr\/325184\/","title":{"rendered":"Le retour magique d\u2019Olivier Giroud en Ligue 1"},"content":{"rendered":"<p>M\u00eame \u00e0 38 ans, on n\u2019apprend pas \u00e0 <a href=\"https:\/\/www.footmercato.net\/joueur\/olivier-giroud\/\" rel=\"nofollow noopener\" target=\"_blank\">Olivier Giroud<\/a> \u00e0 trouver le chemin des filets. L\u2019attente a \u00e9t\u00e9 longue, mais le champion du monde 2018 a rapidement rassur\u00e9 : treize ans, trois mois et seize jours apr\u00e8s son dernier but en <a href=\"https:\/\/www.footmercato.net\/france\/ligue-1\/\" rel=\"nofollow noopener\" target=\"_blank\">Ligue 1<\/a> avec Montpellier, l\u2019attaquant a retrouv\u00e9 le chemin des filets pour <a href=\"https:\/\/www.footmercato.net\/club\/losc\/\" rel=\"nofollow noopener\" target=\"_blank\">Lille<\/a>. <a href=\"https:\/\/www.footmercato.net\/a3270438263430447470-le-premier-but-dolivier-giroud-pour-son-retour-en-ligue-1\" rel=\"nofollow noopener\" target=\"_blank\">\u00c0 peine onze minutes apr\u00e8s le coup d\u2019envoi face \u00e0 Brest (3-3)<\/a>, pour la premi\u00e8re journ\u00e9e de la saison, l\u2019attaquant a ouvert le score d\u2019une jolie frappe crois\u00e9e servie par F\u00e9lix Correia. \u00c0 la mi-temps, Ngoy confiait au micro de Ligue 1 + : \u00ab \u00c7a ne m\u2019\u00e9tonne pas. C\u2019est un tr\u00e8s bon attaquant. Il va nous apporter beaucoup de choses cette saison, on est l\u00e0 pour le servir\u00bb.<\/p>\n<p>            La suite apr\u00e8s cette publicit\u00e9<\/p>\n<p>Pour son retour dans le championnat fran\u00e7ais, le meilleur buteur de l\u2019histoire des Bleus n\u2019a pas fait les choses \u00e0 moiti\u00e9. Olivier Giroud a livr\u00e9 une prestation remarquable tout au long du match, montrant \u00e0 la fois son efficacit\u00e9 offensive et son implication d\u00e9fensive. Il a disput\u00e9 l\u2019int\u00e9gralit\u00e9 des 90 minutes et a inscrit un but, cadrant deux tirs au total. Toujours pr\u00e9sent dans les duels, il en a remport\u00e9 11 sur 19, d\u00e9montrant encore sa capacit\u00e9 \u00e0 s\u2019imposer face aux adversaires. D\u00e9fensivement, il a \u00e9t\u00e9 impeccable, r\u00e9ussissant 100 % de ses tacles, preuve de sa concentration et de son intelligence de jeu, m\u00eame \u00e0 38 ans. Entour\u00e9 d\u2019une attaque bien plus jeune, \u00e0 l\u2019image d\u2019H\u00e1kon Haraldsson, Marius Broholm ou encore F\u00e9lix Correia, sa performance illustre parfaitement son exp\u00e9rience et son influence sur le terrain.<\/p>\n<p>        Toujours pr\u00eat pour le haut niveau<\/p>\n<p>Le T\u00e9l\u00e9gramme de Brest qui soulign\u00e9, avant le match, que \u00ab la principale attraction au stade Francis-Le Bl\u00e9 ne sera pas brestoise, mais lilloise \u00bb, ne s\u2019est finalement pas tromp\u00e9. M\u00eame si l\u2019int\u00e9ress\u00e9 pr\u00e9f\u00e8re rester humble. Au micro de Ligue 1 +, apr\u00e8s le match, le joueur est ainsi revenu sur son retour en Ligu1 ainsi que son premier but avec le LOSC. \u00ab Cela a \u00e9t\u00e9 un moment sp\u00e9cial pour moi. Je suis tr\u00e8s content d\u2019\u00eatre de retour en France, dans un bon club, avec un bon staff et de bons mecs. Je prends du plaisir \u00bb, a confi\u00e9 le champion du monde. L\u2019attaquant a \u00e9galement expliqu\u00e9 sa pr\u00e9paration et son envie de jouer pleinement : \u00ab Le coach m\u2019a demand\u00e9 plusieurs fois comment je me sentais, je lui ai dit que je pouvais aller jusqu\u2019au bout du match. J\u2019avais vraiment envie d\u2019essayer d\u2019avoir une opportunit\u00e9 pour faire gagner ce match\u00bb.<\/p>\n<p>            La suite apr\u00e8s cette publicit\u00e9<\/p>\n<p>Malgr\u00e9 son but, <a href=\"https:\/\/www.footmercato.net\/a6784995260795443253-ligue-1-6-buts-des-bijoux-un-match-fou-mais-pas-de-vainqueur-entre-brest-et-lille\" rel=\"nofollow noopener\" target=\"_blank\">Giroud aurait aim\u00e9 voir son \u00e9quipe s\u2019imposer<\/a>. \u00ab On en a eu une avec Ayyoub (Bouaddi) mais \u00e7a n\u2019a pas voulu sourire. Encore une fois, c\u2019est frustrant de ne pas gagner en ayant men\u00e9 2-0 et 3-2, \u00e0 l\u2019ext\u00e9rieur qui plus est \u00bb, a-t-il ajout\u00e9. Physiquement, il se sent pr\u00eat et confiant pour la suite : \u00ab Je me sens bien. Je n\u2019ai pas eu de doute sur ma capacit\u00e9 \u00e0 encha\u00eener. Je sais que je peux faire plus. C\u2019est en encha\u00eenant les matches que \u00e7a viendra \u00bb. Pr\u00eat, Giroud a int\u00e9r\u00eat \u00e0 l\u2019\u00eatre, puisque Lille recevra dimanche prochain Monaco, fort d\u2019une victoire 3-1 pour son premier match de Ligue 1 face au Havre.<\/p>\n<p>            <a class=\"articleInline__titleMetas\" href=\"https:\/\/www.footmercato.net\/a6211089524072147636-losc-bruno-genesio-reclame-au-moins-4-recrues\" rel=\"nofollow noopener\" target=\"_blank\"><\/p>\n<p>        Bruno Genesio r\u00e9clame encore 4 recrues<\/p>\n<p>            <\/a><\/p>\n<p>\n    Pub. le 17\/08\/2025 18:01<br \/>\n            &#8211; MAJ le 17\/08\/2025 18:02\n    <\/p>\n","protected":false},"excerpt":{"rendered":"M\u00eame \u00e0 38 ans, on n\u2019apprend pas \u00e0 Olivier Giroud \u00e0 trouver le chemin des filets. L\u2019attente a&hellip;\n","protected":false},"author":2,"featured_media":324998,"comment_status":"","ping_status":"","sticky":false,"template":"","format":"standard","meta":{"footnotes":""},"categories":[2815],"tags":[1111,11,1777,674,1011,27,811,1307,12,25],"class_list":{"0":"post-325184","1":"post","2":"type-post","3":"status-publish","4":"format-standard","5":"has-post-thumbnail","7":"category-lille","8":"tag-actu","9":"tag-actualites","10":"tag-eu","11":"tag-europe","12":"tag-fr","13":"tag-france","14":"tag-hauts-de-france","15":"tag-lille","16":"tag-news","17":"tag-republique-francaise"},"share_on_mastodon":{"url":"https:\/\/pubeurope.com\/@fr\/115044978704355207","error":""},"_links":{"self":[{"href":"https:\/\/www.europesays.com\/fr\/wp-json\/wp\/v2\/posts\/325184","targetHints":{"allow":["GET"]}}],"collection":[{"href":"https:\/\/www.europesays.com\/fr\/wp-json\/wp\/v2\/posts"}],"about":[{"href":"https:\/\/www.europesays.com\/fr\/wp-json\/wp\/v2\/types\/post"}],"author":[{"embeddable":true,"href":"https:\/\/www.europesays.com\/fr\/wp-json\/wp\/v2\/users\/2"}],"replies":[{"embeddable":true,"href":"https:\/\/www.europesays.com\/fr\/wp-json\/wp\/v2\/comments?post=325184"}],"version-history":[{"count":0,"href":"https:\/\/www.europesays.com\/fr\/wp-json\/wp\/v2\/posts\/325184\/revisions"}],"wp:featuredmedia":[{"embeddable":true,"href":"https:\/\/www.europesays.com\/fr\/wp-json\/wp\/v2\/media\/324998"}],"wp:attachment":[{"href":"https:\/\/www.europesays.com\/fr\/wp-json\/wp\/v2\/media?parent=325184"}],"wp:term":[{"taxonomy":"category","embeddable":true,"href":"https:\/\/www.europesays.com\/fr\/wp-json\/wp\/v2\/categories?post=325184"},{"taxonomy":"post_tag","embeddable":true,"href":"https:\/\/www.europesays.com\/fr\/wp-json\/wp\/v2\/tags?post=325184"}],"curies":[{"name":"wp","href":"https:\/\/api.w.org\/{rel}","templated":true}]}}