{"id":325185,"date":"2025-08-17T16:11:17","date_gmt":"2025-08-17T16:11:17","guid":{"rendered":"https:\/\/www.europesays.com\/fr\/325185\/"},"modified":"2025-08-17T16:11:17","modified_gmt":"2025-08-17T16:11:17","slug":"le-constat-implacable-daubameyang-sur-la-defaite-surprise-de-lom","status":"publish","type":"post","link":"https:\/\/www.europesays.com\/fr\/325185\/","title":{"rendered":"Le constat implacable d\u2019Aubameyang sur la d\u00e9faite surprise de l\u2019OM"},"content":{"rendered":"<p>Roberto De Zerbi l\u2019a bien dit. Les matches de pr\u00e9saison, apr\u00e8s <a href=\"https:\/\/www.footmercato.net\/a4325842833607059623-rennes-om-les-notes-du-match\" rel=\"nofollow noopener\" target=\"_blank\">la d\u00e9faite de l\u2019Olympique de Marseille \u00e0 Rennes (0-1)<\/a>, ne comptent plus. Et dans le vestiaire l\u2019euphorie du succ\u00e8s en amical face \u00e0 Aston Villa n\u2019a pas dur\u00e9 bien longtemps. Annonc\u00e9 plus fort que la saison derni\u00e8re, l\u2019OM de RDZ a tr\u00e9buch\u00e9 face au premier obstacle de la saison. Pas de quoi tirer de bilan trop h\u00e2tif, bien entendu, mais toujours est-il que les Olympiens \u00e9taient passablement agac\u00e9s \u00e0 l\u2019issue du match.<\/p>\n<p>            La suite apr\u00e8s cette publicit\u00e9<\/p>\n<p>Perdre d\u00e8s l\u2019entame de la saison et, qui plus est, en \u00e9tant \u00e0 11 contre 10, l\u2019OM s\u2019est bien rat\u00e9. De son c\u00f4t\u00e9, De Zerbi n\u2019a pas h\u00e9sit\u00e9 \u00e0 tancer ses joueurs. \u00abPour \u00eatre \u00e0 <a href=\"https:\/\/www.footmercato.net\/club\/om\/\" rel=\"nofollow noopener\" target=\"_blank\">Marseille<\/a>, tout le monde n\u2019a pas encore compris qu\u2019il y a une qualit\u00e9 qui est la plus importante de toute, c\u2019est d\u2019avoir un \u00e9quilibre d\u2019\u00eatre toujours au m\u00eame niveau de motivation, de sacrifice, de travail. Si on pense qu\u2019on est trop fort dans les bons moments ou qu\u2019on est trop faible dans les mauvais moments, on n\u2019a pas sa place \u00e0 l\u2019OM.\u00bb<\/p>\n<p>            La suite apr\u00e8s cette publicit\u00e9<\/p>\n<p>        \u00abEn deuxi\u00e8me p\u00e9riode, je pense qu\u2019on s\u2019est senti trop \u00e0 l\u2019aise\u00bb<\/p>\n<p>Rempla\u00e7ant au coup d\u2019envoi et entr\u00e9 \u00e0 l\u2019heure de jeu, <a href=\"https:\/\/www.footmercato.net\/joueur\/pierre-emerick-aubameyang\/\" rel=\"nofollow noopener\" target=\"_blank\">Pierre-Emerick Aubameyang<\/a> n\u2019a pas r\u00e9ussi \u00e0 faire pencher la balance du bon c\u00f4t\u00e9. Mais \u00e0 36 ans, le Gabonais a rapidement su ce qu\u2019il a manqu\u00e9 \u00e0 son \u00e9quipe pour s\u2019imposer. \u00abD\u00e9faite am\u00e8re parce qu\u2019on avait \u00e0 c\u0153ur de bien d\u00e9marrer la saison, malheureusement, on n\u2019a pas fait le match qu\u2019on devait faire. Je pense qu\u2019en premi\u00e8re mi-temps, du moins c\u2019est mon opinion, j\u2019ai senti qu\u2019il y avait un petit peu d\u2019appr\u00e9hension. En deuxi\u00e8me p\u00e9riode, je pense qu\u2019on s\u2019est senti trop \u00e0 l\u2019aise\u00bb, a-t-il confi\u00e9, avant de poursuivre.<\/p>\n<p>\u00abEn pensant qu\u2019on \u00e9tait un de plus, on pensait qu\u2019on allait s\u00fbrement faire la diff\u00e9rence et on n\u2019a pas insist\u00e9 pour attaquer cette d\u00e9fense qui a bien d\u00e9fendu pour le coup. On ne s\u2019attendait pas \u00e0 \u00e7a, on est d\u00e9\u00e7u. Ce n\u2019est que le premier match, mais l\u00e0, il faut se remettre au boulot tout de suite. On est tr\u00e8s attendu et quand on est tr\u00e8s attendu, il faut faire le boulot tout simplement\u00bb. Les Marseillais ne devront pas se rater pour leur premi\u00e8re au V\u00e9lodrome samedi prochain face au Paris FC.<\/p>\n<p>\n    Pub. le 16\/08\/2025 09:12<br \/>\n            &#8211; MAJ le 17\/08\/2025 14:57\n    <\/p>\n","protected":false},"excerpt":{"rendered":"Roberto De Zerbi l\u2019a bien dit. Les matches de pr\u00e9saison, apr\u00e8s la d\u00e9faite de l\u2019Olympique de Marseille \u00e0&hellip;\n","protected":false},"author":2,"featured_media":258308,"comment_status":"","ping_status":"","sticky":false,"template":"","format":"standard","meta":{"footnotes":""},"categories":[2814],"tags":[1111,11,1777,674,1011,27,884,12,882,25],"class_list":{"0":"post-325185","1":"post","2":"type-post","3":"status-publish","4":"format-standard","5":"has-post-thumbnail","7":"category-marseille","8":"tag-actu","9":"tag-actualites","10":"tag-eu","11":"tag-europe","12":"tag-fr","13":"tag-france","14":"tag-marseille","15":"tag-news","16":"tag-provence-alpes-cote-dazur","17":"tag-republique-francaise"},"share_on_mastodon":{"url":"https:\/\/pubeurope.com\/@fr\/115044986665931285","error":""},"_links":{"self":[{"href":"https:\/\/www.europesays.com\/fr\/wp-json\/wp\/v2\/posts\/325185","targetHints":{"allow":["GET"]}}],"collection":[{"href":"https:\/\/www.europesays.com\/fr\/wp-json\/wp\/v2\/posts"}],"about":[{"href":"https:\/\/www.europesays.com\/fr\/wp-json\/wp\/v2\/types\/post"}],"author":[{"embeddable":true,"href":"https:\/\/www.europesays.com\/fr\/wp-json\/wp\/v2\/users\/2"}],"replies":[{"embeddable":true,"href":"https:\/\/www.europesays.com\/fr\/wp-json\/wp\/v2\/comments?post=325185"}],"version-history":[{"count":0,"href":"https:\/\/www.europesays.com\/fr\/wp-json\/wp\/v2\/posts\/325185\/revisions"}],"wp:featuredmedia":[{"embeddable":true,"href":"https:\/\/www.europesays.com\/fr\/wp-json\/wp\/v2\/media\/258308"}],"wp:attachment":[{"href":"https:\/\/www.europesays.com\/fr\/wp-json\/wp\/v2\/media?parent=325185"}],"wp:term":[{"taxonomy":"category","embeddable":true,"href":"https:\/\/www.europesays.com\/fr\/wp-json\/wp\/v2\/categories?post=325185"},{"taxonomy":"post_tag","embeddable":true,"href":"https:\/\/www.europesays.com\/fr\/wp-json\/wp\/v2\/tags?post=325185"}],"curies":[{"name":"wp","href":"https:\/\/api.w.org\/{rel}","templated":true}]}}