{"id":325186,"date":"2025-08-17T16:12:23","date_gmt":"2025-08-17T16:12:23","guid":{"rendered":"https:\/\/www.europesays.com\/fr\/325186\/"},"modified":"2025-08-17T16:12:23","modified_gmt":"2025-08-17T16:12:23","slug":"rhone-des-orages-violents-et-une-baisse-des-temperatures-a-prevoir-les-secteurs-concernes","status":"publish","type":"post","link":"https:\/\/www.europesays.com\/fr\/325186\/","title":{"rendered":"Rh\u00f4ne. Des orages violents et une baisse des temp\u00e9ratures \u00e0 pr\u00e9voir : les secteurs concern\u00e9s"},"content":{"rendered":"<p>            Par<br \/>\n        <strong><br \/>\n            <a href=\"https:\/\/actu.fr\/auteur\/redaction-lyon\" title=\"Consulter tous les articles de R\u00e9daction Lyon\" rel=\"nofollow noopener\" target=\"_blank\">R\u00e9daction Lyon<\/a><br \/>\n        <\/strong><\/p>\n<p>        Publi\u00e9 le<\/p>\n<p>            17 ao\u00fbt 2025 \u00e0 16h25        <\/p>\n<p>Les habitants du Rh\u00f4ne et de la m\u00e9tropole de Lyon vont pouvoir souffler. La vigilance orange canicule a \u00e9t\u00e9 lev\u00e9e ce samedi soir par M\u00e9t\u00e9o-France apr\u00e8s dix jours de souffrance, et deux jours exceptionnels la semaine derni\u00e8re de vigilance rouge. Le temps va radicalement changer dans les tours prochains jours notamment avec l\u2019<a href=\"https:\/\/actu.fr\/meteo\/des-orages-generalises-sur-toute-la-france-la-semaine-prochaine-a-quoi-s-attendre_63038735.html\" rel=\"nofollow noopener\" target=\"_blank\">arriv\u00e9e d\u2019orages pouvants \u00eatre forts<\/a>.<\/p>\n<p class=\" wall-content\">\n<p>Un journ\u00e9e de chaleur lundi puis des orages<\/p>\n<p class=\" wall-content\">M\u00e9t\u00e9o-France pr\u00e9voit encore des temp\u00e9ratures estivales \u00e9lev\u00e9es pour la journ\u00e9e de lundi 18 ao\u00fbt, signant la fin de la vague de chaleur qui a touch\u00e9 le d\u00e9partement depuis plus de dix jours.\u00a0<\/p>\n<p class=\" wall-content\">Il fera une trentaine de degr\u00e9s partout dans le Rh\u00f4ne lundi apr\u00e8s-midi avec une maximale de 34\u00b0C \u00e0 Lyon et du soleil toute la journ\u00e9e.\u00a0<\/p>\n<p class=\" wall-content\">C\u2019est \u00e0 partir de mardi que le temps doit se g\u00e2ter avec des orages annonc\u00e9s par M\u00e9t\u00e9o-France dans l\u2019apr\u00e8s-midi. Des orages et de la pluie sont pr\u00e9vus de mani\u00e8re g\u00e9n\u00e9rale sur l\u2019ensemble du d\u00e9partement du Rh\u00f4ne. Les temp\u00e9ratures resterons encore estivales mardi avec une maximale de 31\u00b0C \u00e0 Lyon.\u00a0<\/p>\n<p class=\" wall-content\"><strong>Des orages sont annonc\u00e9s mardi apr\u00e8s-midi sur le Rh\u00f4ne :\u00a0<\/strong><\/p>\n<p>    <img   decoding=\"async\" loading=\"lazy\" src=\"https:\/\/www.europesays.com\/fr\/wp-content\/uploads\/2025\/08\/capture-decran-2025-08-17-a-161255-960x640.png\" alt=\"Des orages sont annonc\u00e9s mardi apr\u00e8s-midi sur le d\u00e9partement du Rh\u00f4ne.\" width=\"960\" height=\"640\"\/><br \/>\n    Des orages sont annonc\u00e9s mardi apr\u00e8s-midi sur le d\u00e9partement du Rh\u00f4ne. (\u00a9M\u00e9t\u00e9o-France)<\/p>\n<p class=\" wall-content\">Dans la soir\u00e9e, les orages devraient continuer sur le d\u00e9partement avec une chute des temp\u00e9ratures. Il fera en moyenne 23\u00b0C \u00e0 Lyon.<\/p>\n<p>    <img   decoding=\"async\" loading=\"lazy\" src=\"https:\/\/www.europesays.com\/fr\/wp-content\/uploads\/2025\/08\/capture-decran-2025-08-17-a-161438-960x640.png\" alt=\"La soir\u00e9e de mardi s'annonce aussi orageuse \u00e0 Lyon et sur le d\u00e9partement du Rh\u00f4ne.\" width=\"960\" height=\"640\"\/><br \/>\n    La soir\u00e9e de mardi s\u2019annonce aussi orageuse \u00e0 Lyon et sur le d\u00e9partement du Rh\u00f4ne. (\u00a9M\u00e9t\u00e9o-France)Encore des orages mercredi, les temp\u00e9ratures chutent<\/p>\n<p class=\" wall-content\">Mercredi matin et apr\u00e8s-midi, des orages sont \u00e0 nouveau annonc\u00e9s sur l\u2019ensemble du Rh\u00f4ne avec des temp\u00e9ratures moyennes en nette baisse entre 24 et 24\u00b0C dans la journ\u00e9e. La maximale sera de 27\u00b0C \u00e0 Lyon.<\/p>\n<p class=\" wall-content\">\n    <img   decoding=\"async\" loading=\"lazy\" src=\"https:\/\/www.europesays.com\/fr\/wp-content\/uploads\/2025\/08\/capture-decran-2025-08-17-a-161909-960x640.png\" alt=\"D\u00e8s le matin, des orages sont pr\u00e9vus sur le Rh\u00f4ne mercredi.\" width=\"960\" height=\"640\"\/><br \/>\n    D\u00e8s le matin, des orages sont pr\u00e9vus sur le Rh\u00f4ne mercredi. (\u00a9M\u00e9t\u00e9o-France)<br \/>\n    <img   decoding=\"async\" loading=\"lazy\" src=\"https:\/\/www.europesays.com\/fr\/wp-content\/uploads\/2025\/08\/capture-decran-2025-08-17-a-161918-960x640.png\" alt=\"Des orages sont annonc\u00e9s dans l'apr\u00e8s-midi de mercredi.\" width=\"960\" height=\"640\"\/><br \/>\n    Des orages sont annonc\u00e9s dans l\u2019apr\u00e8s-midi de mercredi. (\u00a9M\u00e9t\u00e9o-France)<br \/>\n    <img   decoding=\"async\" loading=\"lazy\" src=\"https:\/\/www.europesays.com\/fr\/wp-content\/uploads\/2025\/08\/capture-decran-2025-08-17-a-161927-960x640.png\" alt=\"La vigilance m\u00e9t\u00e9o va se poursuivre mercredi matin avec des orages possiblement g\u00e9n\u00e9ralis\u00e9s. \" width=\"960\" height=\"640\"\/><br \/>\n    La vigilance m\u00e9t\u00e9o va se poursuivre mercredi soir avec des orages possiblement g\u00e9n\u00e9ralis\u00e9s sauf dans le nord qui pourrait \u00eatre \u00e9pargn\u00e9. (\u00a9M\u00e9t\u00e9o-France)<\/p>\n<p>Une fin de semaine plus froide entre pluie et soleil<\/p>\n<p class=\" wall-content\">En fin de semaine, les temp\u00e9ratures vont continuer \u00e0 chuter et seront radicalement diff\u00e9rentes de la p\u00e9riode caniculaire. Les ph\u00e9nom\u00e8nes orageux devraient s\u2019arr\u00eater et laisser place \u00e0 de la pluie toute la journ\u00e9e de jeudi sur tout le Rh\u00f4ne. Les temp\u00e9ratures seront en moyenne de 19 \u00e0 23\u00b0C l\u2019apr\u00e8s-midi.\u00a0<\/p>\n<p class=\" wall-content\">Vendredi, M\u00e9t\u00e9o-France pr\u00e9voit une journ\u00e9e diff\u00e9rente avec du soleil et des temp\u00e9ratures moyennes allant jusqu\u2019\u00e0 25\u00b0C.<\/p>\n<p class=\" wall-content\">Suivez toute l\u2019actualit\u00e9 de vos villes et m\u00e9dias favoris en vous inscrivant \u00e0 <a href=\"https:\/\/moncompte.actu.fr\" title=\"D\u00e9couvez Mon Actu\" rel=\"nofollow noopener\" data-trk=\"{&quot;cta&quot;:{&quot;action&quot;:&quot;https:\\\/\\\/moncompte.actu.fr&quot;,&quot;category&quot;:&quot;mon compte&quot;,&quot;from&quot;:&quot;article footer&quot;,&quot;name&quot;:&quot;Mon actu&quot;,&quot;type&quot;:&quot;cta&quot;}}\" target=\"_blank\">Mon Actu<\/a>.<\/p>\n","protected":false},"excerpt":{"rendered":"Par R\u00e9daction Lyon Publi\u00e9 le 17 ao\u00fbt 2025 \u00e0 16h25 Les habitants du Rh\u00f4ne et de la m\u00e9tropole&hellip;\n","protected":false},"author":2,"featured_media":325187,"comment_status":"","ping_status":"","sticky":false,"template":"","format":"standard","meta":{"footnotes":""},"categories":[1889],"tags":[1111,11,2430,1777,674,1011,27,2428,2487,2357,12,25],"class_list":{"0":"post-325186","1":"post","2":"type-post","3":"status-publish","4":"format-standard","5":"has-post-thumbnail","7":"category-lyon","8":"tag-actu","9":"tag-actualites","10":"tag-auvergne-rhone-alpes","11":"tag-eu","12":"tag-europe","13":"tag-fr","14":"tag-france","15":"tag-lyon","16":"tag-meteo","17":"tag-meteo-france","18":"tag-news","19":"tag-republique-francaise"},"share_on_mastodon":{"url":"https:\/\/pubeurope.com\/@fr\/115044990691827659","error":""},"_links":{"self":[{"href":"https:\/\/www.europesays.com\/fr\/wp-json\/wp\/v2\/posts\/325186","targetHints":{"allow":["GET"]}}],"collection":[{"href":"https:\/\/www.europesays.com\/fr\/wp-json\/wp\/v2\/posts"}],"about":[{"href":"https:\/\/www.europesays.com\/fr\/wp-json\/wp\/v2\/types\/post"}],"author":[{"embeddable":true,"href":"https:\/\/www.europesays.com\/fr\/wp-json\/wp\/v2\/users\/2"}],"replies":[{"embeddable":true,"href":"https:\/\/www.europesays.com\/fr\/wp-json\/wp\/v2\/comments?post=325186"}],"version-history":[{"count":0,"href":"https:\/\/www.europesays.com\/fr\/wp-json\/wp\/v2\/posts\/325186\/revisions"}],"wp:featuredmedia":[{"embeddable":true,"href":"https:\/\/www.europesays.com\/fr\/wp-json\/wp\/v2\/media\/325187"}],"wp:attachment":[{"href":"https:\/\/www.europesays.com\/fr\/wp-json\/wp\/v2\/media?parent=325186"}],"wp:term":[{"taxonomy":"category","embeddable":true,"href":"https:\/\/www.europesays.com\/fr\/wp-json\/wp\/v2\/categories?post=325186"},{"taxonomy":"post_tag","embeddable":true,"href":"https:\/\/www.europesays.com\/fr\/wp-json\/wp\/v2\/tags?post=325186"}],"curies":[{"name":"wp","href":"https:\/\/api.w.org\/{rel}","templated":true}]}}