{"id":325190,"date":"2025-08-17T16:15:18","date_gmt":"2025-08-17T16:15:18","guid":{"rendered":"https:\/\/www.europesays.com\/fr\/325190\/"},"modified":"2025-08-17T16:15:18","modified_gmt":"2025-08-17T16:15:18","slug":"noyade-dun-enfant-en-colonie-de-vacances-des-auditions-sont-en-cours-mais-pas-de-garde-a-vue-indique-le-parquet","status":"publish","type":"post","link":"https:\/\/www.europesays.com\/fr\/325190\/","title":{"rendered":"Noyade d&rsquo;un enfant en colonie de vacances\u00a0: \u00ab\u00a0Des auditions sont en cours\u00a0\u00bb mais \u00ab\u00a0pas de garde \u00e0 vue\u00a0\u00bb, indique le parquet"},"content":{"rendered":"<p>Le parquet de Moulins indique qu'\u00a0\u00bbanimateurs et t\u00e9moins sont entendus librement\u00a0\u00bb apr\u00e8s la mort par noyade d&rsquo;un enfant de sept ans vendredi dans l&rsquo;Allier, alors qu&rsquo;il participait \u00e0 une colonie de vacances organis\u00e9e par la ville de Bobigny. <\/p>\n<p>Apr\u00e8s\u00a0<a class=\"IciLink ici-link IciArticleLink g-ici-body-regular-1 underline brand svelte-lu7k6w\" href=\"https:\/\/www.francebleu.fr\/infos\/faits-divers-justice\/un-enfant-de-7-ans-meurt-noye-lors-d-une-colonie-de-vacances-de-la-ville-de-bobigny-2316266\" rel=\"nofollow noopener\" target=\"_blank\">la mort par noyade d&rsquo;un enfant de sept ans, vendredi 15 ao\u00fbt<\/a>, alors qu&rsquo;il participait \u00e0 une colonie de vacances organis\u00e9e par la ville de Bobigny \u00e0 Moulins, dans l&rsquo;Allier, le parquet de Moulins confirme aupr\u00e8s d&rsquo;ICI Paris-\u00cele-de-France que \u00ab\u00a0plusieurs auditions sont en cours\u00a0\u00bb. Celles-ci ont d\u00e9but\u00e9 d\u00e8s vendredi soir. \u00ab\u00a0Les animateurs et les t\u00e9moins sont entendus librement. <strong>Personne n&rsquo;a \u00e9t\u00e9 arr\u00eat\u00e9<\/strong> et il n&rsquo;y a pas de garde \u00e0 vue\u00a0\u00bb, explique le parquet. Une enqu\u00eate a \u00e9t\u00e9 ouverte pour homicide involontaire.<\/p>\n<p>La victime \u00ab\u00a0ne savait pas nager\u00a0\u00bb<\/p>\n<p>Le petit gar\u00e7on pr\u00e9sentait des troubles autistiques et selon les \u00e9l\u00e9ments du cabinet du maire de Bobigny, les animateurs ont perdu de vue l&rsquo;enfant. Le parquet de Moulins indique cet enfant \u00ab\u00a0ne savait pas nager\u00a0\u00bb. La sortie pr\u00e9vue devait se d\u00e9rouler \u00ab\u00a0sur une aire de jeux de loisirs, le plan d&rsquo;eau non ouvert \u00e0 la baignade dans lequel l&rsquo;enfant s&rsquo;est noy\u00e9 est situ\u00e9 \u00e0 proximit\u00e9 de l&rsquo;aire de jeux. Les circonstances dans lesquelles il a \u00e9chapp\u00e9 \u00e0 la vigilance des adultes encadrants sont <strong>en cours de d\u00e9termination<\/strong>\u00ab\u00a0, poursuit le parquet.<\/p>\n<p>\u00c0 lire aussi   <img decoding=\"async\" src=\"https:\/\/www.europesays.com\/fr\/wp-content\/uploads\/2025\/08\/560x315_sc_pompiers-bis.jpg\" alt=\"Illustration - Camion de pompiers \u00e0 Belfort, le 4 septembre 2024.\" style=\"--_image-preview:url('data:image\/jpeg;base64,\/9j\/2wBDACgcHiMeGSgjISMtKygwPGRBPDc3PHtYXUlkkYCZlo+AjIqgtObDoKrarYqMyP\/L2u71\/\/\/\/m8H\/\/\/\/6\/+b9\/\/j\/2wBDASstLTw1PHZBQXb4pYyl+Pj4+Pj4+Pj4+Pj4+Pj4+Pj4+Pj4+Pj4+Pj4+Pj4+Pj4+Pj4+Pj4+Pj4+Pj4+Pj4+Pj\/wAARCAAXACoDASIAAhEBAxEB\/8QAFwAAAwEAAAAAAAAAAAAAAAAAAAIDAf\/EABcQAQEBAQAAAAAAAAAAAAAAAAABAhH\/xAAXAQEBAQEAAAAAAAAAAAAAAAABAAID\/8QAFREBAQAAAAAAAAAAAAAAAAAAAAH\/2gAMAwEAAhEDEQA\/AJZVieVcuLbZG8bAiUdFL0FPKkAVEP1loAJbSgEP\/9k=');\" loading=\"lazy\" fetchpriority=\"low\" aria-hidden=\"true\" class=\"svelte-1pnmlwx rounded\" onload=\"this.__e=event\" onerror=\"this.__e=event\"\/><\/p>\n<p>Le gar\u00e7on participait \u00e0 cette colonie de vacances depuis le 4 ao\u00fbt avec son fr\u00e8re jumeau. <strong>35 enfants \u00e9taient r\u00e9unis, encadr\u00e9s par huit animateurs<\/strong>. \u00ab\u00a0Un taux d&rsquo;encadrement renforc\u00e9 en raison de la pr\u00e9sence de deux enfants porteurs de handicap\u00a0\u00bb, dont la victime, a expliqu\u00e9 la mairie de Bobigny dans un communiqu\u00e9. Un soutien psychologique a \u00e9t\u00e9 mis en place pour les enfants comme pour l&rsquo;\u00e9quipe d&rsquo;animation.<\/p>\n","protected":false},"excerpt":{"rendered":"Le parquet de Moulins indique qu&rsquo;\u00a0\u00bbanimateurs et t\u00e9moins sont entendus librement\u00a0\u00bb apr\u00e8s la mort par noyade d&rsquo;un enfant&hellip;\n","protected":false},"author":2,"featured_media":325191,"comment_status":"","ping_status":"","sticky":false,"template":"","format":"standard","meta":{"footnotes":""},"categories":[1592],"tags":[1111,11,1777,674,1011,27,662,12,626,25],"class_list":{"0":"post-325190","1":"post","2":"type-post","3":"status-publish","4":"format-standard","5":"has-post-thumbnail","7":"category-ile-de-france","8":"tag-actu","9":"tag-actualites","10":"tag-eu","11":"tag-europe","12":"tag-fr","13":"tag-france","14":"tag-ile-de-france","15":"tag-news","16":"tag-paris","17":"tag-republique-francaise"},"share_on_mastodon":{"url":"https:\/\/pubeurope.com\/@fr\/115045002382234628","error":""},"_links":{"self":[{"href":"https:\/\/www.europesays.com\/fr\/wp-json\/wp\/v2\/posts\/325190","targetHints":{"allow":["GET"]}}],"collection":[{"href":"https:\/\/www.europesays.com\/fr\/wp-json\/wp\/v2\/posts"}],"about":[{"href":"https:\/\/www.europesays.com\/fr\/wp-json\/wp\/v2\/types\/post"}],"author":[{"embeddable":true,"href":"https:\/\/www.europesays.com\/fr\/wp-json\/wp\/v2\/users\/2"}],"replies":[{"embeddable":true,"href":"https:\/\/www.europesays.com\/fr\/wp-json\/wp\/v2\/comments?post=325190"}],"version-history":[{"count":0,"href":"https:\/\/www.europesays.com\/fr\/wp-json\/wp\/v2\/posts\/325190\/revisions"}],"wp:featuredmedia":[{"embeddable":true,"href":"https:\/\/www.europesays.com\/fr\/wp-json\/wp\/v2\/media\/325191"}],"wp:attachment":[{"href":"https:\/\/www.europesays.com\/fr\/wp-json\/wp\/v2\/media?parent=325190"}],"wp:term":[{"taxonomy":"category","embeddable":true,"href":"https:\/\/www.europesays.com\/fr\/wp-json\/wp\/v2\/categories?post=325190"},{"taxonomy":"post_tag","embeddable":true,"href":"https:\/\/www.europesays.com\/fr\/wp-json\/wp\/v2\/tags?post=325190"}],"curies":[{"name":"wp","href":"https:\/\/api.w.org\/{rel}","templated":true}]}}