{"id":325192,"date":"2025-08-17T16:16:14","date_gmt":"2025-08-17T16:16:14","guid":{"rendered":"https:\/\/www.europesays.com\/fr\/325192\/"},"modified":"2025-08-17T16:16:14","modified_gmt":"2025-08-17T16:16:14","slug":"des-auditions-sont-en-cours-mais-pas-de-garde-a-vue-selon-le-parquet","status":"publish","type":"post","link":"https:\/\/www.europesays.com\/fr\/325192\/","title":{"rendered":"\u00ab\u00a0Des auditions sont en cours\u00a0\u00bb mais \u00ab\u00a0pas de garde \u00e0 vue\u00a0\u00bb, selon le parquet"},"content":{"rendered":"<p class=\"c-chapo \">\n  Une enqu\u00eate pour homicide involontaire a \u00e9t\u00e9 ouverte par le parquet de Moulins, dans l&rsquo;Allier, o\u00f9 s&rsquo;est d\u00e9roul\u00e9 le drame.\n<\/p>\n<p>            lire plus tard<\/p>\n<p id=\"dialog__title\" class=\"dialog__title\">Pour sauvegarder cet article, connectez-vous ou cr\u00e9ez un compte franceinfo<\/p>\n<p class=\"dialog__description\">Sans paiement. Sans abonnement.<\/p>\n<p>        Fermer la fen\u00eatre d\u2019activation des notifications France Info<\/p>\n<p>            cr\u00e9er votre compte<\/p>\n<p>            se connecter<\/p>\n<p>        Fermer la fen\u00eatre de pr\u00e9sentation<\/p>\n<p>    Publi\u00e9 le 17\/08\/2025 16:49<\/p>\n<p>        Temps de lecture : 1min<\/p>\n<p>    <img decoding=\"async\"  alt=\"L'enfant est mort par noyade lors d'une sortie dans la plaine de jeux des Champins \u00e0 Moulins, dans l'Allier, le 15 ao\u00fbt 2025. (image d'illustration) (MICHEL CLEMENTZ \/ MAXPPP)\" width=\"432\" height=\"243\" src=\"https:\/\/www.europesays.com\/fr\/wp-content\/uploads\/2025\/08\/pompier-allier-68a1eb772b3a2997499251.jpg\" fetchpriority=\"high\"\/><\/p>\n<p>      L&rsquo;enfant est mort par noyade lors d&rsquo;une sortie dans la plaine de jeux des Champins \u00e0 Moulins, dans l&rsquo;Allier, le 15 ao\u00fbt 2025. (image d&rsquo;illustration) (MICHEL CLEMENTZ \/ MAXPPP)<\/p>\n<p>\u00ab\u00a0Plusieurs auditions sont en cours\u00a0\u00bb <a href=\"https:\/\/www.franceinfo.fr\/faits-divers\/un-enfant-de-sept-ans-venu-de-bobigny-meurt-noye-dans-un-centre-de-vacances-de-moulins-dans-l-allier_7438228.html\" rel=\"nofollow noopener\" target=\"_blank\">apr\u00e8s la noyade\u00a0d&rsquo;un enfant<\/a> de 7\u00a0ans, vendredi\u00a015 ao\u00fbt, dans l&rsquo;Allier. Il participait \u00e0 une colonie de vacances organis\u00e9e par la ville de Bobigny, en Seine-Saint-Denis, indique, dimanche, le parquet de Moulins <a href=\"https:\/\/www.francebleu.fr\/infos\/faits-divers-justice\/noyade-d-un-enfant-en-colonie-de-vacances-des-auditions-sont-en-cours-mais-pas-de-garde-a-vue-indique-le-parquet-2726983\" target=\"_blank\" rel=\"noopener nofollow\">\u00e0 ICI Paris-\u00cele de France (ex-France Bleu)<\/a>.<\/p>\n<p>\u00ab\u00a0Des animateurs et t\u00e9moins sont entendus librement\u00a0\u00bb depuis vendredi soir, explique le parquet de Moulins, qui pr\u00e9cise \u00e9galement que \u00ab\u00a0personne n&rsquo;a \u00e9t\u00e9 arr\u00eat\u00e9\u00a0\u00bb et qu&rsquo;il n&rsquo;y a \u00ab\u00a0pas de garde \u00e0 vue\u00a0\u00bb. Une enqu\u00eate a \u00e9t\u00e9 ouverte pour homicide involontaire.<\/p>\n<p>Selon les premiers \u00e9l\u00e9ments, le gar\u00e7on pr\u00e9sentait des troubles autistiques et les animateurs l&rsquo;ont perdu de vue. Le parquet de Moulins indique que cet enfant \u00ab\u00a0ne savait pas nager\u00a0\u00bb. Les circonstances dans lesquelles il a \u00e9chapp\u00e9 \u00e0 la vigilance des adultes encadrants sont en cours de d\u00e9termination, poursuit le parquet.<\/p>\n<p>Depuis le 4 ao\u00fbt, la victime participait \u00e0 un s\u00e9jour au ch\u00e2teau de Souys, propri\u00e9t\u00e9 de la ville de Bobigny situ\u00e9e dans la commune de Saint-Menoux, dans l&rsquo;Allier. Il \u00e9tait en compagnie de son fr\u00e8re jumeau, qui lui n&rsquo;est pas porteur d&rsquo;un handicap. En tout, 35\u00a0enfants \u00e9taient r\u00e9unis, encadr\u00e9s par huit animateurs. Un soutien psychologique a \u00e9t\u00e9 mis en place pour les enfants comme pour les adultes.<\/p>\n<p class=\"related-tags__title\" role=\"heading\" aria-level=\"2\">les mots-cl\u00e9s associ\u00e9s \u00e0 cet article\n    <\/p>\n","protected":false},"excerpt":{"rendered":"Une enqu\u00eate pour homicide involontaire a \u00e9t\u00e9 ouverte par le parquet de Moulins, dans l&rsquo;Allier, o\u00f9 s&rsquo;est d\u00e9roul\u00e9&hellip;\n","protected":false},"author":2,"featured_media":325193,"comment_status":"","ping_status":"","sticky":false,"template":"","format":"standard","meta":{"footnotes":""},"categories":[1888],"tags":[1111,1928,11,1927,1777,674,1011,27,12,1926,626,1925,25],"class_list":{"0":"post-325192","1":"post","2":"type-post","3":"status-publish","4":"format-standard","5":"has-post-thumbnail","7":"category-paris","8":"tag-actu","9":"tag-actu-paris","10":"tag-actualites","11":"tag-actualites-paris","12":"tag-eu","13":"tag-europe","14":"tag-fr","15":"tag-france","16":"tag-news","17":"tag-news-paris","18":"tag-paris","19":"tag-paris-news","20":"tag-republique-francaise"},"share_on_mastodon":{"url":"https:\/\/pubeurope.com\/@fr\/115045006677265667","error":""},"_links":{"self":[{"href":"https:\/\/www.europesays.com\/fr\/wp-json\/wp\/v2\/posts\/325192","targetHints":{"allow":["GET"]}}],"collection":[{"href":"https:\/\/www.europesays.com\/fr\/wp-json\/wp\/v2\/posts"}],"about":[{"href":"https:\/\/www.europesays.com\/fr\/wp-json\/wp\/v2\/types\/post"}],"author":[{"embeddable":true,"href":"https:\/\/www.europesays.com\/fr\/wp-json\/wp\/v2\/users\/2"}],"replies":[{"embeddable":true,"href":"https:\/\/www.europesays.com\/fr\/wp-json\/wp\/v2\/comments?post=325192"}],"version-history":[{"count":0,"href":"https:\/\/www.europesays.com\/fr\/wp-json\/wp\/v2\/posts\/325192\/revisions"}],"wp:featuredmedia":[{"embeddable":true,"href":"https:\/\/www.europesays.com\/fr\/wp-json\/wp\/v2\/media\/325193"}],"wp:attachment":[{"href":"https:\/\/www.europesays.com\/fr\/wp-json\/wp\/v2\/media?parent=325192"}],"wp:term":[{"taxonomy":"category","embeddable":true,"href":"https:\/\/www.europesays.com\/fr\/wp-json\/wp\/v2\/categories?post=325192"},{"taxonomy":"post_tag","embeddable":true,"href":"https:\/\/www.europesays.com\/fr\/wp-json\/wp\/v2\/tags?post=325192"}],"curies":[{"name":"wp","href":"https:\/\/api.w.org\/{rel}","templated":true}]}}