{"id":32520,"date":"2025-04-17T21:32:45","date_gmt":"2025-04-17T21:32:45","guid":{"rendered":"https:\/\/www.europesays.com\/fr\/32520\/"},"modified":"2025-04-17T21:32:45","modified_gmt":"2025-04-17T21:32:45","slug":"immobilier-ecarts-de-prix-entre-quartiers-baisse-de-population-pourquoi-le-marche-stephanois-est-il-si-bas","status":"publish","type":"post","link":"https:\/\/www.europesays.com\/fr\/32520\/","title":{"rendered":"Immobilier. \u00c9carts de prix entre quartiers, baisse de population&#8230; Pourquoi le march\u00e9 st\u00e9phanois est-il si bas\u202f?"},"content":{"rendered":"<p>\u00ab\u00a0Dans le classement 2024 de la Fnaim des 70 premi\u00e8res villes fran\u00e7aises en nombre d\u2019habitants, Saint-Etienne 13e par sa population se retrouve 70e pour son prix de l\u2019immobilier sur les appartements anciens\u00a0\u00bb, souligne Jean-Paul Reduron, pr\u00e9sident de la Fnaim Loire.<\/p>\n<p>Pas v\u00e9ritablement une surprise, car ce classement n\u2019est pas une exception.<\/p>\n<p>Saint-\u00c9tienne, lanterne rouge des villes pr\u00e9fectures<\/p>\n<p>La Chambre des notaires propose le palmar\u00e8s des prix des 12 villes pr\u00e9fectures des diff\u00e9rents d\u00e9partements de la r\u00e9gion Auvergne-Rh\u00f4ne-Alpes, concernant les&#8230;<\/p>\n","protected":false},"excerpt":{"rendered":"\u00ab\u00a0Dans le classement 2024 de la Fnaim des 70 premi\u00e8res villes fran\u00e7aises en nombre d\u2019habitants, Saint-Etienne 13e par&hellip;\n","protected":false},"author":2,"featured_media":32521,"comment_status":"","ping_status":"","sticky":false,"template":"","format":"standard","meta":{"footnotes":""},"categories":[9653],"tags":[1111,11,2430,33,7539,1777,674,107,1011,27,1116,3367,12,25,4001,7538,273],"class_list":{"0":"post-32520","1":"post","2":"type-post","3":"status-publish","4":"format-standard","5":"has-post-thumbnail","7":"category-saint-etienne","8":"tag-actu","9":"tag-actualites","10":"tag-auvergne-rhone-alpes","11":"tag-economie","12":"tag-edition-loire-sud","13":"tag-eu","14":"tag-europe","15":"tag-fil-info","16":"tag-fr","17":"tag-france","18":"tag-immobilier","19":"tag-loire","20":"tag-news","21":"tag-republique-francaise","22":"tag-saint-etienne","23":"tag-saint-etienne-ville","24":"tag-selection-de-la-redaction"},"share_on_mastodon":{"url":"https:\/\/pubeurope.com\/@fr\/114355447050043573","error":""},"_links":{"self":[{"href":"https:\/\/www.europesays.com\/fr\/wp-json\/wp\/v2\/posts\/32520","targetHints":{"allow":["GET"]}}],"collection":[{"href":"https:\/\/www.europesays.com\/fr\/wp-json\/wp\/v2\/posts"}],"about":[{"href":"https:\/\/www.europesays.com\/fr\/wp-json\/wp\/v2\/types\/post"}],"author":[{"embeddable":true,"href":"https:\/\/www.europesays.com\/fr\/wp-json\/wp\/v2\/users\/2"}],"replies":[{"embeddable":true,"href":"https:\/\/www.europesays.com\/fr\/wp-json\/wp\/v2\/comments?post=32520"}],"version-history":[{"count":0,"href":"https:\/\/www.europesays.com\/fr\/wp-json\/wp\/v2\/posts\/32520\/revisions"}],"wp:featuredmedia":[{"embeddable":true,"href":"https:\/\/www.europesays.com\/fr\/wp-json\/wp\/v2\/media\/32521"}],"wp:attachment":[{"href":"https:\/\/www.europesays.com\/fr\/wp-json\/wp\/v2\/media?parent=32520"}],"wp:term":[{"taxonomy":"category","embeddable":true,"href":"https:\/\/www.europesays.com\/fr\/wp-json\/wp\/v2\/categories?post=32520"},{"taxonomy":"post_tag","embeddable":true,"href":"https:\/\/www.europesays.com\/fr\/wp-json\/wp\/v2\/tags?post=32520"}],"curies":[{"name":"wp","href":"https:\/\/api.w.org\/{rel}","templated":true}]}}