{"id":325202,"date":"2025-08-17T16:22:16","date_gmt":"2025-08-17T16:22:16","guid":{"rendered":"https:\/\/www.europesays.com\/fr\/325202\/"},"modified":"2025-08-17T16:22:16","modified_gmt":"2025-08-17T16:22:16","slug":"un-alpiniste-survit-deux-jours-coince-derriere-une-chute-deau","status":"publish","type":"post","link":"https:\/\/www.europesays.com\/fr\/325202\/","title":{"rendered":"Un alpiniste survit deux jours coinc\u00e9 derri\u00e8re une chute d\u2019eau"},"content":{"rendered":"<p>Cet alpiniste port\u00e9 disparu a surv\u00e9cu deux jours derri\u00e8re une cascade en <a href=\"https:\/\/www.20minutes.fr\/monde\/4168099-20250815-etats-unis-californie-prepare-propre-redecoupage-electoral-contrer-trump\" target=\"_blank\" class=\"c-link c-link--is-underlined\" rel=\"noopener\">Californie<\/a>, avant d\u2019\u00eatre secouru par un h\u00e9licopt\u00e8re. Ryan Wardwell, 46 ans, originaire de Long Beach et qui voulait tenter de descendre une cascade en rappel n\u2019\u00e9tait pas revenu \u00e0 sa voiture dimanche soir, provoquant l\u2019inqui\u00e9tude de sa famille.<\/p>\n<p>Selon un communiqu\u00e9 du bureau du sh\u00e9rif du comt\u00e9 de Tulare, \u00ab\u00a0les premiers intervenants sont arriv\u00e9s dans la zone de la for\u00eat nationale de Sequoia lundi\u00a0\u00bb, alors qu\u2019il commen\u00e7ait \u00e0 faire nuit. \u00ab\u00a0Ils n\u2019ont pu trouver un emplacement possible pour le grimpeur qu\u2019\u00e0 l\u2019aide de la technologie infrarouge\u00a0\u00bb, d\u00e9taille <a href=\"https:\/\/www.nbcnews.com\/news\/us-news\/climber-survives-2-days-california-waterfall-rescued-helicopter-rcna225329\" target=\"_blank\" class=\"c-link c-link--is-underlined\" rel=\"noopener\">NBC News<\/a>.<\/p>\n<p>Courants extr\u00eames<\/p>\n<p>Ce n\u2019est que mardi matin qu\u2019un drone a localis\u00e9 Wardwell dans une cavit\u00e9 derri\u00e8re la <a href=\"https:\/\/www.20minutes.fr\/monde\/chine\/4095365-20240609-chine-si-plus-grande-cascade-asie-fake\" target=\"_blank\" class=\"c-link c-link--is-underlined\" rel=\"noopener\">cascade<\/a>.<\/p>\n<\/p>\n<p>Apr\u00e8s son sauvetage, l\u2019Am\u00e9ricain a expliqu\u00e9 s\u2019\u00eatre retrouv\u00e9 bloqu\u00e9 \u00e0 cet endroit apr\u00e8s avoir perdu <a href=\"https:\/\/www.20minutes.fr\/tempo\/bien-etre\/4162513-20250713-ca-stimule-creativite-adeptes-escalade-urbaine-font-mur-sortir-salles-grimpe\" target=\"_blank\" class=\"c-link c-link--is-underlined\" rel=\"noopener\">ses cordes de rappel<\/a>. les courants extr\u00eames de la rivi\u00e8re ne lui permettaient pas de sortir de la cavit\u00e9 o\u00f9 il se trouvait. Sain et sauf, Wardwell a pu retrouver sa famille.<\/p>\n","protected":false},"excerpt":{"rendered":"Cet alpiniste port\u00e9 disparu a surv\u00e9cu deux jours derri\u00e8re une cascade en Californie, avant d\u2019\u00eatre secouru par un&hellip;\n","protected":false},"author":2,"featured_media":325203,"comment_status":"","ping_status":"","sticky":false,"template":"","format":"standard","meta":{"footnotes":""},"categories":[1589],"tags":[47,11,4974,2139,73,1866,118,74,12,4976,7342,40597,1864,1865,1863,308],"class_list":{"0":"post-325202","1":"post","2":"type-post","3":"status-publish","4":"format-standard","5":"has-post-thumbnail","7":"category-etats-unis","8":"tag-actualite","9":"tag-actualites","10":"tag-alpinisme","11":"tag-californie","12":"tag-etats-unis","13":"tag-etats-unis-damerique","14":"tag-faits-divers","15":"tag-monde","16":"tag-news","17":"tag-secourisme","18":"tag-secours","19":"tag-survie","20":"tag-united-states","21":"tag-united-states-of-america","22":"tag-us","23":"tag-usa"},"share_on_mastodon":{"url":"https:\/\/pubeurope.com\/@fr\/115045030024739863","error":""},"_links":{"self":[{"href":"https:\/\/www.europesays.com\/fr\/wp-json\/wp\/v2\/posts\/325202","targetHints":{"allow":["GET"]}}],"collection":[{"href":"https:\/\/www.europesays.com\/fr\/wp-json\/wp\/v2\/posts"}],"about":[{"href":"https:\/\/www.europesays.com\/fr\/wp-json\/wp\/v2\/types\/post"}],"author":[{"embeddable":true,"href":"https:\/\/www.europesays.com\/fr\/wp-json\/wp\/v2\/users\/2"}],"replies":[{"embeddable":true,"href":"https:\/\/www.europesays.com\/fr\/wp-json\/wp\/v2\/comments?post=325202"}],"version-history":[{"count":0,"href":"https:\/\/www.europesays.com\/fr\/wp-json\/wp\/v2\/posts\/325202\/revisions"}],"wp:featuredmedia":[{"embeddable":true,"href":"https:\/\/www.europesays.com\/fr\/wp-json\/wp\/v2\/media\/325203"}],"wp:attachment":[{"href":"https:\/\/www.europesays.com\/fr\/wp-json\/wp\/v2\/media?parent=325202"}],"wp:term":[{"taxonomy":"category","embeddable":true,"href":"https:\/\/www.europesays.com\/fr\/wp-json\/wp\/v2\/categories?post=325202"},{"taxonomy":"post_tag","embeddable":true,"href":"https:\/\/www.europesays.com\/fr\/wp-json\/wp\/v2\/tags?post=325202"}],"curies":[{"name":"wp","href":"https:\/\/api.w.org\/{rel}","templated":true}]}}