{"id":325204,"date":"2025-08-17T16:23:24","date_gmt":"2025-08-17T16:23:24","guid":{"rendered":"https:\/\/www.europesays.com\/fr\/325204\/"},"modified":"2025-08-17T16:23:24","modified_gmt":"2025-08-17T16:23:24","slug":"vers-un-age-dor-du-nucleaire-au-royaume-uni-nouvel-engagement-sur-un-projet-depr","status":"publish","type":"post","link":"https:\/\/www.europesays.com\/fr\/325204\/","title":{"rendered":"Vers un \u00ab \u00e2ge d\u2019or du nucl\u00e9aire \u00bb au Royaume-Uni : nouvel engagement sur un projet d&rsquo;EPR"},"content":{"rendered":"<p>Le gouvernement britannique a promis mardi d&rsquo;investir 14,2 milliards de livres (presque 17 milliards d&rsquo;euros) dans le projet Sizewell C de r\u00e9acteurs nucl\u00e9aires EPR dans l&rsquo;est du Royaume-Uni, port\u00e9 par l&rsquo;\u00e9nerg\u00e9ticien fran\u00e7ais EDF.<\/p>\n<p>Une d\u00e9cision finale d&rsquo;investissement attendue d\u00e9but juillet<\/p>\n<p>\u00ab\u00a0L&rsquo;investissement dans cette \u00e9nergie propre et locale met fin \u00e0 des d\u00e9cennies d&rsquo;h\u00e9sitations et de retards\u00a0\u00bb, affirme Londres dans un communiqu\u00e9, disant vouloir ouvrir un \u00ab\u00a0\u00e2ge d&rsquo;or du nucl\u00e9aire pour renforcer la s\u00e9curit\u00e9 \u00e9nerg\u00e9tique\u00a0\u00bb du pays.<\/p>\n<p>Cette somme vient s&rsquo;ajouter aux milliards d\u00e9j\u00e0 apport\u00e9s \u00e0 ce projet par l&rsquo;ex\u00e9cutif britannique &#8211; qui n&rsquo;a pas pr\u00e9cis\u00e9 de montant \u00e0 l&rsquo;AFP. Celui-ci pr\u00e9cise aussi n&rsquo;avoir pas encore pris sa \u00ab\u00a0d\u00e9cision finale d&rsquo;investissement\u00a0\u00bb, a priori attendue d\u00e9but juillet \u00e0 l&rsquo;occasion d&rsquo;un sommet entre Paris et Londres, selon la presse britannique.<\/p>\n<p>\u00ab\u00a0La d\u00e9cision du gouvernement d&rsquo;aller de l&rsquo;avant avec Sizewell est une excellente nouvelle pour la Grande-Bretagne, sa s\u00e9curit\u00e9 \u00e9nerg\u00e9tique et sa croissance \u00e9conomique\u00a0\u00bb, a r\u00e9agi Simone Rossi, directeur g\u00e9n\u00e9ral d&rsquo;EDF Energy.<\/p>\n<p>Cet engagement, pour lequel aucune \u00e9ch\u00e9ance n&rsquo;est pr\u00e9cis\u00e9e, fait partie des annonces budg\u00e9taires de la ministre des Finances Rachel Reeves, qui doit d\u00e9tailler mercredi ses priorit\u00e9s de d\u00e9penses et d&rsquo;investissements pour les ann\u00e9es qui viennent, d\u00e9fense et sant\u00e9 en t\u00eate.<\/p>\n<p class=\"fondBleu padd20\"><strong>\u00a0\u00bb <\/strong><strong>We are ending the no-nuclear status quo as part of our Plan for Change and are entering a golden age of nuclear with the biggest building programme in a generation.<\/strong><strong> \u00a0\u00bb (<\/strong><a href=\"https:\/\/www.gov.uk\/government\/news\/rolls-royce-smr-selected-to-build-small-modular-nuclear-reactors\" target=\"_blank\" rel=\"nofollow noopener\"><strong>Ed Miliband, Secr\u00e9taire \u00e0 l&rsquo;\u00c9nergie, 10 juin 2025<\/strong><\/a><strong>).<\/strong><\/p>\n<p>Le gouvernement britannique actionnaire majoritaire<\/p>\n<p>La centrale Sizewell C, qui doit \u00eatre constitu\u00e9e de deux r\u00e9acteurs EPR, chacun d&rsquo;une puissance de 1,6 gigawatt, pourrait co\u00fbter au total 20 \u00e0 30 milliards de livres (24 \u00e0 36 milliards d&rsquo;euros), voire davantage selon des estimations contest\u00e9es par le gouvernement. Elle ne devrait pas commencer sa production d&rsquo;\u00e9lectricit\u00e9 avant 2035.<\/p>\n<p>L&rsquo;ex\u00e9cutif avait annonc\u00e9 en novembre 2022 prendre une part directe de 50%, en parall\u00e8le de la sortie du chinois CGN, initialement partenaire. Le gouvernement britannique est d\u00e9sormais actionnaire majoritaire de Sizewell C, avait indiqu\u00e9 EDF en janvier.<\/p>\n<p>Dot\u00e9 d&rsquo;<a href=\"https:\/\/www.connaissancedesenergies.org\/questions-et-reponses-energies\/comment-se-compose-le-parc-nucleaire-britannique\" target=\"_blank\" data-entity-type=\"node\" data-entity-uuid=\"d49d4813-127d-4624-a60b-ce6ad77ba498\" data-entity-substitution=\"canonical\" title=\"Comment se compose le parc nucl\u00e9aire britannique ?\" rel=\"nofollow noopener\">un parc de centrales nucl\u00e9aires vieillissantes g\u00e9r\u00e9 par l&rsquo;\u00e9nerg\u00e9ticien fran\u00e7ais<\/a>, le Royaume-Uni a remis l&rsquo;accent sur le d\u00e9veloppement de cette \u00e9nergie depuis le d\u00e9but de la guerre en Ukraine au nom de sa s\u00e9curit\u00e9 \u00e9nerg\u00e9tique.<\/p>\n<p>Le gouvernement travailliste, qui a pris la suite des conservateurs en juillet, s&rsquo;inscrit dans la m\u00eame ligne et dit vouloir mettre en \u0153uvre \u00ab\u00a0le plus grand programme de construction nucl\u00e9aire depuis une g\u00e9n\u00e9ration\u00a0\u00bb. Il annonce aussi mardi dans son communiqu\u00e9 \u00ab\u00a0un investissement record dans la recherche et le d\u00e9veloppement\u00a0\u00bb sur la <a href=\"https:\/\/www.connaissancedesenergies.org\/fiche-pedagogique\/fusion-nucleaire\" target=\"_blank\" data-entity-type=\"node\" data-entity-uuid=\"89d14629-c5e6-416a-a97f-525f9f37ea4d\" data-entity-substitution=\"canonical\" title=\"Fusion nucl\u00e9aire\" rel=\"nofollow noopener\">fusion nucl\u00e9aire<\/a> de \u00ab\u00a0plus de 2,5 milliards de livres sur 5 ans\u00a0\u00bb.<\/p>\n","protected":false},"excerpt":{"rendered":"Le gouvernement britannique a promis mardi d&rsquo;investir 14,2 milliards de livres (presque 17 milliards d&rsquo;euros) dans le projet&hellip;\n","protected":false},"author":2,"featured_media":325205,"comment_status":"","ping_status":"","sticky":false,"template":"","format":"standard","meta":{"footnotes":""},"categories":[1588],"tags":[11,1777,674,12,473,1853,1851,1850,1852],"class_list":{"0":"post-325204","1":"post","2":"type-post","3":"status-publish","4":"format-standard","5":"has-post-thumbnail","7":"category-royaume-uni","8":"tag-actualites","9":"tag-eu","10":"tag-europe","11":"tag-news","12":"tag-royaume-uni","13":"tag-royaume-uni-de-grande-bretagne-et-dirlande-du-nord","14":"tag-uk","15":"tag-united-kingdom","16":"tag-united-kingdom-of-great-britain-and-northern-ireland"},"share_on_mastodon":{"url":"https:\/\/pubeurope.com\/@fr\/115045033819071712","error":""},"_links":{"self":[{"href":"https:\/\/www.europesays.com\/fr\/wp-json\/wp\/v2\/posts\/325204","targetHints":{"allow":["GET"]}}],"collection":[{"href":"https:\/\/www.europesays.com\/fr\/wp-json\/wp\/v2\/posts"}],"about":[{"href":"https:\/\/www.europesays.com\/fr\/wp-json\/wp\/v2\/types\/post"}],"author":[{"embeddable":true,"href":"https:\/\/www.europesays.com\/fr\/wp-json\/wp\/v2\/users\/2"}],"replies":[{"embeddable":true,"href":"https:\/\/www.europesays.com\/fr\/wp-json\/wp\/v2\/comments?post=325204"}],"version-history":[{"count":0,"href":"https:\/\/www.europesays.com\/fr\/wp-json\/wp\/v2\/posts\/325204\/revisions"}],"wp:featuredmedia":[{"embeddable":true,"href":"https:\/\/www.europesays.com\/fr\/wp-json\/wp\/v2\/media\/325205"}],"wp:attachment":[{"href":"https:\/\/www.europesays.com\/fr\/wp-json\/wp\/v2\/media?parent=325204"}],"wp:term":[{"taxonomy":"category","embeddable":true,"href":"https:\/\/www.europesays.com\/fr\/wp-json\/wp\/v2\/categories?post=325204"},{"taxonomy":"post_tag","embeddable":true,"href":"https:\/\/www.europesays.com\/fr\/wp-json\/wp\/v2\/tags?post=325204"}],"curies":[{"name":"wp","href":"https:\/\/api.w.org\/{rel}","templated":true}]}}