{"id":325206,"date":"2025-08-17T16:24:12","date_gmt":"2025-08-17T16:24:12","guid":{"rendered":"https:\/\/www.europesays.com\/fr\/325206\/"},"modified":"2025-08-17T16:24:12","modified_gmt":"2025-08-17T16:24:12","slug":"lallemagne-devient-championne-du-monde-de-hockey","status":"publish","type":"post","link":"https:\/\/www.europesays.com\/fr\/325206\/","title":{"rendered":"L\u2019Allemagne devient championne du monde de hockey"},"content":{"rendered":"<p>M\u00f6nchengladbach\u202f(dpa)\u202f-\u202fL\u2019\u00e9quipe allemande masculine de hockey a d\u00e9croch\u00e9 le titre de champions d\u2019Europe pour la premi\u00e8re fois depuis douze ans et d\u00e9tient, avec neufs victoires, le record dans cette comp\u00e9tition. Au cours d\u2019une finale palpitante \u00e0 M\u00f6nchengladbach, l\u2019\u00e9quipe de l\u2019entra\u00eeneur allemand Andr\u00e9 Henning a pouss\u00e9 les Pays-Bas, champions olympiques, dans leurs retranchements , les for\u00e7ant \u00e0 se livrer, apr\u00e8s une \u00e9galit\u00e9 1:1, \u00e0 une s\u00e9ance de tirs aux buts remport\u00e9e 4:1 par l\u2019Allemagne, championne du monde en titre et d\u00e9sormais championne d\u2019Europe. En acc\u00e9dant \u00e0 la finale, l\u2019\u00e9quipe allemande avait d\u2019ores et d\u00e9j\u00e0 d\u00e9croch\u00e9 son billet pour le championnat du monde 2026 en Belgique et aux Pays-Bas.\u00a0<\/p>\n","protected":false},"excerpt":{"rendered":"M\u00f6nchengladbach\u202f(dpa)\u202f-\u202fL\u2019\u00e9quipe allemande masculine de hockey a d\u00e9croch\u00e9 le titre de champions d\u2019Europe pour la premi\u00e8re fois depuis douze&hellip;\n","protected":false},"author":2,"featured_media":325207,"comment_status":"","ping_status":"","sticky":false,"template":"","format":"standard","meta":{"footnotes":""},"categories":[1587],"tags":[11,672,1804,1805,1803,1777,674,1801,12,1802],"class_list":{"0":"post-325206","1":"post","2":"type-post","3":"status-publish","4":"format-standard","5":"has-post-thumbnail","7":"category-allemagne","8":"tag-actualites","9":"tag-allemagne","10":"tag-bundesrepublik-deutschland","11":"tag-de","12":"tag-deutschland","13":"tag-eu","14":"tag-europe","15":"tag-germany","16":"tag-news","17":"tag-republique-federale-dallemagne"},"share_on_mastodon":{"url":"https:\/\/pubeurope.com\/@fr\/115045037828064709","error":""},"_links":{"self":[{"href":"https:\/\/www.europesays.com\/fr\/wp-json\/wp\/v2\/posts\/325206","targetHints":{"allow":["GET"]}}],"collection":[{"href":"https:\/\/www.europesays.com\/fr\/wp-json\/wp\/v2\/posts"}],"about":[{"href":"https:\/\/www.europesays.com\/fr\/wp-json\/wp\/v2\/types\/post"}],"author":[{"embeddable":true,"href":"https:\/\/www.europesays.com\/fr\/wp-json\/wp\/v2\/users\/2"}],"replies":[{"embeddable":true,"href":"https:\/\/www.europesays.com\/fr\/wp-json\/wp\/v2\/comments?post=325206"}],"version-history":[{"count":0,"href":"https:\/\/www.europesays.com\/fr\/wp-json\/wp\/v2\/posts\/325206\/revisions"}],"wp:featuredmedia":[{"embeddable":true,"href":"https:\/\/www.europesays.com\/fr\/wp-json\/wp\/v2\/media\/325207"}],"wp:attachment":[{"href":"https:\/\/www.europesays.com\/fr\/wp-json\/wp\/v2\/media?parent=325206"}],"wp:term":[{"taxonomy":"category","embeddable":true,"href":"https:\/\/www.europesays.com\/fr\/wp-json\/wp\/v2\/categories?post=325206"},{"taxonomy":"post_tag","embeddable":true,"href":"https:\/\/www.europesays.com\/fr\/wp-json\/wp\/v2\/tags?post=325206"}],"curies":[{"name":"wp","href":"https:\/\/api.w.org\/{rel}","templated":true}]}}