{"id":325208,"date":"2025-08-17T16:25:11","date_gmt":"2025-08-17T16:25:11","guid":{"rendered":"https:\/\/www.europesays.com\/fr\/325208\/"},"modified":"2025-08-17T16:25:11","modified_gmt":"2025-08-17T16:25:11","slug":"leurope-en-proie-aux-flammes","status":"publish","type":"post","link":"https:\/\/www.europesays.com\/fr\/325208\/","title":{"rendered":"L\u2019Europe en proie aux flammes"},"content":{"rendered":"<p>L\u2019Espagne qui entre dans sa troisi\u00e8me semaine d\u2019alerte vague de chaleur n\u2019en finit pas de <a href=\"https:\/\/www.20minutes.fr\/monde\/espagne\/4167488-20250811-espagne-plus-1-000-personnes-evacuees-cause-incendies-site-unesco-menace\" target=\"_blank\" class=\"c-link c-link--is-underlined\" rel=\"noopener\">combattre les incendies<\/a> qui se concentrent dans le nord-ouest et l\u2019ouest du pays, o\u00f9 l\u2019arm\u00e9e s\u2019est d\u00e9ploy\u00e9e pour aider \u00e0 combattre les flammes. Le pays devrait rester en alerte chaleur jusqu\u2019\u00e0 lundi, et ces temp\u00e9ratures extr\u00eames ont tr\u00e8s fortement augment\u00e9 le risque d\u2019incendies. Au Portugal, les feux de v\u00e9g\u00e9tation ont fait une victime vendredi.<\/p>\n<p>M\u00eame sch\u00e9ma dans d\u2019autres pays du sud de l\u2019Europe. En <a href=\"https:\/\/www.20minutes.fr\/monde\/turquie\/\" target=\"_blank\" class=\"c-link c-link--is-underlined\" rel=\"noopener\">Turquie<\/a>, plus de 250 personnes ont \u00e9t\u00e9 \u00e9vacu\u00e9es dans la nuit de samedi \u00e0 dimanche \u00e0 la suite d\u2019un nouvel incendie dans la province touristique de \u00c7anakkale (nord-ouest), selon les autorit\u00e9s. Les feux de for\u00eat touchent \u00e9galement la Gr\u00e8ce mais aussi la r\u00e9gion des Balkans notamment l\u2019<a href=\"https:\/\/www.20minutes.fr\/dossier\/albanie\" target=\"_blank\" class=\"c-link c-link--is-underlined\" rel=\"noopener\">Albanie<\/a>.<\/p>\n","protected":false},"excerpt":{"rendered":"L\u2019Espagne qui entre dans sa troisi\u00e8me semaine d\u2019alerte vague de chaleur n\u2019en finit pas de combattre les incendies&hellip;\n","protected":false},"author":2,"featured_media":325209,"comment_status":"","ping_status":"","sticky":false,"template":"","format":"standard","meta":{"footnotes":""},"categories":[1586],"tags":[47,11,5230,123,1777,674,27571,1011,27,8906,1310,74,12,6996,25,3496],"class_list":{"0":"post-325208","1":"post","2":"type-post","3":"status-publish","4":"format-standard","5":"has-post-thumbnail","7":"category-europe","8":"tag-actualite","9":"tag-actualites","10":"tag-albanie","11":"tag-espagne","12":"tag-eu","13":"tag-europe","14":"tag-feux-de-foret","15":"tag-fr","16":"tag-france","17":"tag-grece","18":"tag-incendie","19":"tag-monde","20":"tag-news","21":"tag-portugal","22":"tag-republique-francaise","23":"tag-turquie"},"share_on_mastodon":{"url":"https:\/\/pubeurope.com\/@fr\/115045041903610945","error":""},"_links":{"self":[{"href":"https:\/\/www.europesays.com\/fr\/wp-json\/wp\/v2\/posts\/325208","targetHints":{"allow":["GET"]}}],"collection":[{"href":"https:\/\/www.europesays.com\/fr\/wp-json\/wp\/v2\/posts"}],"about":[{"href":"https:\/\/www.europesays.com\/fr\/wp-json\/wp\/v2\/types\/post"}],"author":[{"embeddable":true,"href":"https:\/\/www.europesays.com\/fr\/wp-json\/wp\/v2\/users\/2"}],"replies":[{"embeddable":true,"href":"https:\/\/www.europesays.com\/fr\/wp-json\/wp\/v2\/comments?post=325208"}],"version-history":[{"count":0,"href":"https:\/\/www.europesays.com\/fr\/wp-json\/wp\/v2\/posts\/325208\/revisions"}],"wp:featuredmedia":[{"embeddable":true,"href":"https:\/\/www.europesays.com\/fr\/wp-json\/wp\/v2\/media\/325209"}],"wp:attachment":[{"href":"https:\/\/www.europesays.com\/fr\/wp-json\/wp\/v2\/media?parent=325208"}],"wp:term":[{"taxonomy":"category","embeddable":true,"href":"https:\/\/www.europesays.com\/fr\/wp-json\/wp\/v2\/categories?post=325208"},{"taxonomy":"post_tag","embeddable":true,"href":"https:\/\/www.europesays.com\/fr\/wp-json\/wp\/v2\/tags?post=325208"}],"curies":[{"name":"wp","href":"https:\/\/api.w.org\/{rel}","templated":true}]}}