{"id":325210,"date":"2025-08-17T16:26:11","date_gmt":"2025-08-17T16:26:11","guid":{"rendered":"https:\/\/www.europesays.com\/fr\/325210\/"},"modified":"2025-08-17T16:26:11","modified_gmt":"2025-08-17T16:26:11","slug":"von-der-leyen-ue-se-rendra-a-washington-a-la-demande-de-zelensky-international","status":"publish","type":"post","link":"https:\/\/www.europesays.com\/fr\/325210\/","title":{"rendered":"Von der Leyen (UE) se rendra \u00e0 Washington \u00e0 la demande de Zelensky &#8211; INTERNATIONAL"},"content":{"rendered":"<p class=\"post_meta\">17 ao\u00fbt 2025Reuters<\/p>\n<p>(Reuters) \u2013     La pr\u00e9sidente de la Commission europ\u00e9enne, Ursula von der Leyen, a d\u00e9clar\u00e9 dimanche qu\u2019elle se rendrait lundi \u00e0 Washington avec d\u2019autres dirigeants europ\u00e9ens pour rencontrer Donald Trump, \u00e0 la demande du pr\u00e9sident ukrainien Volodimir Zelensky. <\/p>\n<p>Ursula von der Leyen va \u00e9galement accueillir Volodimir Zelensky \u00e0 Bruxelles dimanche et ils assisteront ensemble \u00e0 la r\u00e9union de la \u00ab\u00a0Coalition des volontaires\u00a0\u00bb qui se tient \u00e0 distance, a-t-elle d\u00e9clar\u00e9 dans un message sur le r\u00e9seau social X. <\/p>\n<p> (R\u00e9dig\u00e9 par Rishabh Jaiswal \u00e0 Bangalore ; version fran\u00e7aise Kate Entringer)<\/p>\n<p><a href=\"https:\/\/chretiens.com\/quoi-de-neuf\/von-der-leyen-ue\/2025\/08\/17\/12\/11\/attachment\/conference-de-presse-apres-le-sommet-ue-chine-a-pekin\/\" rel=\"nofollow noopener\" target=\"_blank\"><img decoding=\"async\" src=\"https:\/\/www.europesays.com\/fr\/wp-content\/uploads\/2025\/08\/tagreuters.com2025binary_LYNXMPEL7G041-FILEDIMAGE-scaled.jpg\" alt=\"tagreuters.com2025binary_LYNXMPEL7G041-FILEDIMAGE\"\/><\/a><\/p>\n<p>\n<b>Afin de r\u00e9pondre aux attentes de nos lecteurs, nous avons \u00e9galement cr\u00e9\u00e9 une plateforme de ressources bibliques, une cha\u00eene de t\u00e9l\u00e9vision chr\u00e9tienne et une cha\u00eene de t\u00e9l\u00e9vision g\u00e9n\u00e9raliste qui d\u00e9crypte l&rsquo;actualit\u00e9 avec un regard chr\u00e9tien.<\/b><br \/>\nLes m\u00e9dias ont pris une telle importance dans la soci\u00e9t\u00e9 qu&rsquo;ils sont, pour beaucoup de gens, le moyen principal d&rsquo;information et de formation ; ils guident et inspirent les comportements individuels, familiaux et sociaux. <br \/>\nDepuis la cr\u00e9ation de notre plateforme, nous r\u00e9alisons \u00e0 quel point le bon usage des m\u00e9dias demande aux professionnels de l&rsquo;audiovisuel chr\u00e9tien et aux usagers de la communication un s\u00e9rieux engagement au niveau de la connaissance, de la comp\u00e9tence et de l&rsquo;usage qualifi\u00e9 et actualis\u00e9.<\/p>\n<p><b>Nous invitons les chr\u00e9tiens int\u00e9ress\u00e9s par les m\u00e9dias \u00e0 nous rejoindre<\/b>, notamment :<br \/>\n&#8211; les professionnels des m\u00e9dias ;<br \/>\n&#8211; les familles chr\u00e9tiennes si expos\u00e9es \u00e0 l&rsquo;influence des moyens de communication ;<br \/>\n&#8211; les jeunes g\u00e9n\u00e9rations qui sont les usagers et les cr\u00e9ateurs de la communication de masse.<\/p>\n<p><b>Pour plus d&rsquo;information, contactez-nous au +33 769138397 ou par email \u00e0 l&rsquo;adresse <a href=\"https:\/\/chretiens.com\/cdn-cgi\/l\/email-protection\" class=\"__cf_email__\" data-cfemail=\"dfbebbb2b6b19fbcb7adbaabb6bab1acf1b6b1b9b0\" rel=\"nofollow noopener\" target=\"_blank\">[email\u00a0protected]<\/a><\/b>Nos applications chr\u00e9tiennes :<br \/>\n<br \/>\n* Bible.audio (plateforme de ressources bibliques) : <a href=\"https:\/\/get.theapp.co\/26v5\" rel=\"nofollow noopener\" target=\"_blank\">https:\/\/get.theapp.co\/26v5<\/a><br \/>\n<br \/>\n* Chr\u00e9tiens TV (cha\u00eene de t\u00e9l\u00e9vision chr\u00e9tienne) : <a href=\"https:\/\/get.theapp.co\/dsry\" rel=\"nofollow noopener\" target=\"_blank\">https:\/\/get.theapp.co\/dsry<\/a><br \/>\nNos sites web:<br \/>\n&#8211; Journal Chr\u00e9tien : <a href=\"https:\/\/www.chretiens.com\" rel=\"nofollow noopener\" target=\"_blank\">https:\/\/www.chretiens.com<\/a><br \/>\n<br \/>\n&#8211; Bible.audio: <a href=\"https:\/\/www.bible.audio\" rel=\"nofollow noopener\" target=\"_blank\">https:\/\/www.bible.audio<\/a><br \/>\n<br \/>\n&#8211; Chr\u00e9tiens TV <a href=\"https:\/\/www.chretienstv.com\" rel=\"nofollow noopener\" target=\"_blank\">www.chretienstv.com<\/a><br \/>\n<br \/>\n&#8211; CTV Info: <a href=\"https:\/\/www.ctv-news.com\" rel=\"nofollow noopener\" target=\"_blank\">www.ctv-news.com<\/a><br \/>\nNos cha\u00eenes YouTube :<br \/>\n<br \/>\n&#8211; <a href=\"https:\/\/www.youtube.com\/c\/CHR\u00c9TIENSTV\/\" rel=\"nofollow noopener\" target=\"_blank\">https:\/\/www.youtube.com\/c\/CHR\u00c9TIENSTV\/<\/a><br \/>\n<br \/>\n&#8211; <a href=\"https:\/\/www.youtube.com\/@ctv-info\" rel=\"nofollow noopener\" target=\"_blank\">https:\/\/www.youtube.com\/@ctv-info<\/a><\/p>\n","protected":false},"excerpt":{"rendered":"17 ao\u00fbt 2025Reuters (Reuters) \u2013 La pr\u00e9sidente de la Commission europ\u00e9enne, Ursula von der Leyen, a d\u00e9clar\u00e9 dimanche&hellip;\n","protected":false},"author":2,"featured_media":299583,"comment_status":"","ping_status":"","sticky":false,"template":"","format":"standard","meta":{"footnotes":""},"categories":[1586],"tags":[11,1777,674,1779,1011,27,12,25,1778,364],"class_list":{"0":"post-325210","1":"post","2":"type-post","3":"status-publish","4":"format-standard","5":"has-post-thumbnail","7":"category-europe","8":"tag-actualites","9":"tag-eu","10":"tag-europe","11":"tag-european-union","12":"tag-fr","13":"tag-france","14":"tag-news","15":"tag-republique-francaise","16":"tag-ue","17":"tag-union-europeenne"},"share_on_mastodon":{"url":"https:\/\/pubeurope.com\/@fr\/115045045713840290","error":""},"_links":{"self":[{"href":"https:\/\/www.europesays.com\/fr\/wp-json\/wp\/v2\/posts\/325210","targetHints":{"allow":["GET"]}}],"collection":[{"href":"https:\/\/www.europesays.com\/fr\/wp-json\/wp\/v2\/posts"}],"about":[{"href":"https:\/\/www.europesays.com\/fr\/wp-json\/wp\/v2\/types\/post"}],"author":[{"embeddable":true,"href":"https:\/\/www.europesays.com\/fr\/wp-json\/wp\/v2\/users\/2"}],"replies":[{"embeddable":true,"href":"https:\/\/www.europesays.com\/fr\/wp-json\/wp\/v2\/comments?post=325210"}],"version-history":[{"count":0,"href":"https:\/\/www.europesays.com\/fr\/wp-json\/wp\/v2\/posts\/325210\/revisions"}],"wp:featuredmedia":[{"embeddable":true,"href":"https:\/\/www.europesays.com\/fr\/wp-json\/wp\/v2\/media\/299583"}],"wp:attachment":[{"href":"https:\/\/www.europesays.com\/fr\/wp-json\/wp\/v2\/media?parent=325210"}],"wp:term":[{"taxonomy":"category","embeddable":true,"href":"https:\/\/www.europesays.com\/fr\/wp-json\/wp\/v2\/categories?post=325210"},{"taxonomy":"post_tag","embeddable":true,"href":"https:\/\/www.europesays.com\/fr\/wp-json\/wp\/v2\/tags?post=325210"}],"curies":[{"name":"wp","href":"https:\/\/api.w.org\/{rel}","templated":true}]}}