{"id":325214,"date":"2025-08-17T16:29:16","date_gmt":"2025-08-17T16:29:16","guid":{"rendered":"https:\/\/www.europesays.com\/fr\/325214\/"},"modified":"2025-08-17T16:29:16","modified_gmt":"2025-08-17T16:29:16","slug":"bloquons-tout-le-10-septembre-des-militants-proches-de-la-france-insoumise-et-des-anciens-gilets-jaunes-a-la-manoeuvre-dans-les-cotes-darmor","status":"publish","type":"post","link":"https:\/\/www.europesays.com\/fr\/325214\/","title":{"rendered":"\u00ab\u00a0Bloquons tout\u00a0\u00bb le 10\u00a0septembre\u00a0: des militants proches de La France insoumise et des anciens Gilets jaunes \u00e0 la man\u0153uvre dans les C\u00f4tes-d\u2019Armor"},"content":{"rendered":"<p>Peut-\u00eatre avez-vous vu passer le slogan sur les r\u00e9seaux sociaux\u00a0: \u00ab\u00a0Bloquons le pays le 10 septembre prochain\u00a0\u00bb. Cet appel vise \u00e0 immobiliser la France dans le but notamment d\u2019obliger le gouvernement Bayrou \u00e0 renoncer \u00e0 son projet de budget, en particulier aux 44 milliards d\u2018euros d\u2019\u00e9conomie pr\u00e9vus et la <a href=\"https:\/\/www.letelegramme.fr\/france\/deux-jours-feries-supprimes-cette-mesure-se-traduira-par-une-hausse-des-impots-des-entreprises-6870079.php\" target=\"_blank\" rel=\"noopener\">suppression des deux jours f\u00e9ri\u00e9s<\/a>.<\/p>\n<p>Diffus\u00e9 depuis la fin du mois de juillet dans des sph\u00e8res politiques tr\u00e8s diverses, principalement par le biais du r\u00e9seau social Telegram, ce mot d\u2019ordre n\u2019a pas d\u2019origine claire.<\/p>\n<p>En revanche, dans sa d\u00e9clinaison costarmoricaine, il prend clairement sa source dans le milieu de la gauche radicale, et notamment de La France insoumise. Une dynamique bien visible lors de la premi\u00e8re action briochine du collectif, ce dimanche 17 ao\u00fbt, au march\u00e9 de La Croix Saint-Lambert.<\/p>\n<p>\u00ab\u00a0L\u2019id\u00e9e est de partir de ce que les gens ont dans la t\u00eate\u00a0\u00bb<\/p>\n<p>Par petits groupes, la vingtaine de membres du collectif \u00ab\u00a0Indignons-nous 22\u00a0\u00bb ont proc\u00e9d\u00e9 \u00e0 une \u00ab\u00a0audition citoyenne\u00a0\u00bb, soit une d\u00e9ambulation dans les all\u00e9es du march\u00e9 \u00e0 la rencontre des passants, leur demandant simplement\u00a0: \u00ab\u00a0Comment \u00e7a va\u00a0?\u00a0\u00bb\u00a0; \u00ab\u00a0Qu\u2019est-ce qui ne va pas en France\u00a0?\u00a0\u00bb\u00a0; \u00ab\u00a0Que peut vous apporter le mouvement du 10 septembre\u00a0?\u00a0\u00bb.<\/p>\n<p>\u00ab\u00a0L\u2019id\u00e9e est de partir de ce que les gens ont dans la t\u00eate, plut\u00f4t que de ce que nous, on a dans la t\u00eate\u00a0\u00bb, explique Yohan Pavec, fid\u00e8le aux principes fondateurs du mouvement des Gilets jaunes, auquel il a activement particip\u00e9.<\/p>\n<p>Pas s\u00fbr cependant que cette figure locale de la gauche radicale reprenne \u00e0 son compte les propos de certaines personnes interrog\u00e9es ce jour-l\u00e0, celles entendues se plaignant principalement \u00ab\u00a0qu\u2019il y a trop d\u2019aides en France\u00a0\u00bb ou que \u00ab\u00a0les policiers ne peuvent plus faire le boulot\u00a0\u00bb.<\/p>\n<p>Un youtubeur influent et une ancienne candidate LFI<\/p>\n<p>Comme la grande majorit\u00e9 des participants du mouvement naissant au niveau local, Yohan Pavec est un militant de gauche. Il est connu pour avoir cr\u00e9\u00e9 en 2021, \u00e0 Guingamp, \u00ab\u00a0Le Canard r\u00e9fractaire\u00a0\u00bb, un m\u00e9dia associatif suivi sur YouTube par plus de 400\u00a0000 abonn\u00e9s. Sympathisant affich\u00e9 de La France insoumise, il r\u00e9alise avec sa petite \u00e9quipe des vid\u00e9os portant sur les \u00ab\u00a0mensonges des m\u00e9dias\u00a0\u00bb \u00e0 propos de l\u2019Ukraine ou ses \u00ab\u00a0r\u00e9v\u00e9lations sur les lobbys isra\u00e9liens en France\u00a0\u00bb.<\/p>\n<p><img decoding=\"async\" src=\"https:\/\/www.europesays.com\/fr\/wp-content\/uploads\/2025\/08\/68a1fadc94db64809d020822.1.jpeg\" width=\"480\" height=\"300\" class=\"web_golden_m\" loading=\"lazy\" alt=\"\u00ab\u00a0Bloquons tout\u00a0\u00bb le 10\u00a0septembre\u00a0: des militants proches de La France insoumise et des anciens Gilets jaunes \u00e0 la man\u0153uvre dans les C\u00f4tes-d\u2019Armor\"\/> (Le T\u00e9l\u00e9gramme \/ Valentin B\u00e9chu)<\/p>\n<p>Une proximit\u00e9 politique qu\u2019on retrouve chez d\u2019autres membres de la premi\u00e8re heure du collectif, peu \u00e0 peu constitu\u00e9 au mois de juillet, organisant des premiers rassemblements \u00e0 Guingamp et Lannion. Parmi lesquels Ga\u00ebl Roblin, conseiller municipal de la minorit\u00e9 \u00e0 Guingamp et militant d\u2019extr\u00eame gauche, <a href=\"https:\/\/www.letelegramme.fr\/cotes-d-armor\/saint-brieuc-22000\/legislatives-2024-a-saint-brieuc-nous-ne-lacherons-pas-le-depute-reagit-marion-gorgiard-6621759.php\" target=\"_blank\" rel=\"noopener\">Marion Gorgiard<\/a>, ancienne candidate LFI aux l\u00e9gislatives et Fran\u00e7oise Quainquard, une autre militante du parti de Jean-Luc M\u00e9lenchon. Ce faisant, ces derni\u00e8res ont ainsi suivi les consignes de leur leader, <a href=\"https:\/\/www.letelegramme.fr\/politique\/melenchon-appelle-a-la-censure-de-bayrou-et-soutient-le-mouvement-de-blocage-du-10-septembre-6872399.php\" target=\"_blank\" rel=\"noopener\">qui a officiellement appel\u00e9 ce dimanche \u00e0 soutenir les actions pr\u00e9vues le 10 septembre<\/a>.<\/p>\n<p>RIC et \u00ab\u00a0ultras riches\u00a0\u00bb<\/p>\n<p>Sur le tract distribu\u00e9 ce jour-l\u00e0, on retrouve d\u2019ailleurs les marottes de la gauche radicale. Il est d\u00e9nonc\u00e9 les \u00ab\u00a0211 milliards d\u2019euros par an donn\u00e9s aux grosses entreprises sans contreparties\u00a0\u00bb, \u00ab\u00a0le doublement du budget de la guerre depuis 2017\u00a0\u00bb ou le \u00ab\u00a0pillage de l\u2019argent public pour les ultras riches\u00a0\u00bb.<\/p>\n<p>Pour autant, \u00ab\u00a0on ne veut pas cr\u00e9er un mouvement o\u00f9 il y a juste les gauchos\u00a0\u00bb, professe Yohan Pavec au d\u00e9but de l\u2019action. Le collectif peut notamment compter sur des anciens Gilets jaunes, \u00ab\u00a0ni de gauche ni de droite\u00a0\u00bb, comme St\u00e9phane. Venu avec un livre portant sur le R\u00e9f\u00e9rendum d\u2019initiative citoyenne (RIC) expliqu\u00e9 \u00e0 tous, ce Briochin milite avant tout pour une profonde r\u00e9forme des institutions\u00a0: \u00ab\u00a0Je me suis r\u00e9veill\u00e9 politiquement pendant les Gilets jaunes, \u00e7a m\u2019a ouvert les yeux sur le fait les citoyens subissent en permanence une fois les \u00e9lections pass\u00e9es\u00a0\u00bb.<\/p>\n","protected":false},"excerpt":{"rendered":"Peut-\u00eatre avez-vous vu passer le slogan sur les r\u00e9seaux sociaux\u00a0: \u00ab\u00a0Bloquons le pays le 10 septembre prochain\u00a0\u00bb. Cet&hellip;\n","protected":false},"author":2,"featured_media":325215,"comment_status":"","ping_status":"","sticky":false,"template":"","format":"standard","meta":{"footnotes":""},"categories":[4],"tags":[11,1011,27,12,25,4937],"class_list":{"0":"post-325214","1":"post","2":"type-post","3":"status-publish","4":"format-standard","5":"has-post-thumbnail","7":"category-france","8":"tag-actualites","9":"tag-fr","10":"tag-france","11":"tag-news","12":"tag-republique-francaise","13":"tag-saint-brieuc"},"share_on_mastodon":{"url":"https:\/\/pubeurope.com\/@fr\/115045057684655734","error":""},"_links":{"self":[{"href":"https:\/\/www.europesays.com\/fr\/wp-json\/wp\/v2\/posts\/325214","targetHints":{"allow":["GET"]}}],"collection":[{"href":"https:\/\/www.europesays.com\/fr\/wp-json\/wp\/v2\/posts"}],"about":[{"href":"https:\/\/www.europesays.com\/fr\/wp-json\/wp\/v2\/types\/post"}],"author":[{"embeddable":true,"href":"https:\/\/www.europesays.com\/fr\/wp-json\/wp\/v2\/users\/2"}],"replies":[{"embeddable":true,"href":"https:\/\/www.europesays.com\/fr\/wp-json\/wp\/v2\/comments?post=325214"}],"version-history":[{"count":0,"href":"https:\/\/www.europesays.com\/fr\/wp-json\/wp\/v2\/posts\/325214\/revisions"}],"wp:featuredmedia":[{"embeddable":true,"href":"https:\/\/www.europesays.com\/fr\/wp-json\/wp\/v2\/media\/325215"}],"wp:attachment":[{"href":"https:\/\/www.europesays.com\/fr\/wp-json\/wp\/v2\/media?parent=325214"}],"wp:term":[{"taxonomy":"category","embeddable":true,"href":"https:\/\/www.europesays.com\/fr\/wp-json\/wp\/v2\/categories?post=325214"},{"taxonomy":"post_tag","embeddable":true,"href":"https:\/\/www.europesays.com\/fr\/wp-json\/wp\/v2\/tags?post=325214"}],"curies":[{"name":"wp","href":"https:\/\/api.w.org\/{rel}","templated":true}]}}