{"id":325216,"date":"2025-08-17T16:30:25","date_gmt":"2025-08-17T16:30:25","guid":{"rendered":"https:\/\/www.europesays.com\/fr\/325216\/"},"modified":"2025-08-17T16:30:25","modified_gmt":"2025-08-17T16:30:25","slug":"david-law-simpose-devant-des-bleus-tres-actifs","status":"publish","type":"post","link":"https:\/\/www.europesays.com\/fr\/325216\/","title":{"rendered":"David Law s&rsquo;impose devant des Bleus tr\u00e8s actifs"},"content":{"rendered":"<p>\t\t\t\t\t\t<img width=\"770\" height=\"556\" src=\"https:\/\/www.europesays.com\/fr\/wp-content\/uploads\/2025\/08\/lawfcwin-770x556.jpg\" class=\"img-responsive wp-post-image\" alt=\"\" decoding=\"async\" fetchpriority=\"high\"  \/>\t\t\t\t\t<\/p>\n<p>\t\t\t\t\t\t Partager cet article <\/p>\n<p class=\"screen-reader-text juiz_sps_maybe_hidden_text\">Partager la publication \u00ab\u00a0David Law s\u2019impose devant des Bleus tr\u00e8s actifs\u00a0\u00bb<\/p>\n<p><strong>L\u2019exp\u00e9riment\u00e9 \u00c9cossais David Law remporte le Finnish Challenge comptant pour l\u2019HotelPlanner Tour (ex-Challenge Tour), avec trois Fran\u00e7ais dans le top 10. Quatri\u00e8me en Finlande, une semaine apr\u00e8s son titre en Irlande, Oihan Guillamoundeguy bondit \u00e0 la deuxi\u00e8me place de la Road to Mallorca derri\u00e8re le nouveau leader\u2026 David Law.<\/strong><\/p>\n<p>Coup double pour <strong>David Law<\/strong> ! \u00c0 34 ans, l\u2019\u00c9cossais signe un troisi\u00e8me succ\u00e8s sur l\u2019<strong>HotelPlanner Tour<\/strong> en remportant le <strong>Finnish Challenge<\/strong>. \u00c9galement sacr\u00e9 sur le <strong>DP World Tour<\/strong> en Australie en 2019, le Britannique empoche un deuxi\u00e8me titre en deux mois sur la deuxi\u00e8me division europ\u00e9enne. De quoi s\u2019installer \u00e0 la premi\u00e8re place de la <strong>Road to Mallorca<\/strong> !<\/p>\n<p><a href=\"https:\/\/www.europeantour.com\/hotelplanner-tour\/vierumaki-finnish-challenge-supported-by-finnish-golf-union-2025\/leaderboard?round=4\" target=\"_blank\" rel=\"noopener nofollow\">Retrouvez le classement complet<\/a><\/p>\n<p>Avec aucun bogey lors des 42 premiers trous, puis un seul dimanche malgr\u00e9 la pression du r\u00e9sultat, Law s\u2019impose finalement avec deux coups d\u2019avance sur le Su\u00e9dois <strong>Jonas Blixt<\/strong> et l\u2019Anglais <strong>Alfie Plant<\/strong>, double vainqueur en France (<a href=\"https:\/\/www.golfplanete.com\/actualites\/alfie-plant-simpose-a-pleneuf-ugo-coussaud-6e\/\" rel=\"nofollow noopener\" target=\"_blank\">Open de Bretagne 2022<\/a> et <a href=\"https:\/\/www.golfplanete.com\/actualites\/circuits-pros\/le-coup-est-passe-tout-pres-pour-coussaud-5e-la-victoire-en-play-off-pour-langlais-plant\/\" rel=\"nofollow noopener\" target=\"_blank\">Open de Provence 2021<\/a>).<\/p>\n<p>\t\t\t\t\t<a id=\"181452\" href=\"https:\/\/www.fourseasonsmegevecollectionproam.com\/\" target=\"_blank\" rel=\"sponsorised nofollow noopener\"><img decoding=\"async\" src=\"data:image\/svg+xml,%3Csvg%20xmlns=\" http:=\"\" class=\"img-responsive\" alt=\"\" data-lazy-src=\"https:\/\/www.europesays.com\/fr\/wp-content\/uploads\/2025\/08\/swing-e05-proam-megeve25-1170x275-1.gif\"\/><\/a><\/p>\n<blockquote class=\"twitter-tweet\">\n<p dir=\"ltr\" lang=\"en\">Law birdied the last to secure his second title of the season \ud83d\udc26<a href=\"https:\/\/twitter.com\/hashtag\/VierumakiChallenge?src=hash&amp;ref_src=twsrc%5Etfw\" rel=\"nofollow noopener\" target=\"_blank\">#VierumakiChallenge<\/a> <a href=\"https:\/\/t.co\/aXK8aHpqcz\" rel=\"nofollow\">pic.twitter.com\/aXK8aHpqcz<\/a><\/p>\n<p>\u2014 HotelPlanner Tour (@HPlanner_Tour) <a href=\"https:\/\/twitter.com\/HPlanner_Tour\/status\/1957084413566611550?ref_src=twsrc%5Etfw\" rel=\"nofollow noopener\" target=\"_blank\">August 17, 2025<\/a><\/p>\n<\/blockquote>\n<p>\u00a0<\/p>\n<p>\u00a0<\/p>\n<p>Les Landes et le pays Basque \u00e0 l\u2019honneur\u00a0<\/p>\n<p>Deux golfeurs du sud-ouest de la France ont \u00e9galement anim\u00e9 toute la semaine. Et c\u2019est finalement <strong>Oihan Guillamoundeguy<\/strong> qui termine premier tricolore avec une quatri\u00e8me place finale. C\u2019est une nouvelle belle semaine pour le Landais, 20 ans seulement, qui a rapidement dig\u00e9r\u00e9 <a href=\"https:\/\/www.golfplanete.com\/actualites\/oihan-guillamoundeguy-tellement-fier-de-moi\/\" rel=\"nofollow noopener\" target=\"_blank\">sa premi\u00e8re victoire en carri\u00e8re la semaine derni\u00e8re<\/a> et qui bondit \u00e0 la deuxi\u00e8me place de l\u2019ordre du m\u00e9rite de l\u2019ancien Challenge Tour.<\/p>\n<p><a href=\"https:\/\/www.golfplanete.com\/actualites\/andoni-etchenique-prend-le-relais-en-tete\/\" target=\"_blank\" rel=\"noopener nofollow\">Leader apr\u00e8s 54 trous<\/a>, <strong>Andoni Etchenique<\/strong> aura forc\u00e9ment un petit go\u00fbt d\u2019inachev\u00e9 au moment de faire le bilan de la semaine. Le Basque de 27 ans \u00e9tait encore solidement en t\u00eate pr\u00e8s ses deux birdies au 1 et au 4 dimanche. Mais ses trois bogeys du 6 au 14 ont ouvert la porte \u00e0 ses adversaires.<\/p>\n<p>Aucun joueur du top 20 n\u2019a fait moins bien que le 73 du natif de Saint-P\u00e9e-sur-Nivelle. Le poids de la derni\u00e8re partie \u00e9tait peut-\u00eatre un peu lourd pour lui ce dimanche. Cette cinqui\u00e8me place reste n\u00e9anmoins son meilleur r\u00e9sultat en carri\u00e8re et un bel encouragement pour la fin de saison.<\/p>\n<p>\t\t\t\t\t<a id=\"180479\" href=\"https:\/\/www.swing.fr\/voyage\/35-14eme-edition-des-doubles-gosset-by-beachcomber\" target=\"_blank\" rel=\"sponsorised nofollow noopener\"><img decoding=\"async\" src=\"data:image\/svg+xml,%3Csvg%20xmlns=\" http:=\"\" class=\"img-responsive\" alt=\"\" data-lazy-src=\"https:\/\/www.europesays.com\/fr\/wp-content\/uploads\/2025\/07\/beachcomber-e01-doubles-gosset-26-1170x275-1.jpg\"\/><\/a><\/p>\n<blockquote class=\"twitter-tweet\">\n<p dir=\"ltr\" lang=\"en\">Etchenique extends his lead with a birdie on the fourth \ud83d\udc26<a href=\"https:\/\/twitter.com\/hashtag\/VierumakiChallenge?src=hash&amp;ref_src=twsrc%5Etfw\" rel=\"nofollow noopener\" target=\"_blank\">#VierumakiChallenge<\/a> <a href=\"https:\/\/t.co\/NHLywGnXbp\" rel=\"nofollow\">pic.twitter.com\/NHLywGnXbp<\/a><\/p>\n<p>\u2014 HotelPlanner Tour (@HPlanner_Tour) <a href=\"https:\/\/twitter.com\/HPlanner_Tour\/status\/1957017836011827568?ref_src=twsrc%5Etfw\" rel=\"nofollow noopener\" target=\"_blank\">August 17, 2025<\/a><\/p>\n<\/blockquote>\n<p>\t\t\t\t\t<a id=\"174987\" href=\"https:\/\/www.sudfrancegolf.com\/fr\/\" target=\"_blank\" rel=\"sponsorised nofollow noopener\"><img decoding=\"async\" src=\"data:image\/svg+xml,%3Csvg%20xmlns=\" http:=\"\" class=\"img-responsive\" alt=\"\" data-lazy-src=\"https:\/\/www.europesays.com\/fr\/wp-content\/uploads\/2025\/06\/giesudfrancegolf-e02-egolf-pass-2025-v2-1170x275-1.gif\"\/><\/a><br \/>\nTrois Bleus dans le top 10<\/p>\n<p>Le R\u00e9unionnais <strong>Julien Sale<\/strong> signe un top 10 solide avec quatre cartes sous le par. Gr\u00e2ce \u00e0 un tr\u00e8s joli dernier tour (67), <strong>Romain Wattel<\/strong> arrache un top 25.\u00a0<strong>Robin Sciot-Siegrist<\/strong>,<strong> Mathieu Decottignies-Laffon<\/strong> et <strong>Benjamin Kedochim<\/strong> grignotent quelques points pr\u00e9cieux. <strong>Maxence Giboudot<\/strong> ferme la marche du clan tricolore.<\/p>\n<p>\u00a0<\/p>\n<p>\u00a0<\/p>\n<p>Le classement<\/p>\n<p><img loading=\"lazy\" decoding=\"async\" class=\"alignnone wp-image-182541 size-full\" src=\"data:image\/svg+xml,%3Csvg%20xmlns=\" http:=\"\" alt=\"\" width=\"770\" height=\"756\" data-lazy- data-lazy- data-lazy-src=\"https:\/\/www.europesays.com\/fr\/wp-content\/uploads\/2025\/08\/clfct4.jpg\"\/><\/p>\n<p>\t\t\t\t\t<a id=\"181442\" href=\"https:\/\/www.formigolf.fr\/voyage-pays~fairplay_golf__spa_resort_5etoiles_cadiz~199~espagne\" target=\"_blank\" rel=\"sponsorised nofollow noopener\"><img decoding=\"async\" src=\"data:image\/svg+xml,%3Csvg%20xmlns=\" http:=\"\" class=\"img-responsive\" alt=\"\" data-lazy-src=\"https:\/\/www.europesays.com\/fr\/wp-content\/uploads\/2025\/08\/formigolf-e08-andalousie-cadiz-1170x275-1.gif\"\/><\/a><br \/>\nIls n\u2019ont pas pass\u00e9 le cut<\/p>\n<p><img loading=\"lazy\" decoding=\"async\" class=\"alignnone wp-image-182356 size-full\" src=\"data:image\/svg+xml,%3Csvg%20xmlns=\" http:=\"\" alt=\"\" width=\"770\" height=\"256\" data-lazy- data-lazy- data-lazy-src=\"https:\/\/www.europesays.com\/fr\/wp-content\/uploads\/2025\/08\/clfct2bis.jpg\"\/><\/p>\n<p>\u00a0<\/p>\n<p>\u00a0<\/p>\n<p>Photo : Octavio Passos \/ Getty \/ AFP<\/p>\n<p>\t\t\t<script async src=\"https:\/\/platform.twitter.com\/widgets.js\" charset=\"utf-8\"><\/script><\/p>\n","protected":false},"excerpt":{"rendered":"Partager cet article Partager la publication \u00ab\u00a0David Law s\u2019impose devant des Bleus tr\u00e8s actifs\u00a0\u00bb L\u2019exp\u00e9riment\u00e9 \u00c9cossais David Law&hellip;\n","protected":false},"author":2,"featured_media":325217,"comment_status":"","ping_status":"","sticky":false,"template":"","format":"standard","meta":{"footnotes":""},"categories":[1418],"tags":[1011,27,1472,60],"class_list":{"0":"post-325216","1":"post","2":"type-post","3":"status-publish","4":"format-standard","5":"has-post-thumbnail","7":"category-golf","8":"tag-fr","9":"tag-france","10":"tag-golf","11":"tag-sports"},"share_on_mastodon":{"url":"https:\/\/pubeurope.com\/@fr\/115045061310838359","error":""},"_links":{"self":[{"href":"https:\/\/www.europesays.com\/fr\/wp-json\/wp\/v2\/posts\/325216","targetHints":{"allow":["GET"]}}],"collection":[{"href":"https:\/\/www.europesays.com\/fr\/wp-json\/wp\/v2\/posts"}],"about":[{"href":"https:\/\/www.europesays.com\/fr\/wp-json\/wp\/v2\/types\/post"}],"author":[{"embeddable":true,"href":"https:\/\/www.europesays.com\/fr\/wp-json\/wp\/v2\/users\/2"}],"replies":[{"embeddable":true,"href":"https:\/\/www.europesays.com\/fr\/wp-json\/wp\/v2\/comments?post=325216"}],"version-history":[{"count":0,"href":"https:\/\/www.europesays.com\/fr\/wp-json\/wp\/v2\/posts\/325216\/revisions"}],"wp:featuredmedia":[{"embeddable":true,"href":"https:\/\/www.europesays.com\/fr\/wp-json\/wp\/v2\/media\/325217"}],"wp:attachment":[{"href":"https:\/\/www.europesays.com\/fr\/wp-json\/wp\/v2\/media?parent=325216"}],"wp:term":[{"taxonomy":"category","embeddable":true,"href":"https:\/\/www.europesays.com\/fr\/wp-json\/wp\/v2\/categories?post=325216"},{"taxonomy":"post_tag","embeddable":true,"href":"https:\/\/www.europesays.com\/fr\/wp-json\/wp\/v2\/tags?post=325216"}],"curies":[{"name":"wp","href":"https:\/\/api.w.org\/{rel}","templated":true}]}}