{"id":325218,"date":"2025-08-17T16:32:09","date_gmt":"2025-08-17T16:32:09","guid":{"rendered":"https:\/\/www.europesays.com\/fr\/325218\/"},"modified":"2025-08-17T16:32:09","modified_gmt":"2025-08-17T16:32:09","slug":"grosse-desillusion-pour-lusap-et-les-supporters-catalans","status":"publish","type":"post","link":"https:\/\/www.europesays.com\/fr\/325218\/","title":{"rendered":"Grosse d\u00e9sillusion pour l&rsquo;USAP et les supporters Catalans !"},"content":{"rendered":"<p>En qu\u00eate de renforts offensifs, l\u2019USAP souhaitait frapper un grand coup sur le march\u00e9 des transferts.<\/p>\n<p>Selon les informations de Rugby Pass, le club Catalan \u00e9tait en discussions avanc\u00e9es avec l\u2019ailier n\u00e9o-z\u00e9landais Etene Nanai-Seturo, 26 ans, v\u00e9ritable dynamiteur de d\u00e9fenses.<\/p>\n<p>Ancien joueur phare de la s\u00e9lection \u00e0 7 de Nouvelle-Z\u00e9lande avec qui il avait d\u00e9croch\u00e9 l\u2019argent aux JO de Tokyo, l\u2019explosif trois-quarts a depuis brill\u00e9 sous les couleurs des Chiefs et des Counties Manukau, inscrivant 33 essais en 90 rencontres.<\/p>\n<p>Engag\u00e9 cette saison en NPC, il a d\u00e9j\u00e0 pris part aux deux premi\u00e8res journ\u00e9es.<\/p>\n<p>Son arriv\u00e9e \u00e0 Aim\u00e9-Giral \u00e9tait envisag\u00e9e par les dirigeants de l\u2019USAP.<\/p>\n<p>Mais ce dimanche, le journaliste Hugo Bov\u00e9 nous informe via son compte Twitter que le dossier va tomber \u00e0 l\u2019eau.<\/p>\n<p>En effet, Etene Nanai-Seturo souhaiterait finalement poursuivre sa carri\u00e8re en Nouvelle-Z\u00e9lande.<\/p>\n<p>Et pour cause, le joueur de 26 ans aurait pour objectif de se battre pour int\u00e9grer le groupe des All-Blacks \u00e0 l\u2019approche de la Coupe du monde de 2027.<\/p>\n<p>Si une aventure en France le tenterait bien, pour l\u2019heure, il souhaite donc se concentrer \u00e0 100% sur son objectif qui est d\u2019int\u00e9grer les All-Blacks.<\/p>\n<p>Il s\u2019agit forc\u00e9ment d\u2019une grosse d\u00e9sillusion pour l\u2019USAP et ses supporters.<\/p>\n<blockquote class=\"twitter-tweet\" data-width=\"550\" data-dnt=\"true\">\n<p lang=\"fr\" dir=\"ltr\">\u274c Le dossier Etene Nanai-Seturo est au point mort depuis plusieurs jours.<br \/>Le joueur a \u00e9mis le souhait de rester en Nouvelle-Z\u00e9lande pour tenter de jouer pour les All Blacks et viser une place pour le Mondial-2027. M\u00eame si une aventure en France le tenterait bien\u2026<a href=\"https:\/\/twitter.com\/hashtag\/USAP?src=hash&amp;ref_src=twsrc%5Etfw\" rel=\"nofollow noopener\" target=\"_blank\">#USAP<\/a> <a href=\"https:\/\/t.co\/4II2YU15ey\" rel=\"nofollow\">https:\/\/t.co\/4II2YU15ey<\/a><\/p>\n<p>\u2014 Hugo Bov\u00e9 (@hugobove_) <a href=\"https:\/\/twitter.com\/hugobove_\/status\/1957017088389771350?ref_src=twsrc%5Etfw\" rel=\"nofollow noopener\" target=\"_blank\">August 17, 2025<\/a><\/p>\n<\/blockquote>\n<p><script async src=\"https:\/\/platform.twitter.com\/widgets.js\" charset=\"utf-8\"><\/script><\/p>\n","protected":false},"excerpt":{"rendered":"En qu\u00eate de renforts offensifs, l\u2019USAP souhaitait frapper un grand coup sur le march\u00e9 des transferts. Selon les&hellip;\n","protected":false},"author":2,"featured_media":325219,"comment_status":"","ping_status":"","sticky":false,"template":"","format":"standard","meta":{"footnotes":""},"categories":[1416],"tags":[1011,27,479,1468,60],"class_list":{"0":"post-325218","1":"post","2":"type-post","3":"status-publish","4":"format-standard","5":"has-post-thumbnail","7":"category-rugby","8":"tag-fr","9":"tag-france","10":"tag-rugby","11":"tag-rugby-football","12":"tag-sports"},"share_on_mastodon":{"url":"https:\/\/pubeurope.com\/@fr\/115045069294280383","error":""},"_links":{"self":[{"href":"https:\/\/www.europesays.com\/fr\/wp-json\/wp\/v2\/posts\/325218","targetHints":{"allow":["GET"]}}],"collection":[{"href":"https:\/\/www.europesays.com\/fr\/wp-json\/wp\/v2\/posts"}],"about":[{"href":"https:\/\/www.europesays.com\/fr\/wp-json\/wp\/v2\/types\/post"}],"author":[{"embeddable":true,"href":"https:\/\/www.europesays.com\/fr\/wp-json\/wp\/v2\/users\/2"}],"replies":[{"embeddable":true,"href":"https:\/\/www.europesays.com\/fr\/wp-json\/wp\/v2\/comments?post=325218"}],"version-history":[{"count":0,"href":"https:\/\/www.europesays.com\/fr\/wp-json\/wp\/v2\/posts\/325218\/revisions"}],"wp:featuredmedia":[{"embeddable":true,"href":"https:\/\/www.europesays.com\/fr\/wp-json\/wp\/v2\/media\/325219"}],"wp:attachment":[{"href":"https:\/\/www.europesays.com\/fr\/wp-json\/wp\/v2\/media?parent=325218"}],"wp:term":[{"taxonomy":"category","embeddable":true,"href":"https:\/\/www.europesays.com\/fr\/wp-json\/wp\/v2\/categories?post=325218"},{"taxonomy":"post_tag","embeddable":true,"href":"https:\/\/www.europesays.com\/fr\/wp-json\/wp\/v2\/tags?post=325218"}],"curies":[{"name":"wp","href":"https:\/\/api.w.org\/{rel}","templated":true}]}}