{"id":325220,"date":"2025-08-17T16:33:10","date_gmt":"2025-08-17T16:33:10","guid":{"rendered":"https:\/\/www.europesays.com\/fr\/325220\/"},"modified":"2025-08-17T16:33:10","modified_gmt":"2025-08-17T16:33:10","slug":"atp-cincinnati-sinner-egale-nadal-mais-reste-derriere-federer-djokovic-et-murray","status":"publish","type":"post","link":"https:\/\/www.europesays.com\/fr\/325220\/","title":{"rendered":"ATP &#8211; Cincinnati > Sinner \u00e9gale Nadal mais reste derri\u00e8re Federer, Djokovic et Murray"},"content":{"rendered":"<p>Tombeur du Fran\u00e7ais Terence Atmane en demi\u2010finales du Masters 1000 de Cincinnati, Jannik Sinner a sign\u00e9 sa 26e victoire cons\u00e9\u00adcu\u00adtive sur dur. Une s\u00e9rie qui lui permet d\u2019\u00e9galer le record de Rafael Nadal sur cette surface, mais qui reste encore derri\u00e8re celles d\u2019Andy Murray, Novak Djokovic et surtout Roger Federer (56 succ\u00e8s d\u2019affil\u00e9e\u00a0!).\u00a0<\/p>\n<blockquote class=\"twitter-tweet\">\n<p lang=\"fr\" dir=\"ltr\">\u2b50\ufe0f\ud83c\uddee\ud83c\uddf9 Jannik Sinner \u00e9gale la plus longue s\u00e9rie de victoires sur dur de Rafael Nadal (26). <\/p>\n<p>Seuls trois joueurs ont fait mieux au 21e si\u00e8cle\u00a0:<\/p>\n<p>\ud83c\udde8\ud83c\udded Roger Federer \u2013 56, 36<br \/>\ud83c\uddf7\ud83c\uddf8 Novak Djokovic \u2013 35, 29<br \/>\ud83c\uddec\ud83c\udde7 Andy Murray \u2013 28<a href=\"https:\/\/t.co\/qcoObYnUuy\" data-wpel-link=\"external\" target=\"_blank\" rel=\"nofollow external noopener\">pic.twitter.com\/qcoObYnUuy<\/a><\/p>\n<p>\u2014 Univers Tennis \ud83c\udfbe (@UniversTennis) <a href=\"https:\/\/twitter.com\/UniversTennis\/status\/1956819294551179452?ref_src=twsrc%5Etfw\" data-wpel-link=\"external\" target=\"_blank\" rel=\"nofollow external noopener\">August 16,\u00a02025<\/a><\/p><\/blockquote>\n<p>Jannik Sinner n\u2019a plus perdu sur dur depuis le 2 octobre 2024 et sa d\u00e9faite contre Carlos Alcaraz en finale de l\u2019ATP 500 de P\u00e9kin. Il retrou\u00advera d\u2019ailleurs l\u2019Espagnol en finale du Masters 1000 de Cincinnati lundi \u00e0 21h, heure fran\u00e7aise.<\/p>\n<p class=\"post-published-date\" style=\"color: silver; font-size: 75%; text-align: left;\">Publi\u00e9 le dimanche 17 ao\u00fbt 2025 \u00e0 13:50<\/p>\n<p><script async src=\"https:\/\/platform.twitter.com\/widgets.js\" charset=\"utf-8\"><\/script><\/p>\n","protected":false},"excerpt":{"rendered":"Tombeur du Fran\u00e7ais Terence Atmane en demi\u2010finales du Masters 1000 de Cincinnati, Jannik Sinner a sign\u00e9 sa 26e&hellip;\n","protected":false},"author":2,"featured_media":325221,"comment_status":"","ping_status":"","sticky":false,"template":"","format":"standard","meta":{"footnotes":""},"categories":[1415],"tags":[1744,4737,105,2199,1011,27,1960,2127,60,1467],"class_list":{"0":"post-325220","1":"post","2":"type-post","3":"status-publish","4":"format-standard","5":"has-post-thumbnail","7":"category-tennis","8":"tag-alcaraz","9":"tag-andy-murray","10":"tag-djokovic","11":"tag-federer","12":"tag-fr","13":"tag-france","14":"tag-nadal","15":"tag-sinner","16":"tag-sports","17":"tag-tennis"},"share_on_mastodon":{"url":"https:\/\/pubeurope.com\/@fr\/115045073049604131","error":""},"_links":{"self":[{"href":"https:\/\/www.europesays.com\/fr\/wp-json\/wp\/v2\/posts\/325220","targetHints":{"allow":["GET"]}}],"collection":[{"href":"https:\/\/www.europesays.com\/fr\/wp-json\/wp\/v2\/posts"}],"about":[{"href":"https:\/\/www.europesays.com\/fr\/wp-json\/wp\/v2\/types\/post"}],"author":[{"embeddable":true,"href":"https:\/\/www.europesays.com\/fr\/wp-json\/wp\/v2\/users\/2"}],"replies":[{"embeddable":true,"href":"https:\/\/www.europesays.com\/fr\/wp-json\/wp\/v2\/comments?post=325220"}],"version-history":[{"count":0,"href":"https:\/\/www.europesays.com\/fr\/wp-json\/wp\/v2\/posts\/325220\/revisions"}],"wp:featuredmedia":[{"embeddable":true,"href":"https:\/\/www.europesays.com\/fr\/wp-json\/wp\/v2\/media\/325221"}],"wp:attachment":[{"href":"https:\/\/www.europesays.com\/fr\/wp-json\/wp\/v2\/media?parent=325220"}],"wp:term":[{"taxonomy":"category","embeddable":true,"href":"https:\/\/www.europesays.com\/fr\/wp-json\/wp\/v2\/categories?post=325220"},{"taxonomy":"post_tag","embeddable":true,"href":"https:\/\/www.europesays.com\/fr\/wp-json\/wp\/v2\/tags?post=325220"}],"curies":[{"name":"wp","href":"https:\/\/api.w.org\/{rel}","templated":true}]}}