{"id":325223,"date":"2025-08-17T16:36:13","date_gmt":"2025-08-17T16:36:13","guid":{"rendered":"https:\/\/www.europesays.com\/fr\/325223\/"},"modified":"2025-08-17T16:36:13","modified_gmt":"2025-08-17T16:36:13","slug":"foulee-par-un-pilote-de-f1-cette-piste-de-karting-organise-un-evenement-inedit-dans-loise","status":"publish","type":"post","link":"https:\/\/www.europesays.com\/fr\/325223\/","title":{"rendered":"Foul\u00e9e par un pilote de F1, cette piste de karting organise un \u00e9v\u00e8nement in\u00e9dit dans l&rsquo;Oise"},"content":{"rendered":"<p>            Par<br \/>\n        <strong><br \/>\n            <a href=\"https:\/\/actu.fr\/auteur\/lea-mosco\" title=\"Consulter tous les articles de L\u00e9a Mosco\" target=\"_blank\" rel=\"noopener\">L\u00e9a Mosco<\/a><br \/>\n        <\/strong><\/p>\n<p>        Publi\u00e9 le<\/p>\n<p>            17 ao\u00fbt 2025 \u00e0 17h46        <\/p>\n<p>C\u2019est une histoire de famille qui sent l\u2019essence et la gomme br\u00fbl\u00e9e. Fond\u00e9e en 1985 \u00e0 <strong>Neuilly-sous-Clermont<\/strong> (<a href=\"https:\/\/actu.fr\/oise\/\" target=\"_blank\" rel=\"noopener\">Oise<\/a>) par L\u00e9andre L\u00e9v\u00eaque, Karting Loisirs Neuilly c\u00e9l\u00e8bre cette ann\u00e9e ses 40\u00a0ans. Pour marquer l\u2019\u00e9v\u00e9nement, Bruno L\u00e9v\u00eaque, le g\u00e9rant actuel, et sa fille Malaury ont d\u00e9cid\u00e9 de voir les choses en grand. Le 13\u00a0septembre, une <strong>course d\u2019endurance de 6\u00a0heures<\/strong> aura lieu. Celle-ci promet d\u2019attirer pilotes confirm\u00e9s et passionn\u00e9s de tout \u00e2ge !<\/p>\n<p>Une course de deux fois trois heures<\/p>\n<p class=\" wall-content\">Le concept a de quoi surprendre\u2009: <strong>trois heures de course dans le sens classique de la piste suivies de trois heures dans le sens inverse<\/strong>. \u00ab\u2009C\u2019est une mani\u00e8re de red\u00e9couvrir la piste, m\u00eame pour nos habitu\u00e9s\u2009\u00bb, explique Malaury L\u00e9v\u00eaque, la petite-fille de L\u00e9andre L\u00e9v\u00eaque.<\/p>\n<p class=\" wall-content\">L\u2019\u00e9v\u00e9nement est limit\u00e9 \u00e0 20\u00a0\u00e9quipes\u2026 et 18 places sont d\u00e9j\u00e0 r\u00e9serv\u00e9es. Ouverte d\u00e8s 14\u00a0ans, l\u2019\u00e9preuve devrait r\u00e9unir une belle diversit\u00e9 de profils, du jeune comp\u00e9titeur au pilote amateur chevronn\u00e9.<\/p>\n<blockquote class=\"ac-article-quote wall-content\">\n<p>L&rsquo;id\u00e9e, c&rsquo;est de rassembler anciens et nouveaux clients pour une journ\u00e9e qui sorte de l&rsquo;ordinaire.<\/p>\n<p>    <strong>Malaury L\u00e9v\u00eaque<\/strong><br \/>\n        Co-g\u00e9rante de Karting Loisirs Neuilly    <\/p><\/blockquote>\n<p class=\" wall-content\">Et pour que la f\u00eate soit totale, t-shirts, cadeaux, animations et, bien s\u00fbr, podium viendront ponctuer la course.<\/p>\n<p class=\" wall-content\">Les tarifs sont fix\u00e9s \u00e0 610 euros par \u00e9quipe pour la cat\u00e9gorie \u00ab\u2009pro\u2009\u00bb et 590 euros par \u00e9quipe pour la cat\u00e9gorie \u00ab\u2009loisir\u2009\u00bb. Chaque \u00e9quipe doit \u00eatre compos\u00e9e d\u2019un minimum de 2 personnes et d\u2019un maximum de 6 pilotes qui se relaieront sur les 6 heures de course. Une sorte de <a href=\"https:\/\/actu.fr\/tag\/24-heures-du-mans\" target=\"_blank\" rel=\"noopener\">24\u2009heures du Mans<\/a> miniature.<\/p>\n<p>Quarante ans de virages, de champions et de transmission<\/p>\n<p class=\" wall-content\">Depuis le terrain vague des d\u00e9buts en kart-cross jusqu\u2019au trac\u00e9 modernis\u00e9 de 720\u00a0m\u00e8tres en 2012, le site a connu plusieurs \u00e9volutions. Mais la v\u00e9ritable constante, c\u2019est la <strong>transmission familiale<\/strong>\u2009: grand-p\u00e8re, p\u00e8re et bient\u00f4t la fille, tous anim\u00e9s par la m\u00eame passion.<\/p>\n<p class=\" wall-content\">Au fil des d\u00e9cennies, le circuit a vu passer quelques noms aujourd\u2019hui bien connus du sport automobile, comme Isack Hadjar, pilote fran\u00e7ais pour l\u2019\u00e9curie Racing Bulls en Formule 1 ou bien Victor Martins, un autre pilote fran\u00e7ais en Formule 2 chez ART Grand Prix.<\/p>\n<blockquote class=\"ac-article-quote wall-content\">\n<p>C&rsquo;est un m\u00e9tier-passion, bien s\u00fbr il faut aimer le karting, rouler, la comp\u00e9tition mais il faut aussi un lien fort avec nos clients. <\/p>\n<p>    <strong>Malaury L\u00e9v\u00eaque <\/strong><br \/>\n        Co-g\u00e9rante de Karting loisirs Neuilly    <\/p><\/blockquote>\n<p class=\" wall-content\">Aujourd\u2019hui, le circuit propose plus de <strong>cinquante dates de course par an<\/strong>, de la Junior Cup aux comp\u00e9titions f\u00e9minines, en passant par une \u00e9preuve caritative au profit de la mucoviscidose le jeudi 25\u00a0septembre.<\/p>\n<p class=\" wall-content\">Avec son int\u00e9gration au championnat SWS (Sodi World Series), le circuit permet \u00e0 chacun de go\u00fbter \u00e0 la comp\u00e9tition <strong>sans investir dans son propre kart<\/strong>. Une formule qui s\u00e9duit de plus en plus, notamment des jeunes filles, gr\u00e2ce aux s\u00e9ries t\u00e9l\u00e9vis\u00e9es et aux comp\u00e9titions de sport automobile f\u00e9minin tels que la F1 Academy.<\/p>\n<p class=\" wall-content\">Il ne reste que deux places pour l\u2019endurance des 40\u00a0ans et elles risquent de s\u2019envoler rapidement\u2026 alors est-ce qu\u2019on se donne rendez-vous au premier virage\u2009?<\/p>\n<p class=\" wall-content\">Suivez toute l\u2019actualit\u00e9 de vos villes et m\u00e9dias favoris en vous inscrivant \u00e0 <a href=\"https:\/\/moncompte.actu.fr\" title=\"D\u00e9couvez Mon Actu\" rel=\"nofollow noopener\" data-trk=\"{&quot;cta&quot;:{&quot;action&quot;:&quot;https:\\\/\\\/moncompte.actu.fr&quot;,&quot;category&quot;:&quot;mon compte&quot;,&quot;from&quot;:&quot;article footer&quot;,&quot;name&quot;:&quot;Mon actu&quot;,&quot;type&quot;:&quot;cta&quot;}}\" target=\"_blank\">Mon Actu<\/a>.<\/p>\n","protected":false},"excerpt":{"rendered":"Par L\u00e9a Mosco Publi\u00e9 le 17 ao\u00fbt 2025 \u00e0 17h46 C\u2019est une histoire de famille qui sent l\u2019essence&hellip;\n","protected":false},"author":2,"featured_media":325224,"comment_status":"","ping_status":"","sticky":false,"template":"","format":"standard","meta":{"footnotes":""},"categories":[1412],"tags":[1451,652,1452,1453,1454,1455,1011,27,7364,104,60],"class_list":{"0":"post-325223","1":"post","2":"type-post","3":"status-publish","4":"format-standard","5":"has-post-thumbnail","7":"category-f1","8":"tag-f1","9":"tag-famille","10":"tag-formula-1","11":"tag-formula1","12":"tag-formule-1","13":"tag-formule1","14":"tag-fr","15":"tag-france","16":"tag-loise","17":"tag-societe","18":"tag-sports"},"share_on_mastodon":{"url":"https:\/\/pubeurope.com\/@fr\/115045084891011061","error":""},"_links":{"self":[{"href":"https:\/\/www.europesays.com\/fr\/wp-json\/wp\/v2\/posts\/325223","targetHints":{"allow":["GET"]}}],"collection":[{"href":"https:\/\/www.europesays.com\/fr\/wp-json\/wp\/v2\/posts"}],"about":[{"href":"https:\/\/www.europesays.com\/fr\/wp-json\/wp\/v2\/types\/post"}],"author":[{"embeddable":true,"href":"https:\/\/www.europesays.com\/fr\/wp-json\/wp\/v2\/users\/2"}],"replies":[{"embeddable":true,"href":"https:\/\/www.europesays.com\/fr\/wp-json\/wp\/v2\/comments?post=325223"}],"version-history":[{"count":0,"href":"https:\/\/www.europesays.com\/fr\/wp-json\/wp\/v2\/posts\/325223\/revisions"}],"wp:featuredmedia":[{"embeddable":true,"href":"https:\/\/www.europesays.com\/fr\/wp-json\/wp\/v2\/media\/325224"}],"wp:attachment":[{"href":"https:\/\/www.europesays.com\/fr\/wp-json\/wp\/v2\/media?parent=325223"}],"wp:term":[{"taxonomy":"category","embeddable":true,"href":"https:\/\/www.europesays.com\/fr\/wp-json\/wp\/v2\/categories?post=325223"},{"taxonomy":"post_tag","embeddable":true,"href":"https:\/\/www.europesays.com\/fr\/wp-json\/wp\/v2\/tags?post=325223"}],"curies":[{"name":"wp","href":"https:\/\/api.w.org\/{rel}","templated":true}]}}