{"id":325227,"date":"2025-08-17T16:38:10","date_gmt":"2025-08-17T16:38:10","guid":{"rendered":"https:\/\/www.europesays.com\/fr\/325227\/"},"modified":"2025-08-17T16:38:10","modified_gmt":"2025-08-17T16:38:10","slug":"psg-une-porte-de-sortie-inattendue-soffre-a-renato-sanches","status":"publish","type":"post","link":"https:\/\/www.europesays.com\/fr\/325227\/","title":{"rendered":"PSG, une porte de sortie inattendue s&rsquo;offre \u00e0 Renato Sanches"},"content":{"rendered":"<p data-testid=\"article-teaser\" class=\"article_teaser__rjxUK\">Pouss\u00e9 \u00e0 nouveau vers la sortie par le PSG, Renato Sanches pourrait rejoindre une destination inattendue, cet \u00e9t\u00e9. <\/p>\n<p>L\u2019avenir de Renato Sanches au Paris Saint-Germain est plus incertain que jamais. De retour apr\u00e8s une exp\u00e9rience mitig\u00e9e au Portugal, le milieu de terrain portugais ne fait pas partie des plans de Luis Enrique. \u00c0 deux ans de la fin de son contrat, le club de la capitale cherche activement une solution. Et alors que peu de portes semblent s\u2019ouvrir \u00e0 lui, une destination surprenante pourrait relancer sa carri\u00e8re, offrant au joueur de 27 ans une chance inesp\u00e9r\u00e9e de rebondir.<\/p>\n","protected":false},"excerpt":{"rendered":"Pouss\u00e9 \u00e0 nouveau vers la sortie par le PSG, Renato Sanches pourrait rejoindre une destination inattendue, cet \u00e9t\u00e9.&hellip;\n","protected":false},"author":2,"featured_media":325228,"comment_status":"","ping_status":"","sticky":false,"template":"","format":"standard","meta":{"footnotes":""},"categories":[1410],"tags":[63,1011,27,46224,46226,66,1434,766,46054,91,46225,60,29105,46223,28401],"class_list":{"0":"post-325227","1":"post","2":"type-post","3":"status-publish","4":"format-standard","5":"has-post-thumbnail","7":"category-football","8":"tag-football","9":"tag-fr","10":"tag-france","11":"tag-kasimpasa","12":"tag-kasimpasa-vs-trabzonspor","13":"tag-ligue-1","14":"tag-mercato","15":"tag-nantes","16":"tag-nantes-vs-paris-saint-germain","17":"tag-paris-saint-germain","18":"tag-r-sanches","19":"tag-sports","20":"tag-super-lig","21":"tag-trabzonspor","22":"tag-transfers"},"share_on_mastodon":{"url":"https:\/\/pubeurope.com\/@fr\/115045092852950198","error":""},"_links":{"self":[{"href":"https:\/\/www.europesays.com\/fr\/wp-json\/wp\/v2\/posts\/325227","targetHints":{"allow":["GET"]}}],"collection":[{"href":"https:\/\/www.europesays.com\/fr\/wp-json\/wp\/v2\/posts"}],"about":[{"href":"https:\/\/www.europesays.com\/fr\/wp-json\/wp\/v2\/types\/post"}],"author":[{"embeddable":true,"href":"https:\/\/www.europesays.com\/fr\/wp-json\/wp\/v2\/users\/2"}],"replies":[{"embeddable":true,"href":"https:\/\/www.europesays.com\/fr\/wp-json\/wp\/v2\/comments?post=325227"}],"version-history":[{"count":0,"href":"https:\/\/www.europesays.com\/fr\/wp-json\/wp\/v2\/posts\/325227\/revisions"}],"wp:featuredmedia":[{"embeddable":true,"href":"https:\/\/www.europesays.com\/fr\/wp-json\/wp\/v2\/media\/325228"}],"wp:attachment":[{"href":"https:\/\/www.europesays.com\/fr\/wp-json\/wp\/v2\/media?parent=325227"}],"wp:term":[{"taxonomy":"category","embeddable":true,"href":"https:\/\/www.europesays.com\/fr\/wp-json\/wp\/v2\/categories?post=325227"},{"taxonomy":"post_tag","embeddable":true,"href":"https:\/\/www.europesays.com\/fr\/wp-json\/wp\/v2\/tags?post=325227"}],"curies":[{"name":"wp","href":"https:\/\/api.w.org\/{rel}","templated":true}]}}