{"id":325233,"date":"2025-08-17T16:41:12","date_gmt":"2025-08-17T16:41:12","guid":{"rendered":"https:\/\/www.europesays.com\/fr\/325233\/"},"modified":"2025-08-17T16:41:12","modified_gmt":"2025-08-17T16:41:12","slug":"la-romanciere-afro-americaine-jesmyn-ward-plonge-aux-racines-de-lhistoire-de-sa-communaute-dans-un-chant-homerique","status":"publish","type":"post","link":"https:\/\/www.europesays.com\/fr\/325233\/","title":{"rendered":"la romanci\u00e8re afro-am\u00e9ricaine Jesmyn Ward plonge aux racines de l&rsquo;histoire de sa communaut\u00e9 dans un chant\u00a0hom\u00e9rique"},"content":{"rendered":"\n<p>            lire plus tard<\/p>\n<p id=\"dialog__title\" class=\"dialog__title\">Pour sauvegarder cet article, connectez-vous ou cr\u00e9ez un compte franceinfo<\/p>\n<p class=\"dialog__description\">Sans paiement. Sans abonnement.<\/p>\n<p>        Fermer la fen\u00eatre d\u2019activation des notifications France Info<\/p>\n<p>            cr\u00e9er votre compte<\/p>\n<p>            se connecter<\/p>\n<p>        Fermer la fen\u00eatre de pr\u00e9sentation<\/p>\n<p>    <img loading=\"lazy\" decoding=\"async\" class=\"signature__image lazyload\" width=\"100\" height=\"100\" data- alt=\"\" src=\"https:\/\/www.europesays.com\/fr\/wp-content\/uploads\/2025\/07\/61b8b9930f056_laurence-houot.png\"\/><\/p>\n<p>          France T\u00e9l\u00e9visions &#8211; R\u00e9daction Culture<\/p>\n<p>    Publi\u00e9 le 17\/08\/2025 17:20<\/p>\n<p>      Mis \u00e0 jour le 17\/08\/2025 17:32<\/p>\n<p>        Temps de lecture : 4min<\/p>\n<p>    <img decoding=\"async\"  alt=\"Portrait de la romanci\u00e8re afro-am\u00e9ricaine Jesmyn Ward, New\u00a0York, le 29\u00a0mars\u00a02017. (BEOWULF SHEEHAN)\" width=\"100\" height=\"100\" src=\"https:\/\/www.europesays.com\/fr\/wp-content\/uploads\/2025\/08\/ward-c-beowulf-sheehan-68876dbc19f90359737015.jpg\" fetchpriority=\"high\"\/><\/p>\n<p>      Portrait de la romanci\u00e8re afro-am\u00e9ricaine Jesmyn Ward, New\u00a0York, le 29\u00a0mars\u00a02017. (BEOWULF SHEEHAN)<\/p>\n<p>\n  La romanci\u00e8re afro-am\u00e9ricaine signe un nouveau roman \u00e0 la fois sombre et lumineux, port\u00e9 par un trio de femmes puissantes.\n<\/p>\n<p>Jesmyn Ward est la premi\u00e8re femme, et la premi\u00e8re Afro-Am\u00e9ricaine doublement laur\u00e9ate du National Book Award. Elle a re\u00e7u ce prestigieux prix une premi\u00e8re fois en 2011 avec <a href=\"https:\/\/www.franceinfo.fr\/culture\/livres\/roman\/quot-bois-sauvagequot-la-misere-americaine-dans-l-039-oeil-du-cyclone-katrina_3289135.html\" rel=\"nofollow noopener\" target=\"_blank\">Bois sauvage, paru en France en 2012<\/a>, et une seconde fois avec <a href=\"https:\/\/www.franceinfo.fr\/culture\/livres\/roman\/quot-le-chant-des-revenantsquot-de-jesmyn-ward-l-039-amerique-noire-et-pauvre-racontee-comme-une-tragedie-antique_3384349.html\" rel=\"nofollow noopener\" target=\"_blank\">Le Chant des revenants en 2017<\/a>. Nous serons temp\u00eate, son nouveau roman, para\u00eet jeudi\u00a021\u00a0ao\u00fbt aux \u00e9ditions Belfond.<\/p>\n<p>Annis grandit parmi les esclaves dans une plantation de Caroline du Nord. Sa m\u00e8re lui apprend \u00e0 se battre, et \u00e0 reconna\u00eetre les plantes, les vertueuses comme les dangereuses. Vendue par le ma\u00eetre, violeur et g\u00e9niteur de sa fille, sa m\u00e8re quitte la plantation.<\/p>\n<p>Annis se console dans les bras de Safi, une autre jeune esclave. Quelque temps plus tard, elle est \u00e0 son tour encha\u00een\u00e9e pour \u00eatre vendue. Commence alors un long et dangereux p\u00e9riple vers la Louisiane. La jeune fille trouve la force de survivre dans l&rsquo;espoir de retrouver sa m\u00e8re, les visites de l&rsquo;esprit de sa grand-m\u00e8re Aza, et dans les amiti\u00e9s qu&rsquo;elle tisse avec ses s\u0153urs d&rsquo;infortune.<\/p>\n<p>C&rsquo;est avec un souffle toujours aussi vibrant que la romanci\u00e8re Jesmyn Ward revient, six\u00a0ans apr\u00e8s Le Chant des revenants, <a href=\"https:\/\/www.franceinfo.fr\/culture\/livres\/roman\/jesmyn-ward-laureate-du-prix-america-pour-le-chant-des-revenants_3508241.html\" rel=\"nofollow noopener\" target=\"_blank\">r\u00e9compens\u00e9 par le Prix\u00a0America en 2019<\/a>. Dans ce texte temp\u00e9tueux, l&rsquo;\u00e9crivaine plonge aux racines de l&rsquo;histoire de sa communaut\u00e9, comme une pierre ajout\u00e9e \u00e0 son \u0153uvre pour mieux la faire entendre.<\/p>\n<p>Jesmyn Ward nous raconte dans ce nouveau roman une histoire de transmission en dressant le portrait de trois g\u00e9n\u00e9rations de femmes, h\u00e9riti\u00e8res d&rsquo;une lign\u00e9e de guerri\u00e8res au service des rois du Dahomey avant d&rsquo;\u00eatre asservies. De la grand-m\u00e8re fant\u00f4me et protectrice, \u00e0 la m\u00e8re d\u00e9sireuse de donner des armes \u00e0 sa fille pour se d\u00e9fendre, \u00e0 la fille qui s&rsquo;en empare au-del\u00e0 des esp\u00e9rances de sa m\u00e8re, jusqu&rsquo;\u00e0 la g\u00e9n\u00e9ration suivante, en gestation, germe d&rsquo;une vie libre \u00e0 venir.<\/p>\n<p>L&rsquo;\u00e9crivaine n&rsquo;\u00e9lude aucun des aspects les plus sombres de l&rsquo;entreprise d&rsquo;asservissement orchestr\u00e9e par les Blancs, de la plus grande, \u00e0 la plus petite \u00e9chelle. Mais la romanci\u00e8re livre aussi un roman lumineux, \u00e0 travers le destin d&rsquo;Annis, une figure f\u00e9minine puissante, qui symbolise la richesse d&rsquo;un peuple, et le combat d&rsquo;une communaut\u00e9 pour reconqu\u00e9rir sa libert\u00e9. Annis convoque Dante, qu&rsquo;elle appelle \u00ab\u00a0l&rsquo;Italien\u00a0\u00bb, les cercles de l&rsquo;enfer, et le chemin vers \u00ab\u00a0les belles choses que le ciel porte\u00a0\u00bb. \u00ab\u00a0Je veux m&rsquo;\u00e9lever. Je veux les \u00e9toiles\u00a0\u00bb, esp\u00e8re la jeune fille.<\/p>\n<p>On retrouve le style de Jesmyn Ward, un naturalisme aux accents lyriques, auquel s&rsquo;ajoute ici une dimension onirique, une forme de r\u00e9alisme magique, quasi mystique, qui fait r\u00e9sonner son roman comme un long chant hom\u00e9rique en version f\u00e9minine, avec en basse continue le ch\u0153ur des martyrs.<\/p>\n<p><strong>\u00ab\u00a0Nous serons temp\u00eate\u00a0\u00bb de Jesmyn Ward, traduit de l&rsquo;anglais (\u00c9tats-Unis) par Charles Recours\u00e9, \u00e9ditions Belfond, 240\u00a0pages, 22\u00a0euros<\/strong><\/p>\n<p>    <img decoding=\"async\" class=\"cms-media-image lazyload\" alt=\"Couverture du livre \" nous=\"\" serons=\"\" temp=\"\" de=\"\" jesmyn=\"\" ward=\"\" publi=\"\" le=\"\" width=\"720\" height=\"1148.972972973\" data- src=\"https:\/\/www.europesays.com\/fr\/wp-content\/uploads\/2025\/08\/ward-nous-serons-tempete-68876f0cc9a61832919326.jpg\"\/><\/p>\n<p>      Couverture du livre \u00ab\u00a0Nous serons temp\u00eate\u00a0\u00bb de Jesmyn Ward, publi\u00e9 le 21\u00a0ao\u00fbt\u00a02025. (BELFOND)<\/p>\n<p><strong>Extrait :<\/strong> \u00ab\u00a0Quelques mois plus tard, quand j&rsquo;aper\u00e7ois l&rsquo;Homme de G\u00e9orgie \u00e0 l&rsquo;entr\u00e9e du chemin qui m\u00e8ne des cases aux champs, et mon ma\u00eetre aupr\u00e8s de lui qui nous pointe du doigt toutes les deux, j&rsquo;enfonce mes ongles dans la main de ma m\u00e8re. Je dis \u00ab\u00a0Maman, non\u00a0\u00bb. Je dis \u00ab\u00a0viens\u00a0\u00bb, en \u00e9cho \u00e0 la premi\u00e8re fois o\u00f9 elle m&rsquo;a pouss\u00e9e \u00e0 me battre. Je dis, \u00ab\u00a0s&rsquo;il te pla\u00eet\u00a0\u00bb. Je me retourne dans la direction des cases, des bois, de la clairi\u00e8re. Je tire sur le bras de ma m\u00e8re pour l&rsquo;entra\u00eener, mais elle refuse. Elle s&rsquo;immobilise et m&rsquo;attrape par le col. Des larmes coulent d\u00e9j\u00e0 sur son visage, mais elle n&rsquo;essaie pas de les essuyer, de faire dispara\u00eetre le vernis de son chagrin. Le ciel est charg\u00e9 de nuages, l&rsquo;air d&rsquo;une pluie imminente, dont l&rsquo;odeur m&rsquo;\u00e9c\u0153ure. Ma m\u00e8re ne voit rien d&rsquo;autre que moi. Elle passe les mains dans ses cheveux, puis dans les miens, et un objet pointu griffe mon cuir chevelu<strong>\u00a0<\/strong>: le poin\u00e7on d&rsquo;ivoire. Ensuite, elle tient mon visage face au sien et je ne sens plus que la pression de ses paumes sur mes joues, sur mes oreilles.\u00a0\u00bb (page<strong>\u00a0<\/strong>29).<\/p>\n","protected":false},"excerpt":{"rendered":"lire plus tard Pour sauvegarder cet article, connectez-vous ou cr\u00e9ez un compte franceinfo Sans paiement. Sans abonnement. Fermer&hellip;\n","protected":false},"author":2,"featured_media":325234,"comment_status":"","ping_status":"","sticky":false,"template":"","format":"standard","meta":{"footnotes":""},"categories":[1357],"tags":[1379,58,59,1011,27,1380],"class_list":{"0":"post-325233","1":"post","2":"type-post","3":"status-publish","4":"format-standard","5":"has-post-thumbnail","7":"category-livres","8":"tag-books","9":"tag-divertissement","10":"tag-entertainment","11":"tag-fr","12":"tag-france","13":"tag-livres"},"share_on_mastodon":{"url":"https:\/\/pubeurope.com\/@fr\/115045104758586498","error":""},"_links":{"self":[{"href":"https:\/\/www.europesays.com\/fr\/wp-json\/wp\/v2\/posts\/325233","targetHints":{"allow":["GET"]}}],"collection":[{"href":"https:\/\/www.europesays.com\/fr\/wp-json\/wp\/v2\/posts"}],"about":[{"href":"https:\/\/www.europesays.com\/fr\/wp-json\/wp\/v2\/types\/post"}],"author":[{"embeddable":true,"href":"https:\/\/www.europesays.com\/fr\/wp-json\/wp\/v2\/users\/2"}],"replies":[{"embeddable":true,"href":"https:\/\/www.europesays.com\/fr\/wp-json\/wp\/v2\/comments?post=325233"}],"version-history":[{"count":0,"href":"https:\/\/www.europesays.com\/fr\/wp-json\/wp\/v2\/posts\/325233\/revisions"}],"wp:featuredmedia":[{"embeddable":true,"href":"https:\/\/www.europesays.com\/fr\/wp-json\/wp\/v2\/media\/325234"}],"wp:attachment":[{"href":"https:\/\/www.europesays.com\/fr\/wp-json\/wp\/v2\/media?parent=325233"}],"wp:term":[{"taxonomy":"category","embeddable":true,"href":"https:\/\/www.europesays.com\/fr\/wp-json\/wp\/v2\/categories?post=325233"},{"taxonomy":"post_tag","embeddable":true,"href":"https:\/\/www.europesays.com\/fr\/wp-json\/wp\/v2\/tags?post=325233"}],"curies":[{"name":"wp","href":"https:\/\/api.w.org\/{rel}","templated":true}]}}