{"id":325235,"date":"2025-08-17T16:42:09","date_gmt":"2025-08-17T16:42:09","guid":{"rendered":"https:\/\/www.europesays.com\/fr\/325235\/"},"modified":"2025-08-17T16:42:09","modified_gmt":"2025-08-17T16:42:09","slug":"les-traitres-qui-sont-les-16-celebrites-de-la-saison-5","status":"publish","type":"post","link":"https:\/\/www.europesays.com\/fr\/325235\/","title":{"rendered":"\u00ab\u00a0Les Tra\u00eetres\u00a0\u00bb : Qui sont les 16 c\u00e9l\u00e9brit\u00e9s de la saison 5 ?"},"content":{"rendered":"<p>La suite apr\u00e8s la publicit\u00e9<\/p>\n<p>Le 9 mai dernier, <a href=\"https:\/\/www.ozap.com\/actu\/jai-besoin-de-misoler-car-jai-honte-adil-rami-fond-en-larmes-et-quitte-la-table-ronde-de-la-finale-des-traitres-sur-m6\/649854\" rel=\"nofollow noopener\" target=\"_blank\">Adil Rami a fondu en larmes en remportant la saison 4 des \u00ab\u00a0Tra\u00eetres\u00a0\u00bb sur M6<\/a>. \u00ab\u00a0J&rsquo;ai besoin de m&rsquo;isoler, parce que j&rsquo;ai honte. Je ressens de la culpabilit\u00e9. J&rsquo;ai jou\u00e9 avec les sentimens des gens. Je m&rsquo;en veux, mais je suis loyal avec Eric Antoine, le ma\u00eetre du jeu\u00a0\u00bb, a r\u00e9agi le footballeur apr\u00e8s sa victoire. <a href=\"https:\/\/www.ozap.com\/actu\/sophie-tapie-les-traitres-sur-m6-adil-rami-a-partage-les-44000-euros-de-la-cagnotte-avec-moi\/649857\" rel=\"nofollow noopener\" target=\"_blank\">Ce dernier a tenu \u00e0 partager les 44.000 euros de la cagnotte avec sa coll\u00e8gue traitre, Sophie Tapie<\/a>. \u00ab\u00a0On l&rsquo;avait d\u00e9cid\u00e9 en amont. On avait toujours dit que si on voyait qu&rsquo;on n&rsquo;y arriverait pas tous les deux, on mettrait en place une strat\u00e9gie pour envoyer l&rsquo;un ou l&rsquo;autre au bout et que si on y arrivait, on partagerait bien \u00e9videmment les gains\u00a0\u00bb, a-t-elle confi\u00e9 dans une interview accord\u00e9e \u00e0 <strong>Purem\u00e9dias<\/strong>.<\/p>\n<p>Un casting aussi surprenant qu&rsquo;all\u00e9chant<\/p>\n<p>Seulement 4 mois apr\u00e8s la fin de la saison 4, M6 lance la saison 5 d\u00e8s le mardi 2 septembre \u00e0 21h10. Pour cette nouvelle \u00e9dition, <a href=\"https:\/\/www.ozap.com\/personnalite\/eric-antoine_e124553\" rel=\"nofollow noopener\" target=\"_blank\">Eric Antoine<\/a> va recevoir 16 candidats dans le ch\u00e2teau n\u00e9ogothique de Bournel, dans le Doubs. Les t\u00e9l\u00e9spectateurs d\u00e9couvrront Marl\u00e8ne Schiappa (ancienne secr\u00e9taire d&rsquo;\u00c9tat) et sa meilleure-amie Ana\u00efs Lunet. Anne-Elisabeth Blateau (\u00ab\u00a0Sc\u00e8nes de m\u00e9nages\u00a0\u00bb), Fabienne Carat (\u00ab\u00a0Plus belle la vie\u00a0\u00bb), Th\u00e9o Fernandez (\u00ab\u00a0Les Tuche\u00a0\u00bb), Helena Noguerra (\u00ab\u00a0Nouveau Jour\u00a0\u00bb), Christine Bravo, Tania Dutel (Jamel Comedy Club), le streameur Doigby, l&rsquo;influenceur Marcus, le chanteur Yanns (\u00ab\u00a0Clic clic pan pan\u00a0\u00bb), la chanteuse et com\u00e9dienne Lou, Camille Cerf (Miss France 2015), le mentaliste Fabien Olicard, l&rsquo;\u00e9crivain Olivier Bal (auteur de \u00ab\u00a0Les Limbes\u00a0\u00bb), et enfin Raymond Domenech (ex-s\u00e9lectionneur de l&rsquo;\u00e9quipe de France). Vous pouvez d\u00e9couvrir tous leurs protraits dans le diaporama en haut de l&rsquo;article.<\/p>\n<p>Eric Antoine va faire une pause t\u00e9l\u00e9visuelle en 2026<\/p>\n<p>Toujours \u00e0 la t\u00eate de l&rsquo;\u00e9mission, Eric Antoine a eu une ann\u00e9e 2025 particuli\u00e8rement charg\u00e9e. Entre ses deux saisons des \u00ab\u00a0Tra\u00eetres\u00a0\u00bb, \u00ab\u00a0La Roue de la Fortune\u00a0\u00bb, \u00ab\u00a0Le Juste Prix\u00a0\u00bb, \u00ab\u00a099 \u00e0 battre\u00a0\u00bb ou en encore \u00ab\u00a0Lego Masters\u00a0\u00bb, l&rsquo;animateur et humoriste n&rsquo;a pas ch\u00f4m\u00e9. D&rsquo;ailleurs, lors de la conf\u00e9rence de presse de \u00ab\u00a0Lego Masters\u00a0\u00bb, \u00e0 laquelle <strong>Purem\u00e9dias<\/strong> a assist\u00e9, <a href=\"https:\/\/www.ozap.com\/actu\/je-vais-faire-moins-demissions-lannee-prochaine-eric-antoine-va-faire-une-pause-dans-sa-carriere-tele-en-2026\/650414\" rel=\"nofollow noopener\" target=\"_blank\">il a annonc\u00e9 qu&rsquo;il serait prochainement moins pr\u00e9sent \u00e0 la t\u00e9l\u00e9<\/a>.<\/p>\n<p>\u00ab\u00a0Je suis toujours demandeur d&rsquo;autres projets parce que je suis c\u00e2bl\u00e9 comme \u00e7a mais j&rsquo;ai tr\u00e8s envie de th\u00e9\u00e2tre. Donc je sais que l&rsquo;ann\u00e9e prochaine, je serai au th\u00e9\u00e2tre pendant deux mois et demi. J&rsquo;aurais un mois et demi de r\u00e9p\u00e9tition et un mois de th\u00e9\u00e2tre \u00e0 Paris au mois de juin 2026. Suite \u00e0 quoi, je ferai une captation de ce spectacle. Donc, je ne pourrai pas tourner pendant deux mois et demi. \u00c7a veut dire que je vais faire moins d&rsquo;\u00e9missions l&rsquo;ann\u00e9e prochaine. Parce que cette saison, je n&rsquo;ai pas arr\u00eat\u00e9 de tourner. J&rsquo;ai tourn\u00e9 plus de 350 \u00e9missions\u00a0\u00bb, a-t-il expliqu\u00e9, avant d&rsquo;ajouter : \u00ab\u00a0Ma vie, c&rsquo;est le th\u00e9\u00e2tre, c&rsquo;est la sc\u00e8ne. J&rsquo;ai trois spectacles d&rsquo;avance pour tout vous dire. J&rsquo;ai \u00e9crit trois spectacles. L\u00e0, il y en aura un l&rsquo;ann\u00e9e prochaine. Les deux autres, je vais sans doute les jouer en m\u00eame temps, peut-\u00eatre dans deux ou trois ans. Pour \u00e7a, on verra comment je m&rsquo;organise entre la t\u00e9l\u00e9vision et la sc\u00e8ne, mais je suis tr\u00e8s content\u00a0\u00bb.<\/p>\n","protected":false},"excerpt":{"rendered":"La suite apr\u00e8s la publicit\u00e9 Le 9 mai dernier, Adil Rami a fondu en larmes en remportant la&hellip;\n","protected":false},"author":2,"featured_media":325236,"comment_status":"","ping_status":"","sticky":false,"template":"","format":"standard","meta":{"footnotes":""},"categories":[1356],"tags":[58,59,1011,27,252,1364],"class_list":{"0":"post-325235","1":"post","2":"type-post","3":"status-publish","4":"format-standard","5":"has-post-thumbnail","7":"category-television","8":"tag-divertissement","9":"tag-entertainment","10":"tag-fr","11":"tag-france","12":"tag-television","13":"tag-tv"},"share_on_mastodon":{"url":"https:\/\/pubeurope.com\/@fr\/115045108550836094","error":""},"_links":{"self":[{"href":"https:\/\/www.europesays.com\/fr\/wp-json\/wp\/v2\/posts\/325235","targetHints":{"allow":["GET"]}}],"collection":[{"href":"https:\/\/www.europesays.com\/fr\/wp-json\/wp\/v2\/posts"}],"about":[{"href":"https:\/\/www.europesays.com\/fr\/wp-json\/wp\/v2\/types\/post"}],"author":[{"embeddable":true,"href":"https:\/\/www.europesays.com\/fr\/wp-json\/wp\/v2\/users\/2"}],"replies":[{"embeddable":true,"href":"https:\/\/www.europesays.com\/fr\/wp-json\/wp\/v2\/comments?post=325235"}],"version-history":[{"count":0,"href":"https:\/\/www.europesays.com\/fr\/wp-json\/wp\/v2\/posts\/325235\/revisions"}],"wp:featuredmedia":[{"embeddable":true,"href":"https:\/\/www.europesays.com\/fr\/wp-json\/wp\/v2\/media\/325236"}],"wp:attachment":[{"href":"https:\/\/www.europesays.com\/fr\/wp-json\/wp\/v2\/media?parent=325235"}],"wp:term":[{"taxonomy":"category","embeddable":true,"href":"https:\/\/www.europesays.com\/fr\/wp-json\/wp\/v2\/categories?post=325235"},{"taxonomy":"post_tag","embeddable":true,"href":"https:\/\/www.europesays.com\/fr\/wp-json\/wp\/v2\/tags?post=325235"}],"curies":[{"name":"wp","href":"https:\/\/api.w.org\/{rel}","templated":true}]}}