{"id":325237,"date":"2025-08-17T16:43:22","date_gmt":"2025-08-17T16:43:22","guid":{"rendered":"https:\/\/www.europesays.com\/fr\/325237\/"},"modified":"2025-08-17T16:43:22","modified_gmt":"2025-08-17T16:43:22","slug":"sheila-frole-le-drame-sur-scene-le-jour-de-ses-80-ans","status":"publish","type":"post","link":"https:\/\/www.europesays.com\/fr\/325237\/","title":{"rendered":"Sheila fr\u00f4le le drame sur sc\u00e8ne le jour de ses 80 ans"},"content":{"rendered":"<p>Sheila est tr\u00e8s loin de penser \u00e0 la retraite. Le samedi 16 ao\u00fbt, celle qui d\u00e9borde toujours d&rsquo;\u00e9nergie s&rsquo;est produite sur la sc\u00e8ne du festival de Prades, dans les Pyr\u00e9n\u00e9es-Orientales, \u00e0 l&rsquo;occasion de son 80\u1d49 anniversaire. Si la chanteuse a une fois de plus \u00e9pat\u00e9 ses fans, elle a pourtant failli ne pas se produire lors de l&rsquo;\u00e9v\u00e9nement et a r\u00e9v\u00e9l\u00e9 qu&rsquo;une \u00ab\u00a0catastrophe \u00e9pouvantable a \u00e9t\u00e9 \u00e9vit\u00e9e de justesse\u00a0\u00bb.<\/p>\n<p>L&rsquo;heure de la retraite n&rsquo;a pas encore sonn\u00e9 pour Sheila. Quatre ans apr\u00e8s Venue d&rsquo;ailleurs, la chanteuse a sign\u00e9 son grand retour dans les bacs avec <a href=\"https:\/\/www.programme-tv.net\/news\/musique\/358795-et-voila-nous-y-sommes-cette-grande-annonce-de-sheila-qui-va-mettre-ses-fans-dans-tous-leurs-etats\/\" data-api-deeplink=\"teleloisirs:\/\/news\/358795\" target=\"_blank\" rel=\"noopener\">son 28\u1d49 album intitul\u00e9 \u00c0 l&rsquo;avenir<\/a>. En plus de ce nouvel opus, <a href=\"https:\/\/www.programme-tv.net\/news\/people\/311225-jetais-cocue-trompee-tout-le-monde-savait-sauf-moi-sheila-revient-sur-son-mariage-houleux-avec-ringo\/\" data-api-deeplink=\"teleloisirs:\/\/news\/311225\" target=\"_blank\" rel=\"noopener\">l&rsquo;ex-femme de Ringo<\/a> s&rsquo;appr\u00eate \u00e0 repartir sur les routes avec une tourn\u00e9e o\u00f9 elle revisitera les morceaux de son immense r\u00e9pertoire comme Spacer, Patrick mon ch\u00e9ri, L&rsquo;\u00e9cole est finie ou encore Bang Bang. Avant m\u00eame que la s\u00e9rie de concerts ne d\u00e9marre le 14 septembre prochain \u00e0 la Cit\u00e9 des Congr\u00e8s \u00e0 Nantes, Annie Chancel, de son vrai nom, a fait plaisir \u00e0 ses fans en performant sur la sc\u00e8ne du festival de Prades, dans les Pyr\u00e9n\u00e9es-Orientales, ce samedi 16 ao\u00fbt 2025. Mais cette repr\u00e9sentation a bien failli ne pas avoir lieu.<\/p>\n<p><b>\u00ab\u00a0<\/b><b>Les fils fondent, la console implose\u00a0\u00bb : <\/b><b>Sheila monte sur sc\u00e8ne dans des conditions extr\u00eames \u00e0 80 ans<\/b><\/p>\n<p>La journ\u00e9e du 16 ao\u00fbt aurait pu virer \u00e0 la catastrophe pour Sheila. Et pour cause, les tr\u00e8s fortes chaleurs ont failli mettre \u00e0 mal le concert que la chanteuse souhaitait offrir \u00e0 ses admirateurs pour son 80\u1d49 anniversaire. \u00ab\u00a0<b>46 degr\u00e9s, 40 degr\u00e9s sur sc\u00e8ne, une catastrophe \u00e9pouvantable a \u00e9t\u00e9 \u00e9vit\u00e9e de justesse. Les fils fondent, la console implose, mais normalement, on devrait pouvoir le faire<\/b>\u00ab\u00a0, a-t-elle \u00e9crit en l\u00e9gende de trois vid\u00e9os prises durant les r\u00e9p\u00e9titions pour le festival de Prades. Heureusement pour les fans, <a href=\"https:\/\/www.programme-tv.net\/news\/people\/382893-rien-ne-brille-plus-comme-avant-sheila-partage-un-triste-message-pour-les-huit-ans-de-la-mort-de-son-fils-ludovic-chancel\/\" data-api-deeplink=\"teleloisirs:\/\/news\/382893\" target=\"_blank\" rel=\"noopener\">celle qui a perdu son fils unique<\/a> a tout donn\u00e9 sur sc\u00e8ne, avant de souffler ses bougies avec ses proches, dont son manager Ludovic Barnouin.<\/p>\n<p>                        <b>Sheila n&rsquo;est pas encore pr\u00eate \u00e0 prendre sa retraite<\/b><\/p>\n<p>Sheila a pass\u00e9 sa vie sur la sc\u00e8ne et ce n&rsquo;est pas pr\u00e8s de s&rsquo;arr\u00eater de sit\u00f4t. Comme elle l&rsquo;avait expliqu\u00e9 sur le plateau de Quotidien en mars dernier, la retraite n&rsquo;est pas pour elle. \u00ab\u00a0J&rsquo;ai d\u00e9cid\u00e9 de ne pas m&rsquo;arr\u00eater tout de suite puisque je peux continuer. Je continue encore un petit peu. Juste parce que \u00e7a me fait plaisir, \u00e7a me fait du bien, j&rsquo;adore ce que je fais. Je m&rsquo;arr\u00eaterai le jour o\u00f9 je ne pourrai plus, que je serai un peu tordue. Pour le moment, je suis droite donc je continue\u00a0\u00bb.<\/p>\n<blockquote class=\"instagram-media\" data-instgrm-captioned=\"\" data-instgrm-permalink=\"https:\/\/www.instagram.com\/p\/DNa04ORM6AU\/?utm_source=ig_embed&amp;utm_campaign=loading\" data-instgrm-version=\"14\" style=\" background:#FFF; border:0; border-radius:3px; box-shadow:0 0 1px 0 rgba(0,0,0,0.5),0 1px 10px 0 rgba(0,0,0,0.15); margin: 1px; max-width:658px; min-width:326px; padding:0; width:99.375%; width:-webkit-calc(100% - 2px); width:calc(100% - 2px);\"\/>\n<p>Article \u00e9crit en collaboration avec 6M\u00e9dias<\/p>\n<p>        <script async src=\"\/\/www.instagram.com\/embed.js\"><\/script><\/p>\n","protected":false},"excerpt":{"rendered":"Sheila est tr\u00e8s loin de penser \u00e0 la retraite. Le samedi 16 ao\u00fbt, celle qui d\u00e9borde toujours d&rsquo;\u00e9nergie&hellip;\n","protected":false},"author":2,"featured_media":325238,"comment_status":"","ping_status":"","sticky":false,"template":"","format":"standard","meta":{"footnotes":""},"categories":[1355],"tags":[244,1697,58,59,1011,27,1361,873,10830,1630],"class_list":{"0":"post-325237","1":"post","2":"type-post","3":"status-publish","4":"format-standard","5":"has-post-thumbnail","7":"category-musique","8":"tag-commentaire","9":"tag-concert","10":"tag-divertissement","11":"tag-entertainment","12":"tag-fr","13":"tag-france","14":"tag-music","15":"tag-musique","16":"tag-sheila","17":"tag-zapping"},"share_on_mastodon":{"url":"https:\/\/pubeurope.com\/@fr\/115045112619579986","error":""},"_links":{"self":[{"href":"https:\/\/www.europesays.com\/fr\/wp-json\/wp\/v2\/posts\/325237","targetHints":{"allow":["GET"]}}],"collection":[{"href":"https:\/\/www.europesays.com\/fr\/wp-json\/wp\/v2\/posts"}],"about":[{"href":"https:\/\/www.europesays.com\/fr\/wp-json\/wp\/v2\/types\/post"}],"author":[{"embeddable":true,"href":"https:\/\/www.europesays.com\/fr\/wp-json\/wp\/v2\/users\/2"}],"replies":[{"embeddable":true,"href":"https:\/\/www.europesays.com\/fr\/wp-json\/wp\/v2\/comments?post=325237"}],"version-history":[{"count":0,"href":"https:\/\/www.europesays.com\/fr\/wp-json\/wp\/v2\/posts\/325237\/revisions"}],"wp:featuredmedia":[{"embeddable":true,"href":"https:\/\/www.europesays.com\/fr\/wp-json\/wp\/v2\/media\/325238"}],"wp:attachment":[{"href":"https:\/\/www.europesays.com\/fr\/wp-json\/wp\/v2\/media?parent=325237"}],"wp:term":[{"taxonomy":"category","embeddable":true,"href":"https:\/\/www.europesays.com\/fr\/wp-json\/wp\/v2\/categories?post=325237"},{"taxonomy":"post_tag","embeddable":true,"href":"https:\/\/www.europesays.com\/fr\/wp-json\/wp\/v2\/tags?post=325237"}],"curies":[{"name":"wp","href":"https:\/\/api.w.org\/{rel}","templated":true}]}}