{"id":325241,"date":"2025-08-17T16:45:10","date_gmt":"2025-08-17T16:45:10","guid":{"rendered":"https:\/\/www.europesays.com\/fr\/325241\/"},"modified":"2025-08-17T16:45:10","modified_gmt":"2025-08-17T16:45:10","slug":"le-macaron-s-pour-seniors-discrimination-ou-securite-une-mesure-qui-divise-lopinion-publique-francaise","status":"publish","type":"post","link":"https:\/\/www.europesays.com\/fr\/325241\/","title":{"rendered":"Le macaron \u00ab S \u00bb pour seniors : \u00ab Discrimination ou s\u00e9curit\u00e9 ? \u00bb Une mesure qui divise l\u2019opinion publique fran\u00e7aise"},"content":{"rendered":"<tr>\n<td><strong>EN BREF<\/strong><\/td>\n<\/tr>\n<tr>\n<td>\n<ul>\n<li>\ud83d\ude97 Le macaron \u00ab\u00a0S\u00a0\u00bb est con\u00e7u pour identifier les <strong>conducteurs seniors<\/strong> et promouvoir leur s\u00e9curit\u00e9 sur la route.<\/li>\n<li>\u2696\ufe0f Bien que consid\u00e9r\u00e9 comme un acte de <strong>bienveillance<\/strong>, certains craignent qu\u2019il ne stigmatise les personnes \u00e2g\u00e9es.<\/li>\n<li>\ud83d\udcdc Aucune obligation l\u00e9gale n\u2019est pr\u00e9vue pour imposer ce macaron aux <strong>conducteurs \u00e2g\u00e9s<\/strong>.<\/li>\n<li>\ud83d\udd0d La question reste pos\u00e9e : comment concilier <strong>s\u00e9curit\u00e9<\/strong> et respect de l\u2019autonomie des s\u00e9niors ?<\/li>\n<\/ul>\n<\/td>\n<\/tr>\n<p>Le d\u00e9bat autour de l\u2019instauration du macaron \u00ab\u00a0S\u00a0\u00bb pour signaler les conducteurs seniors est en pleine effervescence. Destin\u00e9 \u00e0 la fois \u00e0 prot\u00e9ger cette population et \u00e0 informer les autres usagers, ce dispositif suscite autant de soutien que de critiques. Les enjeux de s\u00e9curit\u00e9 routi\u00e8re et de respect des personnes \u00e2g\u00e9es s\u2019entrem\u00ealent ici, posant la question des r\u00e9elles intentions et cons\u00e9quences de cette initiative. Alors que certains y voient un outil de pr\u00e9vention, d\u2019autres redoutent une stigmatisation potentielle. Quelle est donc la v\u00e9ritable port\u00e9e de ce macaron \u00ab\u00a0S\u00a0\u00bb sur nos routes ?<\/p>\n<p>Le macaron \u00ab\u00a0S\u00a0\u00bb : une marque de respect ou de stigmatisation ?<\/p>\n<p>Le macaron \u00ab\u00a0S\u00a0\u00bb, propos\u00e9 par l\u2019association Signal Senior, pr\u00e9sid\u00e9e par Gilles Renard, se veut avant tout un acte de <strong>bienveillance<\/strong>. Il vise \u00e0 informer les autres usagers de la pr\u00e9sence \u00e9ventuelle d\u2019un conducteur \u00e2g\u00e9, notamment pour inciter \u00e0 plus de patience et de prudence. Ce signe distinctif pourrait ainsi offrir une certaine s\u00e9curit\u00e9 aux s\u00e9niors, qui, malgr\u00e9 leur exp\u00e9rience, ne sont pas \u00e0 l\u2019abri de certaines vuln\u00e9rabilit\u00e9s li\u00e9es \u00e0 l\u2019\u00e2ge.<\/p>\n<p>Cependant, cette initiative ne fait pas l\u2019unanimit\u00e9. Certains critiques craignent que ce symbole ne contribue \u00e0 la stigmatisation des personnes \u00e2g\u00e9es, en les d\u00e9signant comme moins aptes \u00e0 conduire. Cette perception pourrait entra\u00eener des comportements discriminatoires sur la route. Le d\u00e9bat r\u00e9v\u00e8le ainsi une soci\u00e9t\u00e9 divis\u00e9e entre n\u00e9cessit\u00e9 de protection et respect de la dignit\u00e9 des s\u00e9niors.<\/p>\n<blockquote class=\"wp-embedded-content\" data-secret=\"5YhdSZbElw\">\n<p><a href=\"https:\/\/newsly.fr\/2025\/07\/23\/cette-reforme-bouleverse-tout-pension-de-reversion-2026-ce-que-chaque-retraite-doit-imperativement-connaitre-des-maintenant\/\" rel=\"nofollow noopener\" target=\"_blank\">\u00ab Cette r\u00e9forme bouleverse tout \u00bb : pension de r\u00e9version 2026, ce que chaque retrait\u00e9 doit imp\u00e9rativement conna\u00eetre d\u00e8s maintenant<\/a><\/p>\n<\/blockquote>\n<p>L\u2019obligation l\u00e9gale : un sc\u00e9nario peu probable<\/p>\n<p>Les discussions autour de l\u2019\u00e9ventualit\u00e9 de rendre le macaron \u00ab\u00a0S\u00a0\u00bb obligatoire soul\u00e8vent de nombreuses interrogations. \u00c0 ce jour, aucune l\u00e9gislation n\u2019est envisag\u00e9e pour imposer ce signe sur les v\u00e9hicules des conducteurs \u00e2g\u00e9s. La <strong>S\u00e9curit\u00e9 Routi\u00e8re<\/strong> a clairement indiqu\u00e9 qu\u2019il n\u2019y a pas de projet en ce sens, laissant ainsi la d\u00e9cision aux personnes concern\u00e9es.<\/p>\n<p>Gilles Renard, qui soutient cette initiative, esp\u00e8re qu\u2019elle ne deviendra jamais une obligation l\u00e9gale. L\u2019objectif est de respecter la libert\u00e9 des s\u00e9niors de signaler ou non leur \u00e2ge avanc\u00e9. Ce choix personnel pourrait ainsi pr\u00e9server leur autonomie tout en promouvant la s\u00e9curit\u00e9. Ce sc\u00e9nario rassurant permet d\u2019\u00e9viter toute contrainte suppl\u00e9mentaire sur une population d\u00e9j\u00e0 sensible aux questions de mobilit\u00e9.<\/p>\n<blockquote class=\"wp-embedded-content\" data-secret=\"v0tdpyriCF\">\n<p><a href=\"https:\/\/newsly.fr\/2025\/07\/08\/elle-peut-frapper-pendant-votre-sommeil-ces-araignees-redoutees-capables-de-vous-piquer-dans-votre-lit-sement-la-panique-et-inquietent-les-medecins\/\" rel=\"nofollow noopener\" target=\"_blank\">\u00ab Elle peut frapper pendant votre sommeil \u00bb : ces araign\u00e9es redout\u00e9es capables de vous piquer dans votre lit s\u00e8ment la panique et inqui\u00e8tent les m\u00e9decins<\/a><\/p>\n<\/blockquote>\n<p>Un outil de pr\u00e9vention ou une source de discrimination ?<\/p>\n<p>Les statistiques r\u00e9v\u00e8lent que les s\u00e9niors sont moins souvent \u00e0 l\u2019origine d\u2019accidents, mais qu\u2019ils subissent plus fr\u00e9quemment des blessures graves lorsqu\u2019ils sont impliqu\u00e9s. L\u2019id\u00e9e de Gilles Renard est d\u2019encourager les compagnies d\u2019assurances \u00e0 offrir gratuitement ce macaron \u00e0 leurs clients \u00e2g\u00e9s, dans une d\u00e9marche de pr\u00e9vention.<\/p>\n<p>Cependant, ce symbole pourrait aussi \u00eatre per\u00e7u comme un outil de <strong>discrimination<\/strong>. Certains craignent qu\u2019il ne devienne un pr\u00e9texte pour marginaliser les conducteurs \u00e2g\u00e9s, en insinuant qu\u2019ils repr\u00e9sentent un danger potentiel. Les b\u00e9n\u00e9fices r\u00e9els de cette initiative sont donc sujets \u00e0 d\u00e9bat. Des mesures compl\u00e9mentaires, comme des formations de conduite adapt\u00e9es ou des contr\u00f4les m\u00e9dicaux r\u00e9guliers, pourraient renforcer la s\u00e9curit\u00e9 sans stigmatiser.<\/p>\n<blockquote class=\"wp-embedded-content\" data-secret=\"hOtxF6pDS0\">\n<p><a href=\"https:\/\/newsly.fr\/2025\/03\/16\/les-stars-de-tiktok-et-instagram-boostent-leur-influence-avec-cette-technique-acheter-des-fans-com-la-methode-qui-cartonne\/\" rel=\"nofollow noopener\" target=\"_blank\">\u00ab\u00a0Les stars de TikTok et Instagram boostent leur influence avec cette technique\u00a0\u00bb : Acheter-des-Fans.com, la m\u00e9thode qui cartonne<\/a><\/p>\n<\/blockquote>\n<tr>\nNom<br \/>\nR\u00e9sum\u00e9<br \/>\n<\/tr>\n<tr>\n<td>Respect<\/td>\n<td>Le macaron \u00ab\u00a0S\u00a0\u00bb est un acte de bienveillance<\/td>\n<\/tr>\n<tr>\n<td>Stigmatisation<\/td>\n<td>Certains voient le macaron comme une stigmatisation<\/td>\n<\/tr>\n<tr>\n<td>L\u00e9gal<\/td>\n<td>Le macaron ne sera pas rendu obligatoire<\/td>\n<\/tr>\n<p>Les perspectives d\u2019avenir pour la s\u00e9curit\u00e9 des s\u00e9niors<\/p>\n<p>La s\u00e9curit\u00e9 des s\u00e9niors au volant est une pr\u00e9occupation croissante qui n\u00e9cessite des solutions adapt\u00e9es. Le macaron \u00ab\u00a0S\u00a0\u00bb pourrait \u00eatre une des nombreuses mesures envisag\u00e9es pour r\u00e9pondre \u00e0 cette probl\u00e9matique. Les d\u00e9bats actuels mettent en lumi\u00e8re la n\u00e9cessit\u00e9 de trouver un \u00e9quilibre entre protection et respect de l\u2019autonomie des personnes \u00e2g\u00e9es.<\/p>\n<p>Il est crucial de consid\u00e9rer l\u2019ensemble des options disponibles pour am\u00e9liorer la s\u00e9curit\u00e9 routi\u00e8re. Des initiatives comme des formations sp\u00e9cialis\u00e9es ou des am\u00e9nagements sp\u00e9cifiques sur la route pourraient compl\u00e9ter l\u2019efficacit\u00e9 du macaron \u00ab\u00a0S\u00a0\u00bb. Cependant, la question demeure : comment concilier la s\u00e9curit\u00e9 des s\u00e9niors avec leur libert\u00e9 de conduite sans les stigmatiser davantage ?<\/p>\n<p>Alors que les discussions autour du macaron \u00ab\u00a0S\u00a0\u00bb se poursuivent, il est essentiel de prendre en compte les avis des s\u00e9niors eux-m\u00eames. Leur exp\u00e9rience et leurs besoins doivent \u00eatre au c\u0153ur des d\u00e9cisions prises en mati\u00e8re de s\u00e9curit\u00e9 routi\u00e8re. Quelle mesure vous semble la plus adapt\u00e9e pour garantir leur s\u00e9curit\u00e9 tout en respectant leur autonomie ?<\/p>\n<p>Cet article s\u2019appuie sur des sources v\u00e9rifi\u00e9es et l\u2019assistance de technologies \u00e9ditoriales.<\/p>\n<p id=\"rating\">\u00c7a vous a plu ?\u00a04.7\/5 (23)<\/p>\n","protected":false},"excerpt":{"rendered":"EN BREF \ud83d\ude97 Le macaron \u00ab\u00a0S\u00a0\u00bb est con\u00e7u pour identifier les conducteurs seniors et promouvoir leur s\u00e9curit\u00e9 sur&hellip;\n","protected":false},"author":2,"featured_media":325242,"comment_status":"","ping_status":"","sticky":false,"template":"","format":"standard","meta":{"footnotes":""},"categories":[10],"tags":[1011,27,72,71],"class_list":{"0":"post-325241","1":"post","2":"type-post","3":"status-publish","4":"format-standard","5":"has-post-thumbnail","7":"category-sante","8":"tag-fr","9":"tag-france","10":"tag-health","11":"tag-sante"},"share_on_mastodon":{"url":"https:\/\/pubeurope.com\/@fr\/115045120379584262","error":""},"_links":{"self":[{"href":"https:\/\/www.europesays.com\/fr\/wp-json\/wp\/v2\/posts\/325241","targetHints":{"allow":["GET"]}}],"collection":[{"href":"https:\/\/www.europesays.com\/fr\/wp-json\/wp\/v2\/posts"}],"about":[{"href":"https:\/\/www.europesays.com\/fr\/wp-json\/wp\/v2\/types\/post"}],"author":[{"embeddable":true,"href":"https:\/\/www.europesays.com\/fr\/wp-json\/wp\/v2\/users\/2"}],"replies":[{"embeddable":true,"href":"https:\/\/www.europesays.com\/fr\/wp-json\/wp\/v2\/comments?post=325241"}],"version-history":[{"count":0,"href":"https:\/\/www.europesays.com\/fr\/wp-json\/wp\/v2\/posts\/325241\/revisions"}],"wp:featuredmedia":[{"embeddable":true,"href":"https:\/\/www.europesays.com\/fr\/wp-json\/wp\/v2\/media\/325242"}],"wp:attachment":[{"href":"https:\/\/www.europesays.com\/fr\/wp-json\/wp\/v2\/media?parent=325241"}],"wp:term":[{"taxonomy":"category","embeddable":true,"href":"https:\/\/www.europesays.com\/fr\/wp-json\/wp\/v2\/categories?post=325241"},{"taxonomy":"post_tag","embeddable":true,"href":"https:\/\/www.europesays.com\/fr\/wp-json\/wp\/v2\/tags?post=325241"}],"curies":[{"name":"wp","href":"https:\/\/api.w.org\/{rel}","templated":true}]}}