{"id":325258,"date":"2025-08-17T16:53:31","date_gmt":"2025-08-17T16:53:31","guid":{"rendered":"https:\/\/www.europesays.com\/fr\/325258\/"},"modified":"2025-08-17T16:53:31","modified_gmt":"2025-08-17T16:53:31","slug":"le-comite-olympique-de-la-loire-fustige-le-budget-des-sports-et-lance-une-petition","status":"publish","type":"post","link":"https:\/\/www.europesays.com\/fr\/325258\/","title":{"rendered":"le comit\u00e9 olympique de la Loire fustige le budget des Sports et lance une p\u00e9tition"},"content":{"rendered":"<p>Un an apr\u00e8s la fin des Jeux olympiques de Paris, la col\u00e8re gronde dans le monde sportif lig\u00e9rien. Ce mardi 12\u00a0ao\u00fbt, les \u00e9lus du comit\u00e9 d\u00e9partemental olympique et sportif de la Loire (CDOSL) ont <a href=\"https:\/\/www.change.org\/p\/halte-au-saccage-du-budget-sport?recruiter=1381092833&amp;recruited_by_id=8ac83ef0-7755-11f0-9917-edae9a1d73d2&amp;utm_source=share_petition&amp;utm_campaign=share_petition&amp;utm_term=petition_dashboard_share_modal&amp;utm_medium=email\" target=\"_blank\" rel=\"noopener\">mis en ligne une p\u00e9tition demandant \u00ab\u00a0Halte au saccage du budget sport\u00a0\u00bb<\/a>.<\/p>\n<p>Alors que \u00ab\u00a0les JOP de Paris 2024 devaient nous amener \u00e0 surfer sur la r\u00e9ussite et rendre la France plus sportive, le mouvement sportif se trouve devant une difficult\u00e9 de grande importance puisque le gouvernement a choisi de r\u00e9duire, de fa\u00e7on drastique, les budgets des Sports\u00a0\u00bb, pose le texte sign\u00e9 par plus de 180 personnes ce vendredi en fin de journ\u00e9e.<\/p>\n<p>  \u00ab\u00a0Le plus petit budget de la Nation\u00a0\u00bb<\/p>\n<p>D\u00e9non\u00e7ant des \u00ab\u00a0belles paroles politiques sur l\u2019h\u00e9ritage des Jeux\u00a0\u00bb, les repr\u00e9sentants du CDOSL pointent surtout le fait que la France a \u00ab\u00a0d\u00e9j\u00e0 le plus petit budget de la Nation (0,1\u00a0% alors qu\u2019il devrait \u00eatre, au minimum, de 1\u00a0%) et le gouvernement veut, en 2026, ponctionner le monde sportif de 300\u00a0M\u20ac apr\u00e8s la baisse des financements 2025. Cela devient insupportable et critique pour nos comit\u00e9s et nos clubs.\u00a0\u00bb<\/p>\n<p>S\u2019interrogeant sur le fait que le sport puisse rester accessible \u00e0 tous les publics avec une telle baisse, la p\u00e9tition rel\u00e8ve \u00e9galement \u00ab\u00a0qu\u2019un euro investi sport permet \u00e0 l\u2019\u00c9tat d\u2019\u00e9conomiser 13\u00a0euros de d\u00e9penses\u00a0\u00bb. Lan\u00e7ant un appel \u00e0 la mobilisation, les \u00e9lus refusent \u00ab\u00a0de participer \u00e0 ce g\u00e2chis sportif, de laisser faire ce d\u00e9mant\u00e8lement d\u2019un pan de la soci\u00e9t\u00e9 et de rester sans voix devant ces d\u00e9cisions financi\u00e8res.\u00a0\u00bb<\/p>\n","protected":false},"excerpt":{"rendered":"Un an apr\u00e8s la fin des Jeux olympiques de Paris, la col\u00e8re gronde dans le monde sportif lig\u00e9rien.&hellip;\n","protected":false},"author":2,"featured_media":325259,"comment_status":"","ping_status":"","sticky":false,"template":"","format":"standard","meta":{"footnotes":""},"categories":[9653],"tags":[1111,11,2430,7539,1777,674,1011,27,21244,28367,3367,12,25,4001,7538,517],"class_list":{"0":"post-325258","1":"post","2":"type-post","3":"status-publish","4":"format-standard","5":"has-post-thumbnail","7":"category-saint-etienne","8":"tag-actu","9":"tag-actualites","10":"tag-auvergne-rhone-alpes","11":"tag-edition-loire-sud","12":"tag-eu","13":"tag-europe","14":"tag-fr","15":"tag-france","16":"tag-jeux-olympiques-dete","17":"tag-jeux-paralympiques","18":"tag-loire","19":"tag-news","20":"tag-republique-francaise","21":"tag-saint-etienne","22":"tag-saint-etienne-ville","23":"tag-sport"},"share_on_mastodon":{"url":"https:\/\/pubeurope.com\/@fr\/115045151894660124","error":""},"_links":{"self":[{"href":"https:\/\/www.europesays.com\/fr\/wp-json\/wp\/v2\/posts\/325258","targetHints":{"allow":["GET"]}}],"collection":[{"href":"https:\/\/www.europesays.com\/fr\/wp-json\/wp\/v2\/posts"}],"about":[{"href":"https:\/\/www.europesays.com\/fr\/wp-json\/wp\/v2\/types\/post"}],"author":[{"embeddable":true,"href":"https:\/\/www.europesays.com\/fr\/wp-json\/wp\/v2\/users\/2"}],"replies":[{"embeddable":true,"href":"https:\/\/www.europesays.com\/fr\/wp-json\/wp\/v2\/comments?post=325258"}],"version-history":[{"count":0,"href":"https:\/\/www.europesays.com\/fr\/wp-json\/wp\/v2\/posts\/325258\/revisions"}],"wp:featuredmedia":[{"embeddable":true,"href":"https:\/\/www.europesays.com\/fr\/wp-json\/wp\/v2\/media\/325259"}],"wp:attachment":[{"href":"https:\/\/www.europesays.com\/fr\/wp-json\/wp\/v2\/media?parent=325258"}],"wp:term":[{"taxonomy":"category","embeddable":true,"href":"https:\/\/www.europesays.com\/fr\/wp-json\/wp\/v2\/categories?post=325258"},{"taxonomy":"post_tag","embeddable":true,"href":"https:\/\/www.europesays.com\/fr\/wp-json\/wp\/v2\/tags?post=325258"}],"curies":[{"name":"wp","href":"https:\/\/api.w.org\/{rel}","templated":true}]}}