{"id":325260,"date":"2025-08-17T16:54:33","date_gmt":"2025-08-17T16:54:33","guid":{"rendered":"https:\/\/www.europesays.com\/fr\/325260\/"},"modified":"2025-08-17T16:54:33","modified_gmt":"2025-08-17T16:54:33","slug":"football-mort-de-richard-tylinski-champion-de-france-avec-les-verts-sport","status":"publish","type":"post","link":"https:\/\/www.europesays.com\/fr\/325260\/","title":{"rendered":"Football. Mort de Richard Tylinski, champion de France avec les Verts . Sport"},"content":{"rendered":"<p>Champion de France avec l\u2019AS Saint-\u00c9tienne en 1957 et 1964, les premiers des dix titres des Verts, l\u2019ancien milieu international Richard Tylinski est d\u00e9c\u00e9d\u00e9 samedi \u00e0 l\u2019\u00e2ge de 87\u00a0ans, a annonc\u00e9 dimanche l\u2019ASSE. Tylinski a disput\u00e9 312\u00a0matches avec le club st\u00e9phanois (2\u00a0buts) entre 1953 et 1966, devenant champion de France \u00e0 deux reprises, les deux fois sous la direction de l\u2019entra\u00eeneur Jean Snella.<\/p>\n<p><strong>Lire aussi\u00a0:<\/strong>\u00a0<a href=\"https:\/\/www.ouest-france.fr\/sport\/football\/ligue-2\/direct-saint-etienne-rodez-les-verts-font-leur-retour-dans-le-chaudron-suivez-le-match-en-live-fd237017-9f7b-49df-87a1-bcfd64b280f2\" target=\"_self\" rel=\"noopener\">Ligue 2. Saint-\u00c9tienne d\u00e9croche facilement sa premi\u00e8re victoire de la saison face \u00e0 Rodez \u00e0 domicile<\/a><\/p>\n<p>\n                Nous avons bloqu\u00e9 l\u2019affichage de ce contenu pour respecter vos choix en mati\u00e8re de cookies.<br \/>En cliquant sur \u00abConsulter\u00bb, vous acceptez le d\u00e9p\u00f4t de cookies par des services de r\u00e9seaux sociaux tels que Twitter.<br \/>\n                Consulter\n            <\/p>\n<blockquote class=\"twitter-tweet\" wp_automatic_readability=\"16.205607476636\">\n<p lang=\"fr\" dir=\"ltr\">?? Vert pionnier, au large palmar\u00e8s, Richard Tylinski s&rsquo;est \u00e9teint ce samedi 16 ao\u00fbt, \u00e0 l&rsquo;\u00e2ge de 87 ans.<\/p>\n<p>\u00c0 sa famille, ses proches, ses amis, l&rsquo;AS Saint-\u00c9tienne, qui rappelle \u00e0 sa m\u00e9moire son fr\u00e8re Michel, pr\u00e9sente ses sinc\u00e8res et attrist\u00e9es condol\u00e9ances.<\/p>\n<p>\u2014 AS Saint-\u00c9tienne (@ASSEofficiel) <a href=\"https:\/\/twitter.com\/ASSEofficiel\/status\/1957001992078836116?ref_src=twsrc%5Etfw\" target=\"_blank\" rel=\"noopener\">August 17, 2025<\/a><\/p><\/blockquote>\n<p>Trois s\u00e9lections en \u00e9quipe de France<\/p>\n<p>Fils de mineur et dans un premier temps mineur lui-m\u00eame, il a \u00e9galement gagn\u00e9 la premi\u00e8re des six coupes de France remport\u00e9es par Saint-\u00c9tienne (1962) et un titre de champion de division 2 (1963).<\/p>\n<p>International chez les juniors, les militaires et les espoirs, il a connu trois s\u00e9lections en \u00e9quipe de France A entre 1957 et 1960.<\/p>\n<p>\u00a0<\/p>\n<p>\t\t<script async src=\"https:\/\/platform.twitter.com\/widgets.js\" charset=\"utf-8\"><\/script><\/p>\n","protected":false},"excerpt":{"rendered":"Champion de France avec l\u2019AS Saint-\u00c9tienne en 1957 et 1964, les premiers des dix titres des Verts, l\u2019ancien&hellip;\n","protected":false},"author":2,"featured_media":325261,"comment_status":"","ping_status":"","sticky":false,"template":"","format":"standard","meta":{"footnotes":""},"categories":[9653],"tags":[1111,11,1438,2063,2430,1777,674,1011,27,1922,1393,2487,12,1404,25,2923,4001,4251,853],"class_list":{"0":"post-325260","1":"post","2":"type-post","3":"status-publish","4":"format-standard","5":"has-post-thumbnail","7":"category-saint-etienne","8":"tag-actu","9":"tag-actualites","10":"tag-angers","11":"tag-annonces","12":"tag-auvergne-rhone-alpes","13":"tag-eu","14":"tag-europe","15":"tag-fr","16":"tag-france","17":"tag-info","18":"tag-loisirs","19":"tag-meteo","20":"tag-news","21":"tag-quotidien","22":"tag-republique-francaise","23":"tag-restaurants","24":"tag-saint-etienne","25":"tag-sortir","26":"tag-spectacles"},"share_on_mastodon":{"url":"https:\/\/pubeurope.com\/@fr\/115045155717985038","error":""},"_links":{"self":[{"href":"https:\/\/www.europesays.com\/fr\/wp-json\/wp\/v2\/posts\/325260","targetHints":{"allow":["GET"]}}],"collection":[{"href":"https:\/\/www.europesays.com\/fr\/wp-json\/wp\/v2\/posts"}],"about":[{"href":"https:\/\/www.europesays.com\/fr\/wp-json\/wp\/v2\/types\/post"}],"author":[{"embeddable":true,"href":"https:\/\/www.europesays.com\/fr\/wp-json\/wp\/v2\/users\/2"}],"replies":[{"embeddable":true,"href":"https:\/\/www.europesays.com\/fr\/wp-json\/wp\/v2\/comments?post=325260"}],"version-history":[{"count":0,"href":"https:\/\/www.europesays.com\/fr\/wp-json\/wp\/v2\/posts\/325260\/revisions"}],"wp:featuredmedia":[{"embeddable":true,"href":"https:\/\/www.europesays.com\/fr\/wp-json\/wp\/v2\/media\/325261"}],"wp:attachment":[{"href":"https:\/\/www.europesays.com\/fr\/wp-json\/wp\/v2\/media?parent=325260"}],"wp:term":[{"taxonomy":"category","embeddable":true,"href":"https:\/\/www.europesays.com\/fr\/wp-json\/wp\/v2\/categories?post=325260"},{"taxonomy":"post_tag","embeddable":true,"href":"https:\/\/www.europesays.com\/fr\/wp-json\/wp\/v2\/tags?post=325260"}],"curies":[{"name":"wp","href":"https:\/\/api.w.org\/{rel}","templated":true}]}}