{"id":325262,"date":"2025-08-17T16:55:22","date_gmt":"2025-08-17T16:55:22","guid":{"rendered":"https:\/\/www.europesays.com\/fr\/325262\/"},"modified":"2025-08-17T16:55:22","modified_gmt":"2025-08-17T16:55:22","slug":"visite-du-chateau-et-de-son-donjon","status":"publish","type":"post","link":"https:\/\/www.europesays.com\/fr\/325262\/","title":{"rendered":"Visite du ch\u00e2teau et de son donjon"},"content":{"rendered":"<p>Le ch\u00e2teau de Fl\u00e9ville propose une d\u00e9couverte de son donjon du Moyen-\u00c2ge et du ch\u00e2teau Renaissance. Les visiteurs pourront aussi se promener dans ses parcs et jardins remarquables. Pour les enfants, des costumes de chevaliers et princesses sont pr\u00eat\u00e9s gratuitement.<\/p>\n<p class=\"note\">Jusqu\u2019au 31\u00a0ao\u00fbt, tous les jours, \u00e0 l\u2019exception du lundi, de 14\u00a0h \u00e0 19\u00a0h, au ch\u00e2teau, 5, rue du Ch\u00e2teau, \u00e0 Fl\u00e9ville-devant-Nancy. Tarifs\u00a0: 11\u00a0\u20ac et 9,50\u00a0\u20ac. <\/p>\n","protected":false},"excerpt":{"rendered":"Le ch\u00e2teau de Fl\u00e9ville propose une d\u00e9couverte de son donjon du Moyen-\u00c2ge et du ch\u00e2teau Renaissance. Les visiteurs&hellip;\n","protected":false},"author":2,"featured_media":325263,"comment_status":"","ping_status":"","sticky":false,"template":"","format":"standard","meta":{"footnotes":""},"categories":[9635],"tags":[1111,11,7782,1687,1704,1777,674,9650,1011,27,775,9649,1702,12,2661,25],"class_list":{"0":"post-325262","1":"post","2":"type-post","3":"status-publish","4":"format-standard","5":"has-post-thumbnail","7":"category-nancy","8":"tag-actu","9":"tag-actualites","10":"tag-balades-et-randonnees","11":"tag-culture-loisirs","12":"tag-edition-nancy-et-agglomeration","13":"tag-eu","14":"tag-europe","15":"tag-fleville-devant-nancy","16":"tag-fr","17":"tag-france","18":"tag-grand-est","19":"tag-metropole-du-grand-nancy-54b2","20":"tag-nancy","21":"tag-news","22":"tag-patrimoine-culturel","23":"tag-republique-francaise"},"share_on_mastodon":{"url":"https:\/\/pubeurope.com\/@fr\/115045159615442225","error":""},"_links":{"self":[{"href":"https:\/\/www.europesays.com\/fr\/wp-json\/wp\/v2\/posts\/325262","targetHints":{"allow":["GET"]}}],"collection":[{"href":"https:\/\/www.europesays.com\/fr\/wp-json\/wp\/v2\/posts"}],"about":[{"href":"https:\/\/www.europesays.com\/fr\/wp-json\/wp\/v2\/types\/post"}],"author":[{"embeddable":true,"href":"https:\/\/www.europesays.com\/fr\/wp-json\/wp\/v2\/users\/2"}],"replies":[{"embeddable":true,"href":"https:\/\/www.europesays.com\/fr\/wp-json\/wp\/v2\/comments?post=325262"}],"version-history":[{"count":0,"href":"https:\/\/www.europesays.com\/fr\/wp-json\/wp\/v2\/posts\/325262\/revisions"}],"wp:featuredmedia":[{"embeddable":true,"href":"https:\/\/www.europesays.com\/fr\/wp-json\/wp\/v2\/media\/325263"}],"wp:attachment":[{"href":"https:\/\/www.europesays.com\/fr\/wp-json\/wp\/v2\/media?parent=325262"}],"wp:term":[{"taxonomy":"category","embeddable":true,"href":"https:\/\/www.europesays.com\/fr\/wp-json\/wp\/v2\/categories?post=325262"},{"taxonomy":"post_tag","embeddable":true,"href":"https:\/\/www.europesays.com\/fr\/wp-json\/wp\/v2\/tags?post=325262"}],"curies":[{"name":"wp","href":"https:\/\/api.w.org\/{rel}","templated":true}]}}